{"id":190862,"date":"2020-07-13T11:33:50","date_gmt":"2020-07-13T08:33:50","guid":{"rendered":"http:\/\/arantv.az\/?p=190862"},"modified":"2020-07-13T11:33:50","modified_gmt":"2020-07-13T08:33:50","slug":"mill%c9%99t-v%c9%99kili-%c9%99n-boyuk-z%c9%99rb%c9%99-nikol-pasniyana-d%c9%99y%c9%99c%c9%99k","status":"publish","type":"post","link":"https:\/\/arantv.az\/?p=190862","title":{"rendered":"Mill\u0259t v\u0259kili: &#8220;\u018fn b\u00f6y\u00fck z\u0259rb\u0259 Nikol Pa\u015fniyana d\u0259y\u0259c\u0259k&#8221;"},"content":{"rendered":"<p>Erm\u0259nistanda bel\u0259 bir m\u0259lumat yay\u0131lmaqdad\u0131r ki, bu h\u00fccum n\u0259tic\u0259sind\u0259 \u00e7oxlu sayda erm\u0259ni \u0259sg\u0259ri \u00f6ld\u00fcr\u00fcl\u00fcb&#8221;.<\/p>\n<p>Bunu Qaynarinfo-ya a\u00e7\u0131qlamas\u0131nda Milli M\u0259clisin deputat\u0131 Elman N\u0259sirov deyib. Elman N\u0259sirovun s\u00f6zl\u0259rin\u0259 g\u00f6r\u0259, erm\u0259ni t\u0259r\u0259fi h\u0259r d\u0259f\u0259 a\u011f\u0131r itkil\u0259r\u0259 m\u0259ruz qal\u0131r:<\/p>\n<p>&#8220;Erm\u0259nistan-Az\u0259rbaycan s\u0259rh\u0259ddinin Tovuz istiqam\u0259tind\u0259 Erm\u0259nistan silahl\u0131 q\u00fcvv\u0259l\u0259ri Az\u0259rbaycan\u0131n Ordusunun m\u00f6vqel\u0259rini artilleriya qur\u011fular\u0131ndan istifad\u0259 etm\u0259kl\u0259 at\u0259\u015f\u0259 tutub. M\u0259qs\u0259dl\u0259ri h\u00fccum edib m\u00fc\u0259yy\u0259n m\u00f6vqel\u0259ri \u0259l\u0259 ke\u00e7irm\u0259k idi. Ancaq Az\u0259rbaycan silahl\u0131 q\u00fcvv\u0259l\u0259ri onlar\u0131 yerind\u0259 otuzdurdu. Hakimiyy\u0259t\u0259 m\u00fcxalif\u0259td\u0259 olan erm\u0259ni m\u0259tbuat\u0131n\u0131n yayd\u0131\u011f\u0131 m\u0259lumata g\u00f6r\u0259, bu h\u00fccum n\u0259tic\u0259sind\u0259 Erm\u0259nistan silahl\u0131 q\u00fcvv\u0259l\u0259ri ciddi itkil\u0259r\u0259 m\u0259ruz qal\u0131b. \u00dcmumiyy\u0259tl\u0259, d\u00f6y\u00fc\u015f tarixi d\u0259 g\u00f6st\u0259rir ki, h\u0259r zaman h\u00fccuma ke\u00e7\u0259n t\u0259r\u0259f daha b\u00f6y\u00fck itkiy\u0259 m\u0259ruz qal\u0131r. H\u00fccuma ke\u00e7\u0259n v\u0259 at\u0259\u015fk\u0259si pozan t\u0259r\u0259f m\u0259hz Erm\u0259nistan idi. Erm\u0259nistan\u0131n niy\u0259 bel\u0259 add\u0131m atmas\u0131n\u0131n s\u0259b\u0259bl\u0259ri tam ba\u015fa d\u00fc\u015f\u00fcl\u0259ndir. M\u0259s\u0259l\u0259 ondad\u0131r ki, Erm\u0259nistan iqtisadiyyat\u0131 onsuz da b\u0259rbad v\u0259 \u0259hali ac\u0131nacaql\u0131 v\u0259ziyy\u0259td\u0259dir. Pandemiya d\u00f6vr\u00fcnd\u0259 \u0259halinin sosial durumu v\u0259 \u00f6lk\u0259nin iqtisadi v\u0259ziyy\u0259ti daha da a\u011f\u0131rla\u015f\u0131b&#8221;.<\/p>\n<div id=\"AdviadNativeVideo0\" class=\"AdviadNativeVideo\"><\/div>\n<p><img class=\"imgbcodecent\" src=\"https:\/\/upload.az\/foto\/arxiv\/00_21594627278.jpg\" alt=\"Mill\u0259t v\u0259kili: &quot;\u018fn b\u00f6y\u00fck z\u0259rb\u0259 Nikol Pa\u015fniyana d\u0259y\u0259c\u0259k&quot;\" \/><\/p>\n<p>Deputat\u0131n fikrinc\u0259, bunun \u0259n b\u00f6y\u00fck z\u0259rb\u0259si Erm\u0259nistan\u0131n Ba\u015f naziri Nikol Pa\u015fniyana d\u0259y\u0259c\u0259k:<\/p>\n<p>&#8220;Bel\u0259 v\u0259ziyy\u0259td\u0259 inqilab\u0131n qoxusunu ham\u0131dan yax\u015f\u0131 hiss ed\u0259n Pa\u015fniyan \u00e7ox g\u00f6z\u0259l bilir ki, \u00f6lk\u0259sind\u0259 inqilab lab\u00fcdl\u0259\u015fib v\u0259 inqilab yolu il\u0259 hakimiyy\u0259td\u0259n uzaqla\u015fd\u0131r\u0131l\u0131b, Sarkisyan\u0131n taleyini ya\u015fayacaq. Bel\u0259 olan halda \u0259halinin v\u0259 m\u00fcxalif\u0259tin diqq\u0259tini yay\u0131nd\u0131rmaq \u00fc\u00e7\u00fcn h\u0259rbi avant\u00fcraya ehtiyac var. El\u0259 etm\u0259y\u0259 \u00e7al\u0131\u015f\u0131r ki, diqq\u0259t \u00f6lk\u0259 daxilind\u0259 v\u0259 xaricind\u0259 m\u00fcnaqi\u015f\u0259y\u0259 y\u00f6n\u0259lmi\u015f olsun. Ancaq \u0259ks effektl\u0259 \u00fczl\u0259\u015fdi. Erm\u0259nistan m\u0259tbuat\u0131nda Pa\u015fniyan ciddi t\u0259nqid olunur, onun m\u0259qs\u0259dinin arxas\u0131nda n\u0259yin dayand\u0131\u011f\u0131n\u0131 xalqa izah edirl\u0259r. Bel\u0259 bir m\u0259lumat yay\u0131lmaqdad\u0131r ki, bu h\u00fccum n\u0259tic\u0259sind\u0259 \u00e7oxlu sayda erm\u0259ni \u0259sg\u0259ri \u00f6ld\u00fcr\u00fcl\u00fcb&#8221;.<\/p>\n<p>Deputat yax\u0131n g\u00fcnl\u0259rd\u0259 Erm\u0259nistanda v\u0259ziyy\u0259tin daha da g\u0259rginl\u0259\u015f\u0259c\u0259yini bildirib.<\/p>\n","protected":false},"excerpt":{"rendered":"<p>Erm\u0259nistanda bel\u0259 bir m\u0259lumat yay\u0131lmaqdad\u0131r ki, bu h\u00fccum n\u0259tic\u0259sind\u0259 \u00e7oxlu sayda erm\u0259ni \u0259sg\u0259ri \u00f6ld\u00fcr\u00fcl\u00fcb&#8221;. Bunu Qaynarinfo-ya a\u00e7\u0131qlamas\u0131nda Milli M\u0259clisin deputat\u0131 Elman N\u0259sirov deyib. Elman N\u0259sirovun s\u00f6zl\u0259rin\u0259 g\u00f6r\u0259, erm\u0259ni t\u0259r\u0259fi h\u0259r d\u0259f\u0259 a\u011f\u0131r itkil\u0259r\u0259 m\u0259ruz qal\u0131r: &#8220;Erm\u0259nistan-Az\u0259rbaycan s\u0259rh\u0259ddinin Tovuz istiqam\u0259tind\u0259 Erm\u0259nistan silahl\u0131 q\u00fcvv\u0259l\u0259ri Az\u0259rbaycan\u0131n Ordusunun m\u00f6vqel\u0259rini artilleriya qur\u011fular\u0131ndan istifad\u0259 etm\u0259kl\u0259 at\u0259\u015f\u0259 tutub. M\u0259qs\u0259dl\u0259ri h\u00fccum edib m\u00fc\u0259yy\u0259n m\u00f6vqel\u0259ri \u0259l\u0259 ke\u00e7irm\u0259k idi. Ancaq Az\u0259rbaycan silahl\u0131 q\u00fcvv\u0259l\u0259ri onlar\u0131 yerind\u0259 otuzdurdu. Hakimiyy\u0259t\u0259 m\u00fcxalif\u0259td\u0259 olan erm\u0259ni m\u0259tbuat\u0131n\u0131n yayd\u0131\u011f\u0131 m\u0259lumata g\u00f6r\u0259, bu h\u00fccum n\u0259tic\u0259sind\u0259 Erm\u0259nistan silahl\u0131 q\u00fcvv\u0259l\u0259ri ciddi itkil\u0259r\u0259 m\u0259ruz qal\u0131b. \u00dcmumiyy\u0259tl\u0259, d\u00f6y\u00fc\u015f tarixi d\u0259 g\u00f6st\u0259rir ki,&hellip;<\/p>\n","protected":false},"author":2,"featured_media":190863,"comment_status":"closed","ping_status":"closed","sticky":false,"template":"","format":"standard","meta":{"om_disable_all_campaigns":false,"_monsterinsights_skip_tracking":false,"_monsterinsights_sitenote_active":false,"_monsterinsights_sitenote_note":"","_monsterinsights_sitenote_category":0},"categories":[4],"tags":[],"aioseo_notices":[],"gutentor_comment":0,"rttpg_featured_image_url":{"full":["https:\/\/arantv.az\/wp-content\/uploads\/2020\/07\/1594626946_untitled-1.jpg",649,365,false],"landscape":["https:\/\/arantv.az\/wp-content\/uploads\/2020\/07\/1594626946_untitled-1.jpg",649,365,false],"portraits":["https:\/\/arantv.az\/wp-content\/uploads\/2020\/07\/1594626946_untitled-1.jpg",649,365,false],"thumbnail":["https:\/\/arantv.az\/wp-content\/uploads\/2020\/07\/1594626946_untitled-1-150x150.jpg",150,150,true],"medium":["https:\/\/arantv.az\/wp-content\/uploads\/2020\/07\/1594626946_untitled-1-300x169.jpg",300,169,true],"large":["https:\/\/arantv.az\/wp-content\/uploads\/2020\/07\/1594626946_untitled-1.jpg",640,360,false],"1536x1536":["https:\/\/arantv.az\/wp-content\/uploads\/2020\/07\/1594626946_untitled-1.jpg",649,365,false],"2048x2048":["https:\/\/arantv.az\/wp-content\/uploads\/2020\/07\/1594626946_untitled-1.jpg",649,365,false],"post-thumbnail":["https:\/\/arantv.az\/wp-content\/uploads\/2020\/07\/1594626946_untitled-1-240x172.jpg",240,172,true],"advps-thumb-one":["https:\/\/arantv.az\/wp-content\/uploads\/2020\/07\/1594626946_untitled-1.jpg",649,365,false]},"rttpg_author":{"display_name":"V\u00fcsal Rafiqo\u011flu","author_link":"https:\/\/arantv.az\/?author=2"},"rttpg_comment":0,"rttpg_category":"<a href=\"https:\/\/arantv.az\/?cat=4\" rel=\"category\">Siyas\u0259t<\/a>","rttpg_excerpt":"Erm\u0259nistanda bel\u0259 bir m\u0259lumat yay\u0131lmaqdad\u0131r ki, bu h\u00fccum n\u0259tic\u0259sind\u0259 \u00e7oxlu sayda erm\u0259ni \u0259sg\u0259ri \u00f6ld\u00fcr\u00fcl\u00fcb&#8221;. Bunu Qaynarinfo-ya a\u00e7\u0131qlamas\u0131nda Milli M\u0259clisin deputat\u0131 Elman N\u0259sirov deyib. Elman N\u0259sirovun s\u00f6zl\u0259rin\u0259 g\u00f6r\u0259, erm\u0259ni t\u0259r\u0259fi h\u0259r d\u0259f\u0259 a\u011f\u0131r itkil\u0259r\u0259 m\u0259ruz qal\u0131r: &#8220;Erm\u0259nistan-Az\u0259rbaycan s\u0259rh\u0259ddinin Tovuz istiqam\u0259tind\u0259 Erm\u0259nistan silahl\u0131 q\u00fcvv\u0259l\u0259ri Az\u0259rbaycan\u0131n Ordusunun m\u00f6vqel\u0259rini artilleriya qur\u011fular\u0131ndan istifad\u0259 etm\u0259kl\u0259 at\u0259\u015f\u0259 tutub. M\u0259qs\u0259dl\u0259ri h\u00fccum edib m\u00fc\u0259yy\u0259n&hellip;","_links":{"self":[{"href":"https:\/\/arantv.az\/index.php?rest_route=\/wp\/v2\/posts\/190862"}],"collection":[{"href":"https:\/\/arantv.az\/index.php?rest_route=\/wp\/v2\/posts"}],"about":[{"href":"https:\/\/arantv.az\/index.php?rest_route=\/wp\/v2\/types\/post"}],"author":[{"embeddable":true,"href":"https:\/\/arantv.az\/index.php?rest_route=\/wp\/v2\/users\/2"}],"replies":[{"embeddable":true,"href":"https:\/\/arantv.az\/index.php?rest_route=%2Fwp%2Fv2%2Fcomments&post=190862"}],"version-history":[{"count":0,"href":"https:\/\/arantv.az\/index.php?rest_route=\/wp\/v2\/posts\/190862\/revisions"}],"wp:featuredmedia":[{"embeddable":true,"href":"https:\/\/arantv.az\/index.php?rest_route=\/wp\/v2\/media\/190863"}],"wp:attachment":[{"href":"https:\/\/arantv.az\/index.php?rest_route=%2Fwp%2Fv2%2Fmedia&parent=190862"}],"wp:term":[{"taxonomy":"category","embeddable":true,"href":"https:\/\/arantv.az\/index.php?rest_route=%2Fwp%2Fv2%2Fcategories&post=190862"},{"taxonomy":"post_tag","embeddable":true,"href":"https:\/\/arantv.az\/index.php?rest_route=%2Fwp%2Fv2%2Ftags&post=190862"}],"curies":[{"name":"wp","href":"https:\/\/api.w.org\/{rel}","templated":true}]}}