{"id":190866,"date":"2020-07-13T11:35:12","date_gmt":"2020-07-13T08:35:12","guid":{"rendered":"http:\/\/arantv.az\/?p=190866"},"modified":"2020-07-13T11:35:12","modified_gmt":"2020-07-13T08:35:12","slug":"din-in-xidm%c9%99t-r%c9%99isi-yuks%c9%99k-v%c9%99zif%c9%99y%c9%99-t%c9%99yin-edildi","status":"publish","type":"post","link":"https:\/\/arantv.az\/?p=190866","title":{"rendered":"D\u0130N-in xidm\u0259t r\u0259isi y\u00fcks\u0259k v\u0259zif\u0259y\u0259 t\u0259yin edildi"},"content":{"rendered":"<p>Daxili i\u015fl\u0259r orqanlar\u0131nda daha bir kadr t\u0259yinat\u0131 olub.<\/p>\n<p>ARANTV.AZ x\u0259b\u0259r verir ki, bununla ba\u011fl\u0131 Daxili \u0130\u015fl\u0259r naziri Vilay\u0259t Eyvazov \u0259mr imzalay\u0131b.<\/p>\n<div id=\"AdviadNativeVideo0\" class=\"AdviadNativeVideo\"><\/div>\n<p>\u018fmr\u0259 \u0259sas\u0259n, Daxili \u0130\u015fl\u0259r Nazirliyinin (D\u0130N) Komendant Xidm\u0259tinin r\u0259isi, polis polkovniki Eld\u0259niz M\u0259mm\u0259dov v\u0259zif\u0259sind\u0259n azad edil\u0259r\u0259k Ba\u015f \u0130ctimai T\u0259hl\u00fck\u0259sizlik \u0130dar\u0259sinin r\u0259is m\u00fcavini t\u0259yin olunub.<\/p>\n<p>Qeyd ed\u0259k ki, Daxili \u0130\u015fl\u0259r naziri V.Eyvazovun m\u00fcvafiq \u0259mri il\u0259 D\u0130N-in Ba\u015f T\u0259\u015fkilat-\u0130nspeksiya \u0130dar\u0259sinin r\u0259is m\u00fcavini, polis polkovniki Elman Qas\u0131mov v\u0259zif\u0259sind\u0259n azad olunaraq nazirliyin Daxili T\u0259hqiqatlar \u0130dar\u0259sinin r\u0259isi t\u0259yin edilib.<\/p>\n","protected":false},"excerpt":{"rendered":"<p>Daxili i\u015fl\u0259r orqanlar\u0131nda daha bir kadr t\u0259yinat\u0131 olub. ARANTV.AZ x\u0259b\u0259r verir ki, bununla ba\u011fl\u0131 Daxili \u0130\u015fl\u0259r naziri Vilay\u0259t Eyvazov \u0259mr imzalay\u0131b. \u018fmr\u0259 \u0259sas\u0259n, Daxili \u0130\u015fl\u0259r Nazirliyinin (D\u0130N) Komendant Xidm\u0259tinin r\u0259isi, polis polkovniki Eld\u0259niz M\u0259mm\u0259dov v\u0259zif\u0259sind\u0259n azad edil\u0259r\u0259k Ba\u015f \u0130ctimai T\u0259hl\u00fck\u0259sizlik \u0130dar\u0259sinin r\u0259is m\u00fcavini t\u0259yin olunub. Qeyd ed\u0259k ki, Daxili \u0130\u015fl\u0259r naziri V.Eyvazovun m\u00fcvafiq \u0259mri il\u0259 D\u0130N-in Ba\u015f T\u0259\u015fkilat-\u0130nspeksiya \u0130dar\u0259sinin r\u0259is m\u00fcavini, polis polkovniki Elman Qas\u0131mov v\u0259zif\u0259sind\u0259n azad olunaraq nazirliyin Daxili T\u0259hqiqatlar \u0130dar\u0259sinin r\u0259isi t\u0259yin edilib.<\/p>\n","protected":false},"author":2,"featured_media":190867,"comment_status":"closed","ping_status":"closed","sticky":false,"template":"","format":"standard","meta":{"om_disable_all_campaigns":false,"_monsterinsights_skip_tracking":false,"_monsterinsights_sitenote_active":false,"_monsterinsights_sitenote_note":"","_monsterinsights_sitenote_category":0},"categories":[24],"tags":[],"aioseo_notices":[],"gutentor_comment":0,"rttpg_featured_image_url":{"full":["https:\/\/arantv.az\/wp-content\/uploads\/2020\/07\/def9c26b-c9b8-461c-8292-da01a9eac9e5_21594624509.jpg",650,433,false],"landscape":["https:\/\/arantv.az\/wp-content\/uploads\/2020\/07\/def9c26b-c9b8-461c-8292-da01a9eac9e5_21594624509.jpg",650,433,false],"portraits":["https:\/\/arantv.az\/wp-content\/uploads\/2020\/07\/def9c26b-c9b8-461c-8292-da01a9eac9e5_21594624509.jpg",650,433,false],"thumbnail":["https:\/\/arantv.az\/wp-content\/uploads\/2020\/07\/def9c26b-c9b8-461c-8292-da01a9eac9e5_21594624509-150x150.jpg",150,150,true],"medium":["https:\/\/arantv.az\/wp-content\/uploads\/2020\/07\/def9c26b-c9b8-461c-8292-da01a9eac9e5_21594624509-300x200.jpg",300,200,true],"large":["https:\/\/arantv.az\/wp-content\/uploads\/2020\/07\/def9c26b-c9b8-461c-8292-da01a9eac9e5_21594624509.jpg",640,426,false],"1536x1536":["https:\/\/arantv.az\/wp-content\/uploads\/2020\/07\/def9c26b-c9b8-461c-8292-da01a9eac9e5_21594624509.jpg",650,433,false],"2048x2048":["https:\/\/arantv.az\/wp-content\/uploads\/2020\/07\/def9c26b-c9b8-461c-8292-da01a9eac9e5_21594624509.jpg",650,433,false],"post-thumbnail":["https:\/\/arantv.az\/wp-content\/uploads\/2020\/07\/def9c26b-c9b8-461c-8292-da01a9eac9e5_21594624509-240x172.jpg",240,172,true],"advps-thumb-one":["https:\/\/arantv.az\/wp-content\/uploads\/2020\/07\/def9c26b-c9b8-461c-8292-da01a9eac9e5_21594624509.jpg",650,433,false]},"rttpg_author":{"display_name":"V\u00fcsal Rafiqo\u011flu","author_link":"https:\/\/arantv.az\/?author=2"},"rttpg_comment":0,"rttpg_category":"<a href=\"https:\/\/arantv.az\/?cat=24\" rel=\"category\">Maraql\u0131<\/a>","rttpg_excerpt":"Daxili i\u015fl\u0259r orqanlar\u0131nda daha bir kadr t\u0259yinat\u0131 olub. ARANTV.AZ x\u0259b\u0259r verir ki, bununla ba\u011fl\u0131 Daxili \u0130\u015fl\u0259r naziri Vilay\u0259t Eyvazov \u0259mr imzalay\u0131b. \u018fmr\u0259 \u0259sas\u0259n, Daxili \u0130\u015fl\u0259r Nazirliyinin (D\u0130N) Komendant Xidm\u0259tinin r\u0259isi, polis polkovniki Eld\u0259niz M\u0259mm\u0259dov v\u0259zif\u0259sind\u0259n azad edil\u0259r\u0259k Ba\u015f \u0130ctimai T\u0259hl\u00fck\u0259sizlik \u0130dar\u0259sinin r\u0259is m\u00fcavini t\u0259yin olunub. Qeyd ed\u0259k ki, Daxili \u0130\u015fl\u0259r naziri V.Eyvazovun m\u00fcvafiq \u0259mri il\u0259&hellip;","_links":{"self":[{"href":"https:\/\/arantv.az\/index.php?rest_route=\/wp\/v2\/posts\/190866"}],"collection":[{"href":"https:\/\/arantv.az\/index.php?rest_route=\/wp\/v2\/posts"}],"about":[{"href":"https:\/\/arantv.az\/index.php?rest_route=\/wp\/v2\/types\/post"}],"author":[{"embeddable":true,"href":"https:\/\/arantv.az\/index.php?rest_route=\/wp\/v2\/users\/2"}],"replies":[{"embeddable":true,"href":"https:\/\/arantv.az\/index.php?rest_route=%2Fwp%2Fv2%2Fcomments&post=190866"}],"version-history":[{"count":0,"href":"https:\/\/arantv.az\/index.php?rest_route=\/wp\/v2\/posts\/190866\/revisions"}],"wp:featuredmedia":[{"embeddable":true,"href":"https:\/\/arantv.az\/index.php?rest_route=\/wp\/v2\/media\/190867"}],"wp:attachment":[{"href":"https:\/\/arantv.az\/index.php?rest_route=%2Fwp%2Fv2%2Fmedia&parent=190866"}],"wp:term":[{"taxonomy":"category","embeddable":true,"href":"https:\/\/arantv.az\/index.php?rest_route=%2Fwp%2Fv2%2Fcategories&post=190866"},{"taxonomy":"post_tag","embeddable":true,"href":"https:\/\/arantv.az\/index.php?rest_route=%2Fwp%2Fv2%2Ftags&post=190866"}],"curies":[{"name":"wp","href":"https:\/\/api.w.org\/{rel}","templated":true}]}}