{"id":190896,"date":"2020-07-13T13:37:43","date_gmt":"2020-07-13T10:37:43","guid":{"rendered":"http:\/\/arantv.az\/?p=190896"},"modified":"2020-07-13T13:37:43","modified_gmt":"2020-07-13T10:37:43","slug":"vaqif-d%c9%99rgahli-az%c9%99rbaycan-t%c9%99r%c9%99fi-hec-bir-%c9%99razi-itkisi-verm%c9%99yib","status":"publish","type":"post","link":"https:\/\/arantv.az\/?p=190896","title":{"rendered":"Vaqif D\u0259rgahl\u0131: \u201cAz\u0259rbaycan t\u0259r\u0259fi he\u00e7 bir \u0259razi itkisi verm\u0259yib\u201d"},"content":{"rendered":"<p>\u201cAz\u0259rbaycan\u0131n he\u00e7 bir \u0259razi itkisi olmay\u0131b. D\u00fc\u015fm\u0259nin h\u00fccum c\u0259hdin\u0259 adekvat cavab verilib\u201d.<\/p>\n<p><b>ARANTV.AZ\u00a0<\/b> x\u0259b\u0259r verir ki, bu s\u00f6zl\u0259ri jurnalistl\u0259r\u0259 a\u00e7\u0131qlamas\u0131nda Az\u0259rbaycan Respublikas\u0131n\u0131n M\u00fcdafi\u0259 Nazirliyinin m\u0259tbuat katibi, polkovnik Vaqif D\u0259rgahl\u0131 iyulun 12-d\u0259 erm\u0259ni t\u0259xribat\u0131n\u0131n ba\u015f verdiyi Az\u0259rbaycan-Erm\u0259nistan s\u0259rh\u0259dind\u0259\u00a0v\u0259ziyy\u0259t\u0259 m\u00fcnasib\u0259t bildir\u0259rk\u0259n deyib.<\/p>\n<p>O\u00a0bildirib ki, iyulun 12-d\u0259 Erm\u0259nistan silahl\u0131 q\u00fcvv\u0259l\u0259ri Az\u0259rbaycan-Erm\u0259nistan d\u00f6vl\u0259t s\u0259rh\u0259dinin Tovuz rayonu istiqam\u0259tind\u0259 at\u0259\u015fk\u0259s rejimini kobud \u015f\u0259kild\u0259 pozublar:<\/p>\n<p>\u201cErm\u0259nistan t\u0259r\u0259fi iri\u00e7apl\u0131 silahlardan, minomyotlardan Az\u0259rbaycan Ordusunun yerl\u0259\u015fdiyi m\u00f6vqel\u0259ri at\u0259\u015f\u0259 tutub. D\u00fc\u015fm\u0259nin f\u0259aliyy\u0259tinin qar\u015f\u0131s\u0131n\u0131n al\u0131nmas\u0131 \u00fc\u00e7\u00fcn komandanl\u0131q t\u0259r\u0259find\u0259n q\u0259rar q\u0259bul edilib v\u0259 d\u00fc\u015fm\u0259n\u0259 adekvat cavab verilm\u0259si \u00fc\u00e7\u00fcn t\u0259dbirl\u0259r g\u00f6r\u00fcl\u00fcb.<\/p>\n<p>Erm\u0259nistan t\u0259r\u0259fi t\u0259xribat\u0131n\u0131 davam etdirm\u0259k m\u0259qs\u0259dil\u0259 bizim m\u00f6vqel\u0259rimiz\u0259 h\u00fccum\u00a0etm\u0259y\u0259 c\u0259hd edib. Lakin bu h\u00fccumun da qar\u015f\u0131s\u0131 al\u0131n\u0131b\u201d.<\/p>\n<p>V.D\u0259rgahl\u0131 he\u00e7 bir \u0259razi itkisinin olmad\u0131\u011f\u0131n\u0131 deyib:<\/p>\n<p>\u201cBildirm\u0259k ist\u0259yir\u0259m ki, Erm\u0259nistan silahl\u0131 q\u00fcvv\u0259l\u0259rinin t\u0259xribat xarakterli c\u0259hdl\u0259ri n\u0259tic\u0259 verm\u0259yib. Az\u0259rbaycan\u0131n he\u00e7 bir \u0259razi itkisi yoxdur. El\u0259c\u0259 d\u0259, Az\u0259rbaycan Ordusu \u00f6z tutdu\u011fu m\u00f6vqel\u0259rind\u0259 dayanmaqda davam edir v\u0259 d\u00fc\u015fm\u0259n t\u0259r\u0259f\u0259 qar\u015f\u0131 c\u0259za t\u0259dbirl\u0259ri h\u0259yata ke\u00e7irilir.<\/p>\n<p>Erm\u0259nistan t\u0259r\u0259fi Az\u0259rbaycan\u0131n Tovuz rayonun A\u011fdam k\u0259ndind\u0259 yerl\u0259\u015f\u0259n postlar\u0131m\u0131z\u0131, el\u0259c\u0259 d\u0259 ya\u015fay\u0131\u015f m\u0259nt\u0259q\u0259sini at\u0259\u015f\u0259 tutub. Sakinl\u0259r aras\u0131nda he\u00e7 bir itki yoxdur. Xalq\u0131m\u0131z bilsin ki, Az\u0259rbaycan Ordusu \u00f6z m\u00f6vqel\u0259rind\u0259 xidm\u0259tini davam etdirir\u201d.Oxu.Az<\/p>\n","protected":false},"excerpt":{"rendered":"<p>\u201cAz\u0259rbaycan\u0131n he\u00e7 bir \u0259razi itkisi olmay\u0131b. D\u00fc\u015fm\u0259nin h\u00fccum c\u0259hdin\u0259 adekvat cavab verilib\u201d. ARANTV.AZ\u00a0 x\u0259b\u0259r verir ki, bu s\u00f6zl\u0259ri jurnalistl\u0259r\u0259 a\u00e7\u0131qlamas\u0131nda Az\u0259rbaycan Respublikas\u0131n\u0131n M\u00fcdafi\u0259 Nazirliyinin m\u0259tbuat katibi, polkovnik Vaqif D\u0259rgahl\u0131 iyulun 12-d\u0259 erm\u0259ni t\u0259xribat\u0131n\u0131n ba\u015f verdiyi Az\u0259rbaycan-Erm\u0259nistan s\u0259rh\u0259dind\u0259\u00a0v\u0259ziyy\u0259t\u0259 m\u00fcnasib\u0259t bildir\u0259rk\u0259n deyib. O\u00a0bildirib ki, iyulun 12-d\u0259 Erm\u0259nistan silahl\u0131 q\u00fcvv\u0259l\u0259ri Az\u0259rbaycan-Erm\u0259nistan d\u00f6vl\u0259t s\u0259rh\u0259dinin Tovuz rayonu istiqam\u0259tind\u0259 at\u0259\u015fk\u0259s rejimini kobud \u015f\u0259kild\u0259 pozublar: \u201cErm\u0259nistan t\u0259r\u0259fi iri\u00e7apl\u0131 silahlardan, minomyotlardan Az\u0259rbaycan Ordusunun yerl\u0259\u015fdiyi m\u00f6vqel\u0259ri at\u0259\u015f\u0259 tutub. D\u00fc\u015fm\u0259nin f\u0259aliyy\u0259tinin qar\u015f\u0131s\u0131n\u0131n al\u0131nmas\u0131 \u00fc\u00e7\u00fcn komandanl\u0131q t\u0259r\u0259find\u0259n q\u0259rar q\u0259bul edilib v\u0259 d\u00fc\u015fm\u0259n\u0259 adekvat cavab verilm\u0259si \u00fc\u00e7\u00fcn t\u0259dbirl\u0259r g\u00f6r\u00fcl\u00fcb. Erm\u0259nistan t\u0259r\u0259fi t\u0259xribat\u0131n\u0131&hellip;<\/p>\n","protected":false},"author":2,"featured_media":190897,"comment_status":"closed","ping_status":"closed","sticky":false,"template":"","format":"standard","meta":{"om_disable_all_campaigns":false,"_monsterinsights_skip_tracking":false,"_monsterinsights_sitenote_active":false,"_monsterinsights_sitenote_note":"","_monsterinsights_sitenote_category":0},"categories":[26],"tags":[],"aioseo_notices":[],"gutentor_comment":0,"rttpg_featured_image_url":{"full":["https:\/\/arantv.az\/wp-content\/uploads\/2020\/07\/vaqif.jpg",620,411,false],"landscape":["https:\/\/arantv.az\/wp-content\/uploads\/2020\/07\/vaqif.jpg",620,411,false],"portraits":["https:\/\/arantv.az\/wp-content\/uploads\/2020\/07\/vaqif.jpg",620,411,false],"thumbnail":["https:\/\/arantv.az\/wp-content\/uploads\/2020\/07\/vaqif-150x150.jpg",150,150,true],"medium":["https:\/\/arantv.az\/wp-content\/uploads\/2020\/07\/vaqif-300x199.jpg",300,199,true],"large":["https:\/\/arantv.az\/wp-content\/uploads\/2020\/07\/vaqif.jpg",620,411,false],"1536x1536":["https:\/\/arantv.az\/wp-content\/uploads\/2020\/07\/vaqif.jpg",620,411,false],"2048x2048":["https:\/\/arantv.az\/wp-content\/uploads\/2020\/07\/vaqif.jpg",620,411,false],"post-thumbnail":["https:\/\/arantv.az\/wp-content\/uploads\/2020\/07\/vaqif-240x172.jpg",240,172,true],"advps-thumb-one":["https:\/\/arantv.az\/wp-content\/uploads\/2020\/07\/vaqif.jpg",620,411,false]},"rttpg_author":{"display_name":"V\u00fcsal Rafiqo\u011flu","author_link":"https:\/\/arantv.az\/?author=2"},"rttpg_comment":0,"rttpg_category":"<a href=\"https:\/\/arantv.az\/?cat=26\" rel=\"category\">Sosial<\/a>","rttpg_excerpt":"\u201cAz\u0259rbaycan\u0131n he\u00e7 bir \u0259razi itkisi olmay\u0131b. D\u00fc\u015fm\u0259nin h\u00fccum c\u0259hdin\u0259 adekvat cavab verilib\u201d. ARANTV.AZ\u00a0 x\u0259b\u0259r verir ki, bu s\u00f6zl\u0259ri jurnalistl\u0259r\u0259 a\u00e7\u0131qlamas\u0131nda Az\u0259rbaycan Respublikas\u0131n\u0131n M\u00fcdafi\u0259 Nazirliyinin m\u0259tbuat katibi, polkovnik Vaqif D\u0259rgahl\u0131 iyulun 12-d\u0259 erm\u0259ni t\u0259xribat\u0131n\u0131n ba\u015f verdiyi Az\u0259rbaycan-Erm\u0259nistan s\u0259rh\u0259dind\u0259\u00a0v\u0259ziyy\u0259t\u0259 m\u00fcnasib\u0259t bildir\u0259rk\u0259n deyib. O\u00a0bildirib ki, iyulun 12-d\u0259 Erm\u0259nistan silahl\u0131 q\u00fcvv\u0259l\u0259ri Az\u0259rbaycan-Erm\u0259nistan d\u00f6vl\u0259t s\u0259rh\u0259dinin Tovuz rayonu istiqam\u0259tind\u0259 at\u0259\u015fk\u0259s rejimini&hellip;","_links":{"self":[{"href":"https:\/\/arantv.az\/index.php?rest_route=\/wp\/v2\/posts\/190896"}],"collection":[{"href":"https:\/\/arantv.az\/index.php?rest_route=\/wp\/v2\/posts"}],"about":[{"href":"https:\/\/arantv.az\/index.php?rest_route=\/wp\/v2\/types\/post"}],"author":[{"embeddable":true,"href":"https:\/\/arantv.az\/index.php?rest_route=\/wp\/v2\/users\/2"}],"replies":[{"embeddable":true,"href":"https:\/\/arantv.az\/index.php?rest_route=%2Fwp%2Fv2%2Fcomments&post=190896"}],"version-history":[{"count":0,"href":"https:\/\/arantv.az\/index.php?rest_route=\/wp\/v2\/posts\/190896\/revisions"}],"wp:featuredmedia":[{"embeddable":true,"href":"https:\/\/arantv.az\/index.php?rest_route=\/wp\/v2\/media\/190897"}],"wp:attachment":[{"href":"https:\/\/arantv.az\/index.php?rest_route=%2Fwp%2Fv2%2Fmedia&parent=190896"}],"wp:term":[{"taxonomy":"category","embeddable":true,"href":"https:\/\/arantv.az\/index.php?rest_route=%2Fwp%2Fv2%2Fcategories&post=190896"},{"taxonomy":"post_tag","embeddable":true,"href":"https:\/\/arantv.az\/index.php?rest_route=%2Fwp%2Fv2%2Ftags&post=190896"}],"curies":[{"name":"wp","href":"https:\/\/api.w.org\/{rel}","templated":true}]}}