{"id":19094,"date":"2018-10-15T15:55:28","date_gmt":"2018-10-15T12:55:28","guid":{"rendered":"http:\/\/arantv.az\/?p=19094"},"modified":"2018-10-15T15:55:28","modified_gmt":"2018-10-15T12:55:28","slug":"az%c9%99rbaycanda-ilk-d%c9%99f%c9%99-canli-yayimda-usaq-dunyaya-g%c9%99ldi-video","status":"publish","type":"post","link":"https:\/\/arantv.az\/?p=19094","title":{"rendered":"Az\u0259rbaycanda ilk d\u0259f\u0259 canl\u0131 yay\u0131mda u\u015faq d\u00fcnyaya g\u0259ldi (V\u0130DEO)"},"content":{"rendered":"<div id=\"entry\" class=\"entry\">Az\u0259rbaycan\u0131n efir m\u0259kan\u0131nda ilk d\u0259f\u0259 canl\u0131 yay\u0131mda u\u015faq d\u00fcnyaya g\u0259lib.<\/p>\n<p><strong>ARANTV.AZ<\/strong> x\u0259b\u0259r verir ki, &#8220;Biziml\u0259s\u0259n&#8221; verili\u015find\u0259 efird\u0259 g\u00f6r\u00fcnt\u00fcl\u00fc ba\u011flant\u0131 il\u0259 do\u011fu\u015f prosesind\u0259n kadr verilib.<\/p>\n<p>Mama-ginekoloq Natiq M\u0259h\u0259rr\u0259mov do\u011fu\u015fdan sonra k\u00f6rp\u0259ni g\u00f6st\u0259r\u0259r\u0259k sa\u011flam oldu\u011funu bildirib.<\/p>\n<div id=\"AdributorNativeVideo0\" class=\"AdributorNativeVideo\"><\/div>\n<p>Verili\u015fin vasit\u0259\u00e7iliyi il\u0259 t\u0259m\u0259nnas\u0131z \u0259m\u0259liyyat ba\u015f tutub.<\/p>\n<p>H\u0259min g\u00f6r\u00fcnt\u00fcl\u0259ri t\u0259qdim edirik:<\/p>\n<div class=\"embed-responsive embed-responsive-16by9\"><iframe loading=\"lazy\" id=\"nmqembedid\" class=\"embed-responsive-item\" title=\"video player\" src=\"https:\/\/izle.az\/embed\/Syq3LctMSc030i_TK8gosC-zNTQ0NrAwMAAA\" width=\"600\" height=\"340\" frameborder=\"0\" scrolling=\"no\" allowfullscreen=\"allowfullscreen\" data-mce-fragment=\"1\"><\/iframe><\/div>\n<\/div>\n<p>BAKU.WS<\/p>\n","protected":false},"excerpt":{"rendered":"<p>Az\u0259rbaycan\u0131n efir m\u0259kan\u0131nda ilk d\u0259f\u0259 canl\u0131 yay\u0131mda u\u015faq d\u00fcnyaya g\u0259lib. ARANTV.AZ x\u0259b\u0259r verir ki, &#8220;Biziml\u0259s\u0259n&#8221; verili\u015find\u0259 efird\u0259 g\u00f6r\u00fcnt\u00fcl\u00fc ba\u011flant\u0131 il\u0259 do\u011fu\u015f prosesind\u0259n kadr verilib. Mama-ginekoloq Natiq M\u0259h\u0259rr\u0259mov do\u011fu\u015fdan sonra k\u00f6rp\u0259ni g\u00f6st\u0259r\u0259r\u0259k sa\u011flam oldu\u011funu bildirib. Verili\u015fin vasit\u0259\u00e7iliyi il\u0259 t\u0259m\u0259nnas\u0131z \u0259m\u0259liyyat ba\u015f tutub. H\u0259min g\u00f6r\u00fcnt\u00fcl\u0259ri t\u0259qdim edirik: BAKU.WS<\/p>\n","protected":false},"author":2,"featured_media":19095,"comment_status":"closed","ping_status":"closed","sticky":false,"template":"","format":"standard","meta":{"om_disable_all_campaigns":false,"_monsterinsights_skip_tracking":false,"_monsterinsights_sitenote_active":false,"_monsterinsights_sitenote_note":"","_monsterinsights_sitenote_category":0},"categories":[1],"tags":[],"aioseo_notices":[],"gutentor_comment":0,"rttpg_featured_image_url":{"full":["https:\/\/arantv.az\/wp-content\/uploads\/2018\/10\/1539602259_maxresdefault.jpg",649,364,false],"landscape":["https:\/\/arantv.az\/wp-content\/uploads\/2018\/10\/1539602259_maxresdefault.jpg",649,364,false],"portraits":["https:\/\/arantv.az\/wp-content\/uploads\/2018\/10\/1539602259_maxresdefault.jpg",649,364,false],"thumbnail":["https:\/\/arantv.az\/wp-content\/uploads\/2018\/10\/1539602259_maxresdefault-150x150.jpg",150,150,true],"medium":["https:\/\/arantv.az\/wp-content\/uploads\/2018\/10\/1539602259_maxresdefault-300x168.jpg",300,168,true],"large":["https:\/\/arantv.az\/wp-content\/uploads\/2018\/10\/1539602259_maxresdefault.jpg",640,359,false],"1536x1536":["https:\/\/arantv.az\/wp-content\/uploads\/2018\/10\/1539602259_maxresdefault.jpg",649,364,false],"2048x2048":["https:\/\/arantv.az\/wp-content\/uploads\/2018\/10\/1539602259_maxresdefault.jpg",649,364,false],"post-thumbnail":["https:\/\/arantv.az\/wp-content\/uploads\/2018\/10\/1539602259_maxresdefault-240x172.jpg",240,172,true],"advps-thumb-one":["https:\/\/arantv.az\/wp-content\/uploads\/2018\/10\/1539602259_maxresdefault.jpg",649,364,false]},"rttpg_author":{"display_name":"V\u00fcsal Rafiqo\u011flu","author_link":"https:\/\/arantv.az\/?author=2"},"rttpg_comment":0,"rttpg_category":"<a href=\"https:\/\/arantv.az\/?cat=1\" rel=\"category\">C\u0259miyy\u0259t<\/a>","rttpg_excerpt":"Az\u0259rbaycan\u0131n efir m\u0259kan\u0131nda ilk d\u0259f\u0259 canl\u0131 yay\u0131mda u\u015faq d\u00fcnyaya g\u0259lib. ARANTV.AZ x\u0259b\u0259r verir ki, &#8220;Biziml\u0259s\u0259n&#8221; verili\u015find\u0259 efird\u0259 g\u00f6r\u00fcnt\u00fcl\u00fc ba\u011flant\u0131 il\u0259 do\u011fu\u015f prosesind\u0259n kadr verilib. Mama-ginekoloq Natiq M\u0259h\u0259rr\u0259mov do\u011fu\u015fdan sonra k\u00f6rp\u0259ni g\u00f6st\u0259r\u0259r\u0259k sa\u011flam oldu\u011funu bildirib. Verili\u015fin vasit\u0259\u00e7iliyi il\u0259 t\u0259m\u0259nnas\u0131z \u0259m\u0259liyyat ba\u015f tutub. H\u0259min g\u00f6r\u00fcnt\u00fcl\u0259ri t\u0259qdim edirik: BAKU.WS","_links":{"self":[{"href":"https:\/\/arantv.az\/index.php?rest_route=\/wp\/v2\/posts\/19094"}],"collection":[{"href":"https:\/\/arantv.az\/index.php?rest_route=\/wp\/v2\/posts"}],"about":[{"href":"https:\/\/arantv.az\/index.php?rest_route=\/wp\/v2\/types\/post"}],"author":[{"embeddable":true,"href":"https:\/\/arantv.az\/index.php?rest_route=\/wp\/v2\/users\/2"}],"replies":[{"embeddable":true,"href":"https:\/\/arantv.az\/index.php?rest_route=%2Fwp%2Fv2%2Fcomments&post=19094"}],"version-history":[{"count":0,"href":"https:\/\/arantv.az\/index.php?rest_route=\/wp\/v2\/posts\/19094\/revisions"}],"wp:featuredmedia":[{"embeddable":true,"href":"https:\/\/arantv.az\/index.php?rest_route=\/wp\/v2\/media\/19095"}],"wp:attachment":[{"href":"https:\/\/arantv.az\/index.php?rest_route=%2Fwp%2Fv2%2Fmedia&parent=19094"}],"wp:term":[{"taxonomy":"category","embeddable":true,"href":"https:\/\/arantv.az\/index.php?rest_route=%2Fwp%2Fv2%2Fcategories&post=19094"},{"taxonomy":"post_tag","embeddable":true,"href":"https:\/\/arantv.az\/index.php?rest_route=%2Fwp%2Fv2%2Ftags&post=19094"}],"curies":[{"name":"wp","href":"https:\/\/api.w.org\/{rel}","templated":true}]}}