{"id":19097,"date":"2018-10-15T15:56:52","date_gmt":"2018-10-15T12:56:52","guid":{"rendered":"http:\/\/arantv.az\/?p=19097"},"modified":"2018-10-15T15:56:52","modified_gmt":"2018-10-15T12:56:52","slug":"bakida-itkin-dusmus-kisinin-meyiti-tapildi","status":"publish","type":"post","link":"https:\/\/arantv.az\/?p=19097","title":{"rendered":"Bak\u0131da itkin d\u00fc\u015fm\u00fc\u015f ki\u015finin meyiti tap\u0131ld\u0131"},"content":{"rendered":"<p><strong>Bak\u0131da itkin d\u00fc\u015fm\u00fc\u015f ki\u015finin meyiti tap\u0131l\u0131b.<\/strong><\/p>\n<p><strong>ARANTV.AZ<\/strong> report-a istinad\u0259n\u00a0x\u0259b\u0259r verir ki, X\u0259z\u0259r rayonu, \u015e\u00fcv\u0259lan q\u0259s\u0259b\u0259si, A.\u0130ld\u0131r\u0131m k\u00fc\u00e7\u0259sind\u0259 qaz\u0131nt\u0131 i\u015fl\u0259ri apar\u0131lan zaman insan skeleti a\u015fkar edilib.<\/p>\n<p>Ara\u015fd\u0131rma apar\u0131lan zaman h\u0259min skeletin bu ilin iyul ay\u0131nda M\u0259rd\u0259kan q\u0259s\u0259b\u0259sind\u0259 itkin d\u00fc\u015f\u0259n 1931-ci il t\u0259v\u0259ll\u00fcdl\u00fc A\u011fabala \u015e\u0259rifov olmas\u0131 m\u00fc\u0259yy\u0259n olunub.<\/p>\n<p>\u00d6l\u00fcm\u00fcn s\u0259b\u0259bl\u0259ri ara\u015fd\u0131r\u0131l\u0131r.<\/p>\n","protected":false},"excerpt":{"rendered":"<p>Bak\u0131da itkin d\u00fc\u015fm\u00fc\u015f ki\u015finin meyiti tap\u0131l\u0131b. ARANTV.AZ report-a istinad\u0259n\u00a0x\u0259b\u0259r verir ki, X\u0259z\u0259r rayonu, \u015e\u00fcv\u0259lan q\u0259s\u0259b\u0259si, A.\u0130ld\u0131r\u0131m k\u00fc\u00e7\u0259sind\u0259 qaz\u0131nt\u0131 i\u015fl\u0259ri apar\u0131lan zaman insan skeleti a\u015fkar edilib. Ara\u015fd\u0131rma apar\u0131lan zaman h\u0259min skeletin bu ilin iyul ay\u0131nda M\u0259rd\u0259kan q\u0259s\u0259b\u0259sind\u0259 itkin d\u00fc\u015f\u0259n 1931-ci il t\u0259v\u0259ll\u00fcdl\u00fc A\u011fabala \u015e\u0259rifov olmas\u0131 m\u00fc\u0259yy\u0259n olunub. \u00d6l\u00fcm\u00fcn s\u0259b\u0259bl\u0259ri ara\u015fd\u0131r\u0131l\u0131r.<\/p>\n","protected":false},"author":2,"featured_media":19098,"comment_status":"closed","ping_status":"closed","sticky":false,"template":"","format":"standard","meta":{"om_disable_all_campaigns":false,"_monsterinsights_skip_tracking":false,"_monsterinsights_sitenote_active":false,"_monsterinsights_sitenote_note":"","_monsterinsights_sitenote_category":0},"categories":[5],"tags":[],"aioseo_notices":[],"gutentor_comment":0,"rttpg_featured_image_url":{"full":["https:\/\/arantv.az\/wp-content\/uploads\/2018\/10\/meyid_00111.jpg",482,361,false],"landscape":["https:\/\/arantv.az\/wp-content\/uploads\/2018\/10\/meyid_00111.jpg",482,361,false],"portraits":["https:\/\/arantv.az\/wp-content\/uploads\/2018\/10\/meyid_00111.jpg",482,361,false],"thumbnail":["https:\/\/arantv.az\/wp-content\/uploads\/2018\/10\/meyid_00111-150x150.jpg",150,150,true],"medium":["https:\/\/arantv.az\/wp-content\/uploads\/2018\/10\/meyid_00111-300x225.jpg",300,225,true],"large":["https:\/\/arantv.az\/wp-content\/uploads\/2018\/10\/meyid_00111.jpg",482,361,false],"1536x1536":["https:\/\/arantv.az\/wp-content\/uploads\/2018\/10\/meyid_00111.jpg",482,361,false],"2048x2048":["https:\/\/arantv.az\/wp-content\/uploads\/2018\/10\/meyid_00111.jpg",482,361,false],"post-thumbnail":["https:\/\/arantv.az\/wp-content\/uploads\/2018\/10\/meyid_00111-240x172.jpg",240,172,true],"advps-thumb-one":["https:\/\/arantv.az\/wp-content\/uploads\/2018\/10\/meyid_00111.jpg",482,361,false]},"rttpg_author":{"display_name":"V\u00fcsal Rafiqo\u011flu","author_link":"https:\/\/arantv.az\/?author=2"},"rttpg_comment":0,"rttpg_category":"<a href=\"https:\/\/arantv.az\/?cat=5\" rel=\"category\">Hadis\u0259<\/a>","rttpg_excerpt":"Bak\u0131da itkin d\u00fc\u015fm\u00fc\u015f ki\u015finin meyiti tap\u0131l\u0131b. ARANTV.AZ report-a istinad\u0259n\u00a0x\u0259b\u0259r verir ki, X\u0259z\u0259r rayonu, \u015e\u00fcv\u0259lan q\u0259s\u0259b\u0259si, A.\u0130ld\u0131r\u0131m k\u00fc\u00e7\u0259sind\u0259 qaz\u0131nt\u0131 i\u015fl\u0259ri apar\u0131lan zaman insan skeleti a\u015fkar edilib. Ara\u015fd\u0131rma apar\u0131lan zaman h\u0259min skeletin bu ilin iyul ay\u0131nda M\u0259rd\u0259kan q\u0259s\u0259b\u0259sind\u0259 itkin d\u00fc\u015f\u0259n 1931-ci il t\u0259v\u0259ll\u00fcdl\u00fc A\u011fabala \u015e\u0259rifov olmas\u0131 m\u00fc\u0259yy\u0259n olunub. \u00d6l\u00fcm\u00fcn s\u0259b\u0259bl\u0259ri ara\u015fd\u0131r\u0131l\u0131r.","_links":{"self":[{"href":"https:\/\/arantv.az\/index.php?rest_route=\/wp\/v2\/posts\/19097"}],"collection":[{"href":"https:\/\/arantv.az\/index.php?rest_route=\/wp\/v2\/posts"}],"about":[{"href":"https:\/\/arantv.az\/index.php?rest_route=\/wp\/v2\/types\/post"}],"author":[{"embeddable":true,"href":"https:\/\/arantv.az\/index.php?rest_route=\/wp\/v2\/users\/2"}],"replies":[{"embeddable":true,"href":"https:\/\/arantv.az\/index.php?rest_route=%2Fwp%2Fv2%2Fcomments&post=19097"}],"version-history":[{"count":0,"href":"https:\/\/arantv.az\/index.php?rest_route=\/wp\/v2\/posts\/19097\/revisions"}],"wp:featuredmedia":[{"embeddable":true,"href":"https:\/\/arantv.az\/index.php?rest_route=\/wp\/v2\/media\/19098"}],"wp:attachment":[{"href":"https:\/\/arantv.az\/index.php?rest_route=%2Fwp%2Fv2%2Fmedia&parent=19097"}],"wp:term":[{"taxonomy":"category","embeddable":true,"href":"https:\/\/arantv.az\/index.php?rest_route=%2Fwp%2Fv2%2Fcategories&post=19097"},{"taxonomy":"post_tag","embeddable":true,"href":"https:\/\/arantv.az\/index.php?rest_route=%2Fwp%2Fv2%2Ftags&post=19097"}],"curies":[{"name":"wp","href":"https:\/\/api.w.org\/{rel}","templated":true}]}}