{"id":19107,"date":"2018-10-15T16:17:09","date_gmt":"2018-10-15T13:17:09","guid":{"rendered":"http:\/\/arantv.az\/?p=19107"},"modified":"2018-10-15T16:17:09","modified_gmt":"2018-10-15T13:17:09","slug":"g%c9%99l%c9%99n-ay-bakida-dunya-kuboku-keciril%c9%99c%c9%99k","status":"publish","type":"post","link":"https:\/\/arantv.az\/?p=19107","title":{"rendered":"G\u0259l\u0259n ay Bak\u0131da D\u00fcnya Kuboku ke\u00e7iril\u0259c\u0259k"},"content":{"rendered":"<p>Az\u0259rbaycan Gimnastika Federasiyas\u0131 gimnastikan\u0131n daha bir n\u00f6v\u00fc \u00fczr\u0259 beyn\u0259lxalq turnir\u0259 ev sahibliyi ed\u0259c\u0259k.<\/p>\n<p><strong>ARANTV.AZ\u00a0<\/strong>\u00a0x\u0259b\u0259r verir ki, noyabr\u0131n 17-18-d\u0259 Milli Gimnastika Arenas\u0131nda akrobatika gimnastikas\u0131\u00a0\u00fczr\u0259 D\u00fcnya Kuboku ilk d\u0259f\u0259 \u00f6lk\u0259mizd\u0259 t\u0259\u015fkil olunacaq.<\/p>\n<p>\u0130ki g\u00fcn davam ed\u0259c\u0259k yar\u0131\u015flarda 2003-c\u00fc il t\u0259v\u0259ll\u00fcdl\u00fc v\u0259 daha b\u00f6y\u00fck gimnastlar ki\u015fi c\u00fctl\u00fcy\u00fc, qad\u0131n c\u00fctl\u00fcy\u00fc, qar\u0131\u015f\u0131q c\u00fctl\u00fck, qad\u0131n qrupu v\u0259 ki\u015fi qrupu t\u0259rkibind\u0259 m\u00fcbariz\u0259 aparacaq. \u0130lkin sifari\u015f\u0259 \u0259sas\u0259n, Az\u0259rbaycan akrobatlar\u0131 il\u0259 yana\u015f\u0131, Belarus, \u0130srail, Qazax\u0131stan, Portuqaliya, Rusiya v\u0259 Ukrayna komandalar\u0131 turnird\u0259 i\u015ftirak etm\u0259k \u00fc\u00e7\u00fcn qeydiyyatdan ke\u00e7ib.<\/p>\n<p>\u00d6lk\u0259mizi kubok yar\u0131\u015flar\u0131nda son Avropa \u00e7empionat\u0131n\u0131n b\u00fcr\u00fcnc medal\u00e7\u0131lar\u0131 \u2013 qar\u0131\u015f\u0131q c\u00fctl\u00fckl\u0259rimiz\u00a0<strong>Abdulla \u018fl-M\u0259\u015fayxi<\/strong>\u00a0\u2013\u00a0<strong>Ruhidil Qurbanl\u0131<\/strong>\u00a0v\u0259\u00a0<strong>A\u011fasif R\u0259himov<\/strong>\u00a0\u2013\u00a0<strong>Nurcan Cabbarl\u0131<\/strong>\u00a0t\u0259msil ed\u0259c\u0259kl\u0259r. Ki\u015fi c\u00fctl\u00fckl\u0259ri proqram\u0131nda is\u0259 D\u00fcnya Ya\u015f Qrupu Yar\u0131\u015flar\u0131n\u0131n g\u00fcm\u00fc\u015f medal\u00e7\u0131lar\u0131 \u2013\u00a0<strong>Seymur C\u0259f\u0259rov<\/strong>\u00a0\u2013\u00a0<strong>Murad \u018fkb\u0259rov<\/strong>\u00a0\u0259n yax\u015f\u0131 yer u\u011frunda m\u00fcbariz\u0259 aparacaqlar.<\/p>\n<p><img src=\"https:\/\/www.azernews.az\/media\/2018\/08\/03\/agf_020818.jpg\" \/><\/p>\n<p>oxu.az<\/p>\n","protected":false},"excerpt":{"rendered":"<p>Az\u0259rbaycan Gimnastika Federasiyas\u0131 gimnastikan\u0131n daha bir n\u00f6v\u00fc \u00fczr\u0259 beyn\u0259lxalq turnir\u0259 ev sahibliyi ed\u0259c\u0259k. ARANTV.AZ\u00a0\u00a0x\u0259b\u0259r verir ki, noyabr\u0131n 17-18-d\u0259 Milli Gimnastika Arenas\u0131nda akrobatika gimnastikas\u0131\u00a0\u00fczr\u0259 D\u00fcnya Kuboku ilk d\u0259f\u0259 \u00f6lk\u0259mizd\u0259 t\u0259\u015fkil olunacaq. \u0130ki g\u00fcn davam ed\u0259c\u0259k yar\u0131\u015flarda 2003-c\u00fc il t\u0259v\u0259ll\u00fcdl\u00fc v\u0259 daha b\u00f6y\u00fck gimnastlar ki\u015fi c\u00fctl\u00fcy\u00fc, qad\u0131n c\u00fctl\u00fcy\u00fc, qar\u0131\u015f\u0131q c\u00fctl\u00fck, qad\u0131n qrupu v\u0259 ki\u015fi qrupu t\u0259rkibind\u0259 m\u00fcbariz\u0259 aparacaq. \u0130lkin sifari\u015f\u0259 \u0259sas\u0259n, Az\u0259rbaycan akrobatlar\u0131 il\u0259 yana\u015f\u0131, Belarus, \u0130srail, Qazax\u0131stan, Portuqaliya, Rusiya v\u0259 Ukrayna komandalar\u0131 turnird\u0259 i\u015ftirak etm\u0259k \u00fc\u00e7\u00fcn qeydiyyatdan ke\u00e7ib. \u00d6lk\u0259mizi kubok yar\u0131\u015flar\u0131nda son Avropa \u00e7empionat\u0131n\u0131n b\u00fcr\u00fcnc medal\u00e7\u0131lar\u0131 \u2013 qar\u0131\u015f\u0131q c\u00fctl\u00fckl\u0259rimiz\u00a0Abdulla \u018fl-M\u0259\u015fayxi\u00a0\u2013\u00a0Ruhidil Qurbanl\u0131\u00a0v\u0259\u00a0A\u011fasif&hellip;<\/p>\n","protected":false},"author":2,"featured_media":19108,"comment_status":"closed","ping_status":"closed","sticky":false,"template":"","format":"standard","meta":{"om_disable_all_campaigns":false,"_monsterinsights_skip_tracking":false,"_monsterinsights_sitenote_active":false,"_monsterinsights_sitenote_note":"","_monsterinsights_sitenote_category":0},"categories":[6],"tags":[],"aioseo_notices":[],"gutentor_comment":0,"rttpg_featured_image_url":{"full":["https:\/\/arantv.az\/wp-content\/uploads\/2018\/10\/gimnastika.jpg",620,411,false],"landscape":["https:\/\/arantv.az\/wp-content\/uploads\/2018\/10\/gimnastika.jpg",620,411,false],"portraits":["https:\/\/arantv.az\/wp-content\/uploads\/2018\/10\/gimnastika.jpg",620,411,false],"thumbnail":["https:\/\/arantv.az\/wp-content\/uploads\/2018\/10\/gimnastika-150x150.jpg",150,150,true],"medium":["https:\/\/arantv.az\/wp-content\/uploads\/2018\/10\/gimnastika-300x199.jpg",300,199,true],"large":["https:\/\/arantv.az\/wp-content\/uploads\/2018\/10\/gimnastika.jpg",620,411,false],"1536x1536":["https:\/\/arantv.az\/wp-content\/uploads\/2018\/10\/gimnastika.jpg",620,411,false],"2048x2048":["https:\/\/arantv.az\/wp-content\/uploads\/2018\/10\/gimnastika.jpg",620,411,false],"post-thumbnail":["https:\/\/arantv.az\/wp-content\/uploads\/2018\/10\/gimnastika-240x172.jpg",240,172,true],"advps-thumb-one":["https:\/\/arantv.az\/wp-content\/uploads\/2018\/10\/gimnastika.jpg",620,411,false]},"rttpg_author":{"display_name":"V\u00fcsal Rafiqo\u011flu","author_link":"https:\/\/arantv.az\/?author=2"},"rttpg_comment":0,"rttpg_category":"<a href=\"https:\/\/arantv.az\/?cat=6\" rel=\"category\">\u0130dman<\/a>","rttpg_excerpt":"Az\u0259rbaycan Gimnastika Federasiyas\u0131 gimnastikan\u0131n daha bir n\u00f6v\u00fc \u00fczr\u0259 beyn\u0259lxalq turnir\u0259 ev sahibliyi ed\u0259c\u0259k. ARANTV.AZ\u00a0\u00a0x\u0259b\u0259r verir ki, noyabr\u0131n 17-18-d\u0259 Milli Gimnastika Arenas\u0131nda akrobatika gimnastikas\u0131\u00a0\u00fczr\u0259 D\u00fcnya Kuboku ilk d\u0259f\u0259 \u00f6lk\u0259mizd\u0259 t\u0259\u015fkil olunacaq. \u0130ki g\u00fcn davam ed\u0259c\u0259k yar\u0131\u015flarda 2003-c\u00fc il t\u0259v\u0259ll\u00fcdl\u00fc v\u0259 daha b\u00f6y\u00fck gimnastlar ki\u015fi c\u00fctl\u00fcy\u00fc, qad\u0131n c\u00fctl\u00fcy\u00fc, qar\u0131\u015f\u0131q c\u00fctl\u00fck, qad\u0131n qrupu v\u0259 ki\u015fi qrupu t\u0259rkibind\u0259 m\u00fcbariz\u0259&hellip;","_links":{"self":[{"href":"https:\/\/arantv.az\/index.php?rest_route=\/wp\/v2\/posts\/19107"}],"collection":[{"href":"https:\/\/arantv.az\/index.php?rest_route=\/wp\/v2\/posts"}],"about":[{"href":"https:\/\/arantv.az\/index.php?rest_route=\/wp\/v2\/types\/post"}],"author":[{"embeddable":true,"href":"https:\/\/arantv.az\/index.php?rest_route=\/wp\/v2\/users\/2"}],"replies":[{"embeddable":true,"href":"https:\/\/arantv.az\/index.php?rest_route=%2Fwp%2Fv2%2Fcomments&post=19107"}],"version-history":[{"count":0,"href":"https:\/\/arantv.az\/index.php?rest_route=\/wp\/v2\/posts\/19107\/revisions"}],"wp:featuredmedia":[{"embeddable":true,"href":"https:\/\/arantv.az\/index.php?rest_route=\/wp\/v2\/media\/19108"}],"wp:attachment":[{"href":"https:\/\/arantv.az\/index.php?rest_route=%2Fwp%2Fv2%2Fmedia&parent=19107"}],"wp:term":[{"taxonomy":"category","embeddable":true,"href":"https:\/\/arantv.az\/index.php?rest_route=%2Fwp%2Fv2%2Fcategories&post=19107"},{"taxonomy":"post_tag","embeddable":true,"href":"https:\/\/arantv.az\/index.php?rest_route=%2Fwp%2Fv2%2Ftags&post=19107"}],"curies":[{"name":"wp","href":"https:\/\/api.w.org\/{rel}","templated":true}]}}