{"id":19110,"date":"2018-10-15T16:18:27","date_gmt":"2018-10-15T13:18:27","guid":{"rendered":"http:\/\/arantv.az\/?p=19110"},"modified":"2018-10-15T16:18:27","modified_gmt":"2018-10-15T13:18:27","slug":"az%c9%99rbaycan-v%c9%99t%c9%99ndaslarinin-xarici-olk%c9%99l%c9%99r%c9%99-viza-almaq-prosesi-sad%c9%99l%c9%99sdiril%c9%99c%c9%99k","status":"publish","type":"post","link":"https:\/\/arantv.az\/?p=19110","title":{"rendered":"Az\u0259rbaycan v\u0259t\u0259nda\u015flar\u0131n\u0131n xarici \u00f6lk\u0259l\u0259r\u0259 viza almaq prosesi sad\u0259l\u0259\u015fdiril\u0259c\u0259k"},"content":{"rendered":"<p><strong>&#8220;Az\u0259rbaycan v\u0259t\u0259nda\u015flar\u0131n\u0131n xarici \u00f6lk\u0259l\u0259r\u0259 viza almaq prosesi sad\u0259l\u0259\u015fdiril\u0259c\u0259k. Art\u0131q bir ne\u00e7\u0259 Avropa \u0130ttifaq\u0131 (A\u0130) \u00f6lk\u0259si v\u0259 A\u0130 \u00fczv\u00fc olmayan dig\u0259r bir s\u0131ra \u00f6lk\u0259l\u0259rl\u0259 bu bar\u0259d\u0259 raz\u0131l\u0131q \u0259ld\u0259 olunub&#8221;.<\/strong><\/p>\n<p><strong>ARANTV.AZ<\/strong> trend-\u0259 istinad\u0259n x\u0259b\u0259r verir ki, bunu jurnalistl\u0259r\u0259 Elektron H\u00f6kum\u0259tin \u0130nki\u015faf\u0131 M\u0259rk\u0259zinin direktoru Fariz C\u0259f\u0259rov deyib.<\/p>\n<p>F.C\u0259f\u0259rov bildirib ki, &#8220;ASAN viza&#8221; 2016-c\u0131 ild\u0259 Prezident \u0130lham \u018fliyevin f\u0259rman\u0131 il\u0259 yarad\u0131l\u0131b:<\/p>\n<p>&#8220;\u0130lkin d\u00f6vrd\u0259 konsepsiya ondan ibar\u0259t idi ki, sad\u0259c\u0259 xarici turistl\u0259r elektron portal \u00fcz\u0259rind\u0259n viza \u00fc\u00e7\u00fcn m\u00fcraci\u0259t edirl\u0259r v\u0259 3 i\u015f g\u00fcn\u00fc \u0259rzind\u0259 onlara viza t\u0259qdim olunur. Daha sonra bu m\u00fcdd\u0259t 3 saata endirildi. 2018-ci ilin may ay\u0131n\u0131n 15-d\u0259n etibar\u0259n is\u0259 art\u0131q Az\u0259rbaycan\u0131n beyn\u0259lxalq hava limanlar\u0131nda da viza terminallar\u0131 vasit\u0259sil\u0259 viza \u0259ld\u0259 etm\u0259k olar v\u0259 3 g\u00fcn, 3 saat yox, 2 d\u0259qiq\u0259d\u0259n a\u015fa\u011f\u0131 bir m\u00fcdd\u0259td\u0259 15 \u00f6lk\u0259nin v\u0259t\u0259nda\u015flar\u0131na viza verilir. Biz bu konsepsiyan\u0131 daha da inki\u015faf etdirirk v\u0259 Az\u0259rbaycan v\u0259t\u0259nda\u015flar\u0131n\u0131n da xarici \u00f6lk\u0259l\u0259r\u0259 viza almaq prosesini asanla\u015fd\u0131rmaq istiqam\u0259tind\u0259 i\u015f apar\u0131r\u0131q&#8221;.<\/p>\n<p>M\u0259rk\u0259z direktoru bildirib ki, bu g\u00fcn Az\u0259rbaycan v\u0259t\u0259nda\u015flar\u0131 xarici \u00f6lk\u0259l\u0259r\u0259 viza almaq \u00fc\u00e7\u00fcn s\u0259firlikl\u0259r\u0259 getm\u0259lidirl\u0259r, pasportlar\u0131n\u0131 v\u0259 dig\u0259r s\u0259n\u0259dl\u0259ri t\u0259qdim etm\u0259lidirl\u0259r:<\/p>\n<div id=\"AdributorNativeVideo0\" class=\"AdributorNativeVideo\"><\/div>\n<p>&#8220;Bu proses uzun \u00e7\u0259kir. Biz d\u00fc\u015f\u00fcn\u00fcr\u00fck ki, art\u0131q d\u00fcnyada unikal olan yeni bir model\u0259 ke\u00e7\u0259k. Art\u0131q v\u0259t\u0259nda\u015flar\u0131m\u0131z elektron h\u00f6kum\u0259t portal\u0131na daxil olsun v\u0259 sad\u0259c\u0259 getm\u0259k ist\u0259dikl\u0259ri \u00f6lk\u0259nin ad\u0131n\u0131 se\u00e7sinl\u0259r v\u0259 bununla da onlar\u0131n i\u015fi tamamlans\u0131n v\u0259 bundan sonra elektron h\u00f6kum\u0259t portal\u0131n\u0131n i\u015fi ba\u015flas\u0131n, y\u0259ni s\u0259firlikl\u0259r\u0259 laz\u0131m olan m\u0259lumatlar\u0131 elektron h\u00f6kum\u0259t infrastrukturu \u00fcz\u0259rind\u0259n &#8220;Elektron H\u00f6kum\u0259tin \u0130nki\u015faf\u0131 M\u0259rk\u0259zi&#8221; s\u0259firlikl\u0259r\u0259 t\u0259qdim ed\u0259c\u0259k&#8221;.<\/p>\n<p>M\u0259rk\u0259zin r\u0259hb\u0259ri qeyd edib ki, bu i\u015fin h\u0259yata ke\u00e7irilm\u0259si \u00fc\u00e7\u00fcn bir ne\u00e7\u0259 formatlar \u00fcz\u0259rind\u0259 i\u015f apar\u0131l\u0131r:<\/p>\n<p>&#8220;Ya birba\u015fa konsulluqlara, ya vasit\u0259\u00e7i \u015firk\u0259tl\u0259r\u0259 inteqrasiya olunma modeli ola bil\u0259r. H\u0259r bir model bizim konsepsiyam\u0131zda \u00f6z \u0259ksini tap\u0131r. Bununla ba\u011fl\u0131 biz \u0259ks\u0259r s\u0259firlikl\u0259rl\u0259 g\u00f6r\u00fc\u015fm\u00fc\u015f\u00fck, fikir m\u00fcbadil\u0259si aparm\u0131\u015f\u0131q. F\u0259rqli formatlar \u00fcz\u0259rind\u0259 fikirl\u0259\u015firik ki, h\u0259m Az\u0259rbaycan\u0131n, h\u0259m qar\u015f\u0131 t\u0259r\u0259fin qanunvericiliyin\u0259 tam uy\u011fun olsun. Art\u0131q bir ne\u00e7\u0259 A\u0130 \u00f6lk\u0259si v\u0259 A\u0130 \u00fczv\u00fc olmayan dig\u0259r bir s\u0131ra \u00f6lk\u0259l\u0259rl\u0259 bu bar\u0259d\u0259 raz\u0131l\u0131q \u0259ld\u0259 olunub v\u0259 bu modelin t\u0259tbiq olunmas\u0131 istiqam\u0259tind\u0259 i\u015f apar\u0131l\u0131r&#8221;.<\/p>\n","protected":false},"excerpt":{"rendered":"<p>&#8220;Az\u0259rbaycan v\u0259t\u0259nda\u015flar\u0131n\u0131n xarici \u00f6lk\u0259l\u0259r\u0259 viza almaq prosesi sad\u0259l\u0259\u015fdiril\u0259c\u0259k. Art\u0131q bir ne\u00e7\u0259 Avropa \u0130ttifaq\u0131 (A\u0130) \u00f6lk\u0259si v\u0259 A\u0130 \u00fczv\u00fc olmayan dig\u0259r bir s\u0131ra \u00f6lk\u0259l\u0259rl\u0259 bu bar\u0259d\u0259 raz\u0131l\u0131q \u0259ld\u0259 olunub&#8221;. ARANTV.AZ trend-\u0259 istinad\u0259n x\u0259b\u0259r verir ki, bunu jurnalistl\u0259r\u0259 Elektron H\u00f6kum\u0259tin \u0130nki\u015faf\u0131 M\u0259rk\u0259zinin direktoru Fariz C\u0259f\u0259rov deyib. F.C\u0259f\u0259rov bildirib ki, &#8220;ASAN viza&#8221; 2016-c\u0131 ild\u0259 Prezident \u0130lham \u018fliyevin f\u0259rman\u0131 il\u0259 yarad\u0131l\u0131b: &#8220;\u0130lkin d\u00f6vrd\u0259 konsepsiya ondan ibar\u0259t idi ki, sad\u0259c\u0259 xarici turistl\u0259r elektron portal \u00fcz\u0259rind\u0259n viza \u00fc\u00e7\u00fcn m\u00fcraci\u0259t edirl\u0259r v\u0259 3 i\u015f g\u00fcn\u00fc \u0259rzind\u0259 onlara viza t\u0259qdim olunur. Daha sonra bu m\u00fcdd\u0259t 3 saata endirildi.&hellip;<\/p>\n","protected":false},"author":2,"featured_media":19111,"comment_status":"closed","ping_status":"closed","sticky":false,"template":"","format":"standard","meta":{"om_disable_all_campaigns":false,"_monsterinsights_skip_tracking":false,"_monsterinsights_sitenote_active":false,"_monsterinsights_sitenote_note":"","_monsterinsights_sitenote_category":0},"categories":[1],"tags":[],"aioseo_notices":[],"gutentor_comment":0,"rttpg_featured_image_url":{"full":["https:\/\/arantv.az\/wp-content\/uploads\/2018\/10\/694805.jpg",800,600,false],"landscape":["https:\/\/arantv.az\/wp-content\/uploads\/2018\/10\/694805.jpg",800,600,false],"portraits":["https:\/\/arantv.az\/wp-content\/uploads\/2018\/10\/694805.jpg",800,600,false],"thumbnail":["https:\/\/arantv.az\/wp-content\/uploads\/2018\/10\/694805-150x150.jpg",150,150,true],"medium":["https:\/\/arantv.az\/wp-content\/uploads\/2018\/10\/694805-300x225.jpg",300,225,true],"large":["https:\/\/arantv.az\/wp-content\/uploads\/2018\/10\/694805.jpg",640,480,false],"1536x1536":["https:\/\/arantv.az\/wp-content\/uploads\/2018\/10\/694805.jpg",800,600,false],"2048x2048":["https:\/\/arantv.az\/wp-content\/uploads\/2018\/10\/694805.jpg",800,600,false],"post-thumbnail":["https:\/\/arantv.az\/wp-content\/uploads\/2018\/10\/694805-240x172.jpg",240,172,true],"advps-thumb-one":["https:\/\/arantv.az\/wp-content\/uploads\/2018\/10\/694805.jpg",800,600,false]},"rttpg_author":{"display_name":"V\u00fcsal Rafiqo\u011flu","author_link":"https:\/\/arantv.az\/?author=2"},"rttpg_comment":0,"rttpg_category":"<a href=\"https:\/\/arantv.az\/?cat=1\" rel=\"category\">C\u0259miyy\u0259t<\/a>","rttpg_excerpt":"&#8220;Az\u0259rbaycan v\u0259t\u0259nda\u015flar\u0131n\u0131n xarici \u00f6lk\u0259l\u0259r\u0259 viza almaq prosesi sad\u0259l\u0259\u015fdiril\u0259c\u0259k. Art\u0131q bir ne\u00e7\u0259 Avropa \u0130ttifaq\u0131 (A\u0130) \u00f6lk\u0259si v\u0259 A\u0130 \u00fczv\u00fc olmayan dig\u0259r bir s\u0131ra \u00f6lk\u0259l\u0259rl\u0259 bu bar\u0259d\u0259 raz\u0131l\u0131q \u0259ld\u0259 olunub&#8221;. ARANTV.AZ trend-\u0259 istinad\u0259n x\u0259b\u0259r verir ki, bunu jurnalistl\u0259r\u0259 Elektron H\u00f6kum\u0259tin \u0130nki\u015faf\u0131 M\u0259rk\u0259zinin direktoru Fariz C\u0259f\u0259rov deyib. F.C\u0259f\u0259rov bildirib ki, &#8220;ASAN viza&#8221; 2016-c\u0131 ild\u0259 Prezident \u0130lham \u018fliyevin f\u0259rman\u0131&hellip;","_links":{"self":[{"href":"https:\/\/arantv.az\/index.php?rest_route=\/wp\/v2\/posts\/19110"}],"collection":[{"href":"https:\/\/arantv.az\/index.php?rest_route=\/wp\/v2\/posts"}],"about":[{"href":"https:\/\/arantv.az\/index.php?rest_route=\/wp\/v2\/types\/post"}],"author":[{"embeddable":true,"href":"https:\/\/arantv.az\/index.php?rest_route=\/wp\/v2\/users\/2"}],"replies":[{"embeddable":true,"href":"https:\/\/arantv.az\/index.php?rest_route=%2Fwp%2Fv2%2Fcomments&post=19110"}],"version-history":[{"count":0,"href":"https:\/\/arantv.az\/index.php?rest_route=\/wp\/v2\/posts\/19110\/revisions"}],"wp:featuredmedia":[{"embeddable":true,"href":"https:\/\/arantv.az\/index.php?rest_route=\/wp\/v2\/media\/19111"}],"wp:attachment":[{"href":"https:\/\/arantv.az\/index.php?rest_route=%2Fwp%2Fv2%2Fmedia&parent=19110"}],"wp:term":[{"taxonomy":"category","embeddable":true,"href":"https:\/\/arantv.az\/index.php?rest_route=%2Fwp%2Fv2%2Fcategories&post=19110"},{"taxonomy":"post_tag","embeddable":true,"href":"https:\/\/arantv.az\/index.php?rest_route=%2Fwp%2Fv2%2Ftags&post=19110"}],"curies":[{"name":"wp","href":"https:\/\/api.w.org\/{rel}","templated":true}]}}