{"id":19161,"date":"2018-10-16T08:25:51","date_gmt":"2018-10-16T05:25:51","guid":{"rendered":"http:\/\/arantv.az\/?p=19161"},"modified":"2018-10-16T08:25:51","modified_gmt":"2018-10-16T05:25:51","slug":"m%c9%99mm%c9%99dyarov-az%c9%99rbaycan-danisiqlara-hazirdir","status":"publish","type":"post","link":"https:\/\/arantv.az\/?p=19161","title":{"rendered":"M\u0259mm\u0259dyarov: Az\u0259rbaycan dan\u0131\u015f\u0131qlara haz\u0131rd\u0131r"},"content":{"rendered":"<p>Erm\u0259nistan-Az\u0259rbaycan Da\u011fl\u0131q Qaraba\u011f m\u00fcnaqi\u015f\u0259sinin h\u0259lli b\u00f6lg\u0259nin dayan\u0131ql\u0131 inki\u015faf\u0131 \u00fc\u00e7\u00fcn \u0259n vacib m\u0259s\u0259l\u0259l\u0259rd\u0259n biridir.<\/p>\n<p><strong>ARANTV.AZ<\/strong>-\u0131n m\u0259lumat\u0131na g\u00f6r\u0259, bunu Az\u0259rbaycan Respublikas\u0131n\u0131n xarici i\u015fl\u0259r naziri\u00a0<strong>Elmar M\u0259mm\u0259dyarov<\/strong>\u00a0\u015e\u0259rq T\u0259r\u0259fda\u015fl\u0131\u011f\u0131 \u00f6lk\u0259l\u0259rinin X\u0130N r\u0259hb\u0259rl\u0259rinin g\u00f6r\u00fc\u015f\u00fcnd\u0259 \u00e7\u0131x\u0131\u015f\u0131 zaman\u0131 deyib.<\/p>\n<p>\u201cErm\u0259ni h\u0259mkar\u0131mla ke\u00e7irdiyim iki g\u00f6r\u00fc\u015f, Az\u0259rbaycan Respublikas\u0131n\u0131n prezidenti il\u0259 Erm\u0259nistan ba\u015f naziri aras\u0131nda ba\u015f tutmu\u015f s\u00f6hb\u0259t v\u0259 ba\u011fl\u0131 qap\u0131lar arxas\u0131nda e\u015fitdikl\u0259rimiz biz\u0259 ir\u0259li getm\u0259k imkanlar\u0131 bar\u0259d\u0259 m\u00fcsb\u0259t impuls verir\u201d, &#8211; dey\u0259 nazir bildirib.<\/p>\n<p>E.M\u0259mm\u0259dyarov qeyd edib ki, Erm\u0259nistanda qar\u015f\u0131dan g\u0259l\u0259n se\u00e7kil\u0259rd\u0259n sonra bu \u00f6lk\u0259nin s\u00fclh v\u0259 sabitliy\u0259 n\u0259 d\u0259r\u0259c\u0259d\u0259 haz\u0131r oldu\u011fu daha ayd\u0131n olacaq, bu is\u0259 Erm\u0259nistan\u0131n \u00f6z qo\u015funlar\u0131n\u0131 Az\u0259rbaycan torpaqlar\u0131ndan \u00e7\u0131xarmas\u0131 dem\u0259kdir.<\/p>\n<p>\u201cAz\u0259rbaycan d\u0259f\u0259l\u0259rl\u0259 b\u0259yan etdiyi kimi, substantiv v\u0259 n\u0259tic\u0259y\u0259 y\u00f6n\u0259lik dan\u0131\u015f\u0131qlara haz\u0131rd\u0131r\u201d, &#8211; dey\u0259 X\u0130N ba\u015f\u00e7\u0131s\u0131 vur\u011fulay\u0131b.oxu.az<\/p>\n","protected":false},"excerpt":{"rendered":"<p>Erm\u0259nistan-Az\u0259rbaycan Da\u011fl\u0131q Qaraba\u011f m\u00fcnaqi\u015f\u0259sinin h\u0259lli b\u00f6lg\u0259nin dayan\u0131ql\u0131 inki\u015faf\u0131 \u00fc\u00e7\u00fcn \u0259n vacib m\u0259s\u0259l\u0259l\u0259rd\u0259n biridir. ARANTV.AZ-\u0131n m\u0259lumat\u0131na g\u00f6r\u0259, bunu Az\u0259rbaycan Respublikas\u0131n\u0131n xarici i\u015fl\u0259r naziri\u00a0Elmar M\u0259mm\u0259dyarov\u00a0\u015e\u0259rq T\u0259r\u0259fda\u015fl\u0131\u011f\u0131 \u00f6lk\u0259l\u0259rinin X\u0130N r\u0259hb\u0259rl\u0259rinin g\u00f6r\u00fc\u015f\u00fcnd\u0259 \u00e7\u0131x\u0131\u015f\u0131 zaman\u0131 deyib. \u201cErm\u0259ni h\u0259mkar\u0131mla ke\u00e7irdiyim iki g\u00f6r\u00fc\u015f, Az\u0259rbaycan Respublikas\u0131n\u0131n prezidenti il\u0259 Erm\u0259nistan ba\u015f naziri aras\u0131nda ba\u015f tutmu\u015f s\u00f6hb\u0259t v\u0259 ba\u011fl\u0131 qap\u0131lar arxas\u0131nda e\u015fitdikl\u0259rimiz biz\u0259 ir\u0259li getm\u0259k imkanlar\u0131 bar\u0259d\u0259 m\u00fcsb\u0259t impuls verir\u201d, &#8211; dey\u0259 nazir bildirib. E.M\u0259mm\u0259dyarov qeyd edib ki, Erm\u0259nistanda qar\u015f\u0131dan g\u0259l\u0259n se\u00e7kil\u0259rd\u0259n sonra bu \u00f6lk\u0259nin s\u00fclh v\u0259 sabitliy\u0259 n\u0259 d\u0259r\u0259c\u0259d\u0259 haz\u0131r oldu\u011fu daha ayd\u0131n olacaq, bu is\u0259 Erm\u0259nistan\u0131n \u00f6z qo\u015funlar\u0131n\u0131&hellip;<\/p>\n","protected":false},"author":2,"featured_media":19162,"comment_status":"closed","ping_status":"closed","sticky":false,"template":"","format":"standard","meta":{"om_disable_all_campaigns":false,"_monsterinsights_skip_tracking":false,"_monsterinsights_sitenote_active":false,"_monsterinsights_sitenote_note":"","_monsterinsights_sitenote_category":0},"categories":[4],"tags":[],"aioseo_notices":[],"gutentor_comment":0,"rttpg_featured_image_url":{"full":["https:\/\/arantv.az\/wp-content\/uploads\/2018\/10\/40784946_245685056135492_1192306367596068864_n.jpg",620,426,false],"landscape":["https:\/\/arantv.az\/wp-content\/uploads\/2018\/10\/40784946_245685056135492_1192306367596068864_n.jpg",620,426,false],"portraits":["https:\/\/arantv.az\/wp-content\/uploads\/2018\/10\/40784946_245685056135492_1192306367596068864_n.jpg",620,426,false],"thumbnail":["https:\/\/arantv.az\/wp-content\/uploads\/2018\/10\/40784946_245685056135492_1192306367596068864_n-150x150.jpg",150,150,true],"medium":["https:\/\/arantv.az\/wp-content\/uploads\/2018\/10\/40784946_245685056135492_1192306367596068864_n-300x206.jpg",300,206,true],"large":["https:\/\/arantv.az\/wp-content\/uploads\/2018\/10\/40784946_245685056135492_1192306367596068864_n.jpg",620,426,false],"1536x1536":["https:\/\/arantv.az\/wp-content\/uploads\/2018\/10\/40784946_245685056135492_1192306367596068864_n.jpg",620,426,false],"2048x2048":["https:\/\/arantv.az\/wp-content\/uploads\/2018\/10\/40784946_245685056135492_1192306367596068864_n.jpg",620,426,false],"post-thumbnail":["https:\/\/arantv.az\/wp-content\/uploads\/2018\/10\/40784946_245685056135492_1192306367596068864_n-240x172.jpg",240,172,true],"advps-thumb-one":["https:\/\/arantv.az\/wp-content\/uploads\/2018\/10\/40784946_245685056135492_1192306367596068864_n.jpg",620,426,false]},"rttpg_author":{"display_name":"V\u00fcsal Rafiqo\u011flu","author_link":"https:\/\/arantv.az\/?author=2"},"rttpg_comment":0,"rttpg_category":"<a href=\"https:\/\/arantv.az\/?cat=4\" rel=\"category\">Siyas\u0259t<\/a>","rttpg_excerpt":"Erm\u0259nistan-Az\u0259rbaycan Da\u011fl\u0131q Qaraba\u011f m\u00fcnaqi\u015f\u0259sinin h\u0259lli b\u00f6lg\u0259nin dayan\u0131ql\u0131 inki\u015faf\u0131 \u00fc\u00e7\u00fcn \u0259n vacib m\u0259s\u0259l\u0259l\u0259rd\u0259n biridir. ARANTV.AZ-\u0131n m\u0259lumat\u0131na g\u00f6r\u0259, bunu Az\u0259rbaycan Respublikas\u0131n\u0131n xarici i\u015fl\u0259r naziri\u00a0Elmar M\u0259mm\u0259dyarov\u00a0\u015e\u0259rq T\u0259r\u0259fda\u015fl\u0131\u011f\u0131 \u00f6lk\u0259l\u0259rinin X\u0130N r\u0259hb\u0259rl\u0259rinin g\u00f6r\u00fc\u015f\u00fcnd\u0259 \u00e7\u0131x\u0131\u015f\u0131 zaman\u0131 deyib. \u201cErm\u0259ni h\u0259mkar\u0131mla ke\u00e7irdiyim iki g\u00f6r\u00fc\u015f, Az\u0259rbaycan Respublikas\u0131n\u0131n prezidenti il\u0259 Erm\u0259nistan ba\u015f naziri aras\u0131nda ba\u015f tutmu\u015f s\u00f6hb\u0259t v\u0259 ba\u011fl\u0131 qap\u0131lar arxas\u0131nda e\u015fitdikl\u0259rimiz biz\u0259 ir\u0259li getm\u0259k&hellip;","_links":{"self":[{"href":"https:\/\/arantv.az\/index.php?rest_route=\/wp\/v2\/posts\/19161"}],"collection":[{"href":"https:\/\/arantv.az\/index.php?rest_route=\/wp\/v2\/posts"}],"about":[{"href":"https:\/\/arantv.az\/index.php?rest_route=\/wp\/v2\/types\/post"}],"author":[{"embeddable":true,"href":"https:\/\/arantv.az\/index.php?rest_route=\/wp\/v2\/users\/2"}],"replies":[{"embeddable":true,"href":"https:\/\/arantv.az\/index.php?rest_route=%2Fwp%2Fv2%2Fcomments&post=19161"}],"version-history":[{"count":0,"href":"https:\/\/arantv.az\/index.php?rest_route=\/wp\/v2\/posts\/19161\/revisions"}],"wp:featuredmedia":[{"embeddable":true,"href":"https:\/\/arantv.az\/index.php?rest_route=\/wp\/v2\/media\/19162"}],"wp:attachment":[{"href":"https:\/\/arantv.az\/index.php?rest_route=%2Fwp%2Fv2%2Fmedia&parent=19161"}],"wp:term":[{"taxonomy":"category","embeddable":true,"href":"https:\/\/arantv.az\/index.php?rest_route=%2Fwp%2Fv2%2Fcategories&post=19161"},{"taxonomy":"post_tag","embeddable":true,"href":"https:\/\/arantv.az\/index.php?rest_route=%2Fwp%2Fv2%2Ftags&post=19161"}],"curies":[{"name":"wp","href":"https:\/\/api.w.org\/{rel}","templated":true}]}}