{"id":19164,"date":"2018-10-16T08:26:55","date_gmt":"2018-10-16T05:26:55","guid":{"rendered":"http:\/\/arantv.az\/?p=19164"},"modified":"2018-10-16T08:26:55","modified_gmt":"2018-10-16T05:26:55","slug":"etimad-%c9%99s%c9%99dov-v%c9%99fat-etdi","status":"publish","type":"post","link":"https:\/\/arantv.az\/?p=19164","title":{"rendered":"Etimad \u018fs\u0259dov v\u0259fat etdi"},"content":{"rendered":"<p>Bu g\u00fcn s\u0259h\u0259r saatlar\u0131nda \u201cQaraba\u011f qazil\u0259ri\u201d\u00a0\u0130ctimai Birliyinin s\u0259dri, \u00f6lk\u0259nin tan\u0131nm\u0131\u015f ictimai xadimi, 1-ci qrup Qaraba\u011f qazisi\u00a0<strong>Etimad \u018fs\u0259dov<\/strong>v\u0259fat edib.<\/p>\n<p><strong>ARANTV.AZ<\/strong>-\u0131n m\u0259lumat\u0131na g\u00f6r\u0259,\u00a0bu bar\u0259d\u0259 Qaziler.az sayt\u0131na onun d\u00f6y\u00fc\u015f\u00e7\u00fc dostlar\u0131 x\u0259b\u0259r verib.<\/p>\n<p>E.\u018fs\u0259dov bir ne\u00e7\u0259 m\u00fcdd\u0259t idi ki, a\u011fciy\u0259r x\u0259r\u00e7\u0259ngind\u0259n \u0259ziyy\u0259t \u00e7\u0259kirdi.<\/p>\n<p>\u018fs\u0259dov Etimad Savalan o\u011flu 1963-c\u00fc ilin 20 dekabr\u0131nda A\u011fdam rayonunun Papr\u0259v\u0259nd k\u0259ndind\u0259 anadan olub. 1970-1980-c\u0131 ill\u0259rd\u0259 h\u0259min k\u0259ndd\u0259 orta m\u0259kt\u0259bi\u00a0bitirib. 1982-1984-c\u00fc ill\u0259rd\u0259 sovet ordusu s\u0131ralar\u0131nda h\u0259qiqi h\u0259rbi xidm\u0259td\u0259 olub.<\/p>\n<p>SSR\u0130 d\u00f6vr\u00fcnd\u0259 Rusiyada ya\u015fay\u0131b v\u0259 m\u00fcxt\u0259lif i\u015fl\u0259rd\u0259 \u00e7al\u0131\u015f\u0131b.<\/p>\n<p>1991-ci ild\u0259 erm\u0259ni i\u015f\u011fal\u0131na qar\u015f\u0131 d\u00f6y\u00fc\u015fm\u0259k \u00fc\u00e7\u00fcn Az\u0259rbaycana qay\u0131d\u0131b. 836 sayl\u0131 A\u011fdam \u018frazi \u00d6z\u00fcn\u00fcm\u00fcdafi\u0259 batalyonunda erm\u0259ni i\u015f\u011fal\u00e7\u0131lar\u0131na qar\u015f\u0131 d\u00f6y\u00fc\u015f\u00fcb. 1992-ci ild\u0259 A\u011fd\u0259r\u0259 istiqam\u0259tind\u0259 ged\u0259n d\u00f6y\u00fc\u015fd\u0259 a\u011f\u0131r yaralan\u0131b. Bir aya\u011f\u0131n\u0131 itirib.<\/p>\n<p>1993-c\u00fc ild\u0259n Qaraba\u011f \u018flill\u0259r C\u0259miyy\u0259tinin, 2002-ci ild\u0259n is\u0259 \u201cQaraba\u011f qazil\u0259ri\u201d \u0130ctimai Birliyinin s\u0259dridir.<\/p>\n","protected":false},"excerpt":{"rendered":"<p>Bu g\u00fcn s\u0259h\u0259r saatlar\u0131nda \u201cQaraba\u011f qazil\u0259ri\u201d\u00a0\u0130ctimai Birliyinin s\u0259dri, \u00f6lk\u0259nin tan\u0131nm\u0131\u015f ictimai xadimi, 1-ci qrup Qaraba\u011f qazisi\u00a0Etimad \u018fs\u0259dovv\u0259fat edib. ARANTV.AZ-\u0131n m\u0259lumat\u0131na g\u00f6r\u0259,\u00a0bu bar\u0259d\u0259 Qaziler.az sayt\u0131na onun d\u00f6y\u00fc\u015f\u00e7\u00fc dostlar\u0131 x\u0259b\u0259r verib. E.\u018fs\u0259dov bir ne\u00e7\u0259 m\u00fcdd\u0259t idi ki, a\u011fciy\u0259r x\u0259r\u00e7\u0259ngind\u0259n \u0259ziyy\u0259t \u00e7\u0259kirdi. \u018fs\u0259dov Etimad Savalan o\u011flu 1963-c\u00fc ilin 20 dekabr\u0131nda A\u011fdam rayonunun Papr\u0259v\u0259nd k\u0259ndind\u0259 anadan olub. 1970-1980-c\u0131 ill\u0259rd\u0259 h\u0259min k\u0259ndd\u0259 orta m\u0259kt\u0259bi\u00a0bitirib. 1982-1984-c\u00fc ill\u0259rd\u0259 sovet ordusu s\u0131ralar\u0131nda h\u0259qiqi h\u0259rbi xidm\u0259td\u0259 olub. SSR\u0130 d\u00f6vr\u00fcnd\u0259 Rusiyada ya\u015fay\u0131b v\u0259 m\u00fcxt\u0259lif i\u015fl\u0259rd\u0259 \u00e7al\u0131\u015f\u0131b. 1991-ci ild\u0259 erm\u0259ni i\u015f\u011fal\u0131na qar\u015f\u0131 d\u00f6y\u00fc\u015fm\u0259k \u00fc\u00e7\u00fcn Az\u0259rbaycana qay\u0131d\u0131b. 836 sayl\u0131 A\u011fdam \u018frazi \u00d6z\u00fcn\u00fcm\u00fcdafi\u0259&hellip;<\/p>\n","protected":false},"author":2,"featured_media":19165,"comment_status":"closed","ping_status":"closed","sticky":false,"template":"","format":"standard","meta":{"om_disable_all_campaigns":false,"_monsterinsights_skip_tracking":false,"_monsterinsights_sitenote_active":false,"_monsterinsights_sitenote_note":"","_monsterinsights_sitenote_category":0},"categories":[1],"tags":[],"aioseo_notices":[],"gutentor_comment":0,"rttpg_featured_image_url":{"full":["https:\/\/arantv.az\/wp-content\/uploads\/2018\/10\/Etimad-Esedov_1539670980.jpg",600,434,false],"landscape":["https:\/\/arantv.az\/wp-content\/uploads\/2018\/10\/Etimad-Esedov_1539670980.jpg",600,434,false],"portraits":["https:\/\/arantv.az\/wp-content\/uploads\/2018\/10\/Etimad-Esedov_1539670980.jpg",600,434,false],"thumbnail":["https:\/\/arantv.az\/wp-content\/uploads\/2018\/10\/Etimad-Esedov_1539670980-150x150.jpg",150,150,true],"medium":["https:\/\/arantv.az\/wp-content\/uploads\/2018\/10\/Etimad-Esedov_1539670980-300x217.jpg",300,217,true],"large":["https:\/\/arantv.az\/wp-content\/uploads\/2018\/10\/Etimad-Esedov_1539670980.jpg",600,434,false],"1536x1536":["https:\/\/arantv.az\/wp-content\/uploads\/2018\/10\/Etimad-Esedov_1539670980.jpg",600,434,false],"2048x2048":["https:\/\/arantv.az\/wp-content\/uploads\/2018\/10\/Etimad-Esedov_1539670980.jpg",600,434,false],"post-thumbnail":["https:\/\/arantv.az\/wp-content\/uploads\/2018\/10\/Etimad-Esedov_1539670980-240x172.jpg",240,172,true],"advps-thumb-one":["https:\/\/arantv.az\/wp-content\/uploads\/2018\/10\/Etimad-Esedov_1539670980.jpg",600,434,false]},"rttpg_author":{"display_name":"V\u00fcsal Rafiqo\u011flu","author_link":"https:\/\/arantv.az\/?author=2"},"rttpg_comment":0,"rttpg_category":"<a href=\"https:\/\/arantv.az\/?cat=1\" rel=\"category\">C\u0259miyy\u0259t<\/a>","rttpg_excerpt":"Bu g\u00fcn s\u0259h\u0259r saatlar\u0131nda \u201cQaraba\u011f qazil\u0259ri\u201d\u00a0\u0130ctimai Birliyinin s\u0259dri, \u00f6lk\u0259nin tan\u0131nm\u0131\u015f ictimai xadimi, 1-ci qrup Qaraba\u011f qazisi\u00a0Etimad \u018fs\u0259dovv\u0259fat edib. ARANTV.AZ-\u0131n m\u0259lumat\u0131na g\u00f6r\u0259,\u00a0bu bar\u0259d\u0259 Qaziler.az sayt\u0131na onun d\u00f6y\u00fc\u015f\u00e7\u00fc dostlar\u0131 x\u0259b\u0259r verib. E.\u018fs\u0259dov bir ne\u00e7\u0259 m\u00fcdd\u0259t idi ki, a\u011fciy\u0259r x\u0259r\u00e7\u0259ngind\u0259n \u0259ziyy\u0259t \u00e7\u0259kirdi. \u018fs\u0259dov Etimad Savalan o\u011flu 1963-c\u00fc ilin 20 dekabr\u0131nda A\u011fdam rayonunun Papr\u0259v\u0259nd k\u0259ndind\u0259 anadan olub. 1970-1980-c\u0131 ill\u0259rd\u0259&hellip;","_links":{"self":[{"href":"https:\/\/arantv.az\/index.php?rest_route=\/wp\/v2\/posts\/19164"}],"collection":[{"href":"https:\/\/arantv.az\/index.php?rest_route=\/wp\/v2\/posts"}],"about":[{"href":"https:\/\/arantv.az\/index.php?rest_route=\/wp\/v2\/types\/post"}],"author":[{"embeddable":true,"href":"https:\/\/arantv.az\/index.php?rest_route=\/wp\/v2\/users\/2"}],"replies":[{"embeddable":true,"href":"https:\/\/arantv.az\/index.php?rest_route=%2Fwp%2Fv2%2Fcomments&post=19164"}],"version-history":[{"count":0,"href":"https:\/\/arantv.az\/index.php?rest_route=\/wp\/v2\/posts\/19164\/revisions"}],"wp:featuredmedia":[{"embeddable":true,"href":"https:\/\/arantv.az\/index.php?rest_route=\/wp\/v2\/media\/19165"}],"wp:attachment":[{"href":"https:\/\/arantv.az\/index.php?rest_route=%2Fwp%2Fv2%2Fmedia&parent=19164"}],"wp:term":[{"taxonomy":"category","embeddable":true,"href":"https:\/\/arantv.az\/index.php?rest_route=%2Fwp%2Fv2%2Fcategories&post=19164"},{"taxonomy":"post_tag","embeddable":true,"href":"https:\/\/arantv.az\/index.php?rest_route=%2Fwp%2Fv2%2Ftags&post=19164"}],"curies":[{"name":"wp","href":"https:\/\/api.w.org\/{rel}","templated":true}]}}