{"id":19171,"date":"2018-10-16T08:31:23","date_gmt":"2018-10-16T05:31:23","guid":{"rendered":"http:\/\/arantv.az\/?p=19171"},"modified":"2018-10-16T08:31:23","modified_gmt":"2018-10-16T05:31:23","slug":"az%c9%99rbaycan-dilinin-yeni-orfoqrafiya-lug%c9%99ti-g%c9%99l%c9%99n-il-n%c9%99sr-edil%c9%99c%c9%99k","status":"publish","type":"post","link":"https:\/\/arantv.az\/?p=19171","title":{"rendered":"Az\u0259rbaycan dilinin yeni orfoqrafiya l\u00fc\u011f\u0259ti g\u0259l\u0259n il n\u0259\u015fr edil\u0259c\u0259k"},"content":{"rendered":"<p>Az\u0259rbaycan dilinin yeni orfoqrafiya l\u00fc\u011f\u0259tinin bu ilin sonuna kimi haz\u0131r olmas\u0131, g\u0259l\u0259n ilin birinci yar\u0131s\u0131nda n\u0259\u015fr edilm\u0259si n\u0259z\u0259rd\u0259 tutulur.<\/p>\n<p><strong>ARANTV.AZ<\/strong> trend-\u0259 istinad\u0259n bildirir ki, bunu Orfoqrafiya Komissiyas\u0131n\u0131n s\u0259dr m\u00fcavini, AMEA-n\u0131n vitse-prezidenti, akademik \u0130sa H\u0259bibb\u0259yli deyib.<\/p>\n<p>\u0130.H\u0259bibb\u0259ylinin s\u00f6zl\u0259rin\u0259 g\u00f6r\u0259, haz\u0131rda AMEA Dil\u00e7ilik \u0130nstitutunda orfoqrafiya l\u00fc\u011f\u0259tinin haz\u0131rlanmas\u0131 \u00fcz\u0259rind\u0259 i\u015f apar\u0131l\u0131r:<\/p>\n<div id=\"AdributorNativeVideo0\" class=\"AdributorNativeVideo\"><\/div>\n<p>&#8220;Az\u0259rbaycan dilind\u0259 100 mind\u0259n \u00e7ox s\u00f6z var ki, onlar\u0131n maksimum 1000-i orfoqrafiya qaydalar\u0131 \u0259sas\u0131nda yenil\u0259nm\u0259 t\u0259l\u0259b edir. H\u0259min s\u00f6zl\u0259r d\u0259qiql\u0259\u015fdirilib. Hesab edir\u0259m ki, yenil\u0259nmi\u015f orfoqrafiya qaydalar\u0131 Nazirl\u0259r Kabineti t\u0259r\u0259find\u0259n t\u0259sdiql\u0259ndikd\u0259n sonra Az\u0259rbaycan dilinin m\u00fcst\u0259qillik d\u00f6vr\u00fcn\u00fcn m\u00fck\u0259mm\u0259l, geni\u015f l\u00fc\u011f\u0259tini haz\u0131rlay\u0131b c\u0259miyy\u0259t\u0259 t\u0259qdim ed\u0259 bil\u0259c\u0259yik&#8221;.<\/p>\n<p>Xat\u0131rladaq ki, orfoqrafiya l\u00fc\u011f\u0259ti Az\u0259rbaycan dilinin s\u00f6zl\u0259rinin yaz\u0131l\u0131\u015f\u0131nda \u0259sas m\u0259nb\u0259 hesab edilir. Az\u0259rbaycan dilinin sonuncu orfoqrafiya l\u00fc\u011f\u0259ti 2013-c\u00fc ild\u0259 n\u0259\u015fr edilib.<\/p>\n","protected":false},"excerpt":{"rendered":"<p>Az\u0259rbaycan dilinin yeni orfoqrafiya l\u00fc\u011f\u0259tinin bu ilin sonuna kimi haz\u0131r olmas\u0131, g\u0259l\u0259n ilin birinci yar\u0131s\u0131nda n\u0259\u015fr edilm\u0259si n\u0259z\u0259rd\u0259 tutulur. ARANTV.AZ trend-\u0259 istinad\u0259n bildirir ki, bunu Orfoqrafiya Komissiyas\u0131n\u0131n s\u0259dr m\u00fcavini, AMEA-n\u0131n vitse-prezidenti, akademik \u0130sa H\u0259bibb\u0259yli deyib. \u0130.H\u0259bibb\u0259ylinin s\u00f6zl\u0259rin\u0259 g\u00f6r\u0259, haz\u0131rda AMEA Dil\u00e7ilik \u0130nstitutunda orfoqrafiya l\u00fc\u011f\u0259tinin haz\u0131rlanmas\u0131 \u00fcz\u0259rind\u0259 i\u015f apar\u0131l\u0131r: &#8220;Az\u0259rbaycan dilind\u0259 100 mind\u0259n \u00e7ox s\u00f6z var ki, onlar\u0131n maksimum 1000-i orfoqrafiya qaydalar\u0131 \u0259sas\u0131nda yenil\u0259nm\u0259 t\u0259l\u0259b edir. H\u0259min s\u00f6zl\u0259r d\u0259qiql\u0259\u015fdirilib. Hesab edir\u0259m ki, yenil\u0259nmi\u015f orfoqrafiya qaydalar\u0131 Nazirl\u0259r Kabineti t\u0259r\u0259find\u0259n t\u0259sdiql\u0259ndikd\u0259n sonra Az\u0259rbaycan dilinin m\u00fcst\u0259qillik d\u00f6vr\u00fcn\u00fcn m\u00fck\u0259mm\u0259l, geni\u015f l\u00fc\u011f\u0259tini haz\u0131rlay\u0131b c\u0259miyy\u0259t\u0259 t\u0259qdim ed\u0259&hellip;<\/p>\n","protected":false},"author":2,"featured_media":19172,"comment_status":"closed","ping_status":"closed","sticky":false,"template":"","format":"standard","meta":{"om_disable_all_campaigns":false,"_monsterinsights_skip_tracking":false,"_monsterinsights_sitenote_active":false,"_monsterinsights_sitenote_note":"","_monsterinsights_sitenote_category":0},"categories":[1],"tags":[],"aioseo_notices":[],"gutentor_comment":0,"rttpg_featured_image_url":{"full":["https:\/\/arantv.az\/wp-content\/uploads\/2018\/10\/kitab_2337847476576.jpg",800,600,false],"landscape":["https:\/\/arantv.az\/wp-content\/uploads\/2018\/10\/kitab_2337847476576.jpg",800,600,false],"portraits":["https:\/\/arantv.az\/wp-content\/uploads\/2018\/10\/kitab_2337847476576.jpg",800,600,false],"thumbnail":["https:\/\/arantv.az\/wp-content\/uploads\/2018\/10\/kitab_2337847476576-150x150.jpg",150,150,true],"medium":["https:\/\/arantv.az\/wp-content\/uploads\/2018\/10\/kitab_2337847476576-300x225.jpg",300,225,true],"large":["https:\/\/arantv.az\/wp-content\/uploads\/2018\/10\/kitab_2337847476576.jpg",640,480,false],"1536x1536":["https:\/\/arantv.az\/wp-content\/uploads\/2018\/10\/kitab_2337847476576.jpg",800,600,false],"2048x2048":["https:\/\/arantv.az\/wp-content\/uploads\/2018\/10\/kitab_2337847476576.jpg",800,600,false],"post-thumbnail":["https:\/\/arantv.az\/wp-content\/uploads\/2018\/10\/kitab_2337847476576-240x172.jpg",240,172,true],"advps-thumb-one":["https:\/\/arantv.az\/wp-content\/uploads\/2018\/10\/kitab_2337847476576.jpg",800,600,false]},"rttpg_author":{"display_name":"V\u00fcsal Rafiqo\u011flu","author_link":"https:\/\/arantv.az\/?author=2"},"rttpg_comment":0,"rttpg_category":"<a href=\"https:\/\/arantv.az\/?cat=1\" rel=\"category\">C\u0259miyy\u0259t<\/a>","rttpg_excerpt":"Az\u0259rbaycan dilinin yeni orfoqrafiya l\u00fc\u011f\u0259tinin bu ilin sonuna kimi haz\u0131r olmas\u0131, g\u0259l\u0259n ilin birinci yar\u0131s\u0131nda n\u0259\u015fr edilm\u0259si n\u0259z\u0259rd\u0259 tutulur. ARANTV.AZ trend-\u0259 istinad\u0259n bildirir ki, bunu Orfoqrafiya Komissiyas\u0131n\u0131n s\u0259dr m\u00fcavini, AMEA-n\u0131n vitse-prezidenti, akademik \u0130sa H\u0259bibb\u0259yli deyib. \u0130.H\u0259bibb\u0259ylinin s\u00f6zl\u0259rin\u0259 g\u00f6r\u0259, haz\u0131rda AMEA Dil\u00e7ilik \u0130nstitutunda orfoqrafiya l\u00fc\u011f\u0259tinin haz\u0131rlanmas\u0131 \u00fcz\u0259rind\u0259 i\u015f apar\u0131l\u0131r: &#8220;Az\u0259rbaycan dilind\u0259 100 mind\u0259n \u00e7ox s\u00f6z var&hellip;","_links":{"self":[{"href":"https:\/\/arantv.az\/index.php?rest_route=\/wp\/v2\/posts\/19171"}],"collection":[{"href":"https:\/\/arantv.az\/index.php?rest_route=\/wp\/v2\/posts"}],"about":[{"href":"https:\/\/arantv.az\/index.php?rest_route=\/wp\/v2\/types\/post"}],"author":[{"embeddable":true,"href":"https:\/\/arantv.az\/index.php?rest_route=\/wp\/v2\/users\/2"}],"replies":[{"embeddable":true,"href":"https:\/\/arantv.az\/index.php?rest_route=%2Fwp%2Fv2%2Fcomments&post=19171"}],"version-history":[{"count":0,"href":"https:\/\/arantv.az\/index.php?rest_route=\/wp\/v2\/posts\/19171\/revisions"}],"wp:featuredmedia":[{"embeddable":true,"href":"https:\/\/arantv.az\/index.php?rest_route=\/wp\/v2\/media\/19172"}],"wp:attachment":[{"href":"https:\/\/arantv.az\/index.php?rest_route=%2Fwp%2Fv2%2Fmedia&parent=19171"}],"wp:term":[{"taxonomy":"category","embeddable":true,"href":"https:\/\/arantv.az\/index.php?rest_route=%2Fwp%2Fv2%2Fcategories&post=19171"},{"taxonomy":"post_tag","embeddable":true,"href":"https:\/\/arantv.az\/index.php?rest_route=%2Fwp%2Fv2%2Ftags&post=19171"}],"curies":[{"name":"wp","href":"https:\/\/api.w.org\/{rel}","templated":true}]}}