{"id":19174,"date":"2018-10-16T08:32:36","date_gmt":"2018-10-16T05:32:36","guid":{"rendered":"http:\/\/arantv.az\/?p=19174"},"modified":"2018-10-16T08:32:36","modified_gmt":"2018-10-16T05:32:36","slug":"35-yasli-kisi-coxsayli-x%c9%99sar%c9%99tl%c9%99rl%c9%99-x%c9%99st%c9%99xanaya-g%c9%99tirildi-h%c9%99y%c9%99td%c9%99-yixilmisam-dedi","status":"publish","type":"post","link":"https:\/\/arantv.az\/?p=19174","title":{"rendered":"35 ya\u015fl\u0131 ki\u015fi \u00e7oxsayl\u0131 x\u0259sar\u0259tl\u0259rl\u0259 x\u0259st\u0259xanaya g\u0259tirildi, &#8220;h\u0259y\u0259td\u0259 y\u0131x\u0131lm\u0131\u015fam&#8221; dedi"},"content":{"rendered":"<p>Tovuz rayon sakini m\u00fcxt\u0259lif d\u0259r\u0259c\u0259li x\u0259sar\u0259tl\u0259rl\u0259 x\u0259st\u0259xanaya yerl\u0259\u015fdirilib.<\/p>\n<p><strong>ARANTV.AZ<\/strong> trend-\u0259 istinad\u0259n bildirir ki,\u00a0hadis\u0259 rayonun Vaqif k\u00fc\u00e7\u0259sind\u0259 ba\u015f verib. H\u0259min k\u00fc\u00e7\u0259d\u0259 ya\u015fayan, 1983-c\u00fc il t\u0259v\u0259ll\u00fcdl\u00fc H\u0259mz\u0259yev Samir Faiq o\u011flu, al\u0131n, \u00e7\u0259n\u0259 v\u0259 burun nahiy\u0259sinin \u0259zilmi\u015f \u00e7ap\u0131lm\u0131\u015f \u00e7oxsayl\u0131 yaralar\u0131 il\u0259 x\u0259st\u0259xanaya g\u0259tirilib.<\/p>\n<p>Yaral\u0131 ilkin izahat\u0131nda h\u0259y\u0259tl\u0259rind\u0259 y\u0131x\u0131ld\u0131\u011f\u0131n\u0131 bildirib.<\/p>\n<p>Faktla ba\u011fl\u0131 ara\u015fd\u0131rmalar apar\u0131l\u0131r.<\/p>\n","protected":false},"excerpt":{"rendered":"<p>Tovuz rayon sakini m\u00fcxt\u0259lif d\u0259r\u0259c\u0259li x\u0259sar\u0259tl\u0259rl\u0259 x\u0259st\u0259xanaya yerl\u0259\u015fdirilib. ARANTV.AZ trend-\u0259 istinad\u0259n bildirir ki,\u00a0hadis\u0259 rayonun Vaqif k\u00fc\u00e7\u0259sind\u0259 ba\u015f verib. H\u0259min k\u00fc\u00e7\u0259d\u0259 ya\u015fayan, 1983-c\u00fc il t\u0259v\u0259ll\u00fcdl\u00fc H\u0259mz\u0259yev Samir Faiq o\u011flu, al\u0131n, \u00e7\u0259n\u0259 v\u0259 burun nahiy\u0259sinin \u0259zilmi\u015f \u00e7ap\u0131lm\u0131\u015f \u00e7oxsayl\u0131 yaralar\u0131 il\u0259 x\u0259st\u0259xanaya g\u0259tirilib. Yaral\u0131 ilkin izahat\u0131nda h\u0259y\u0259tl\u0259rind\u0259 y\u0131x\u0131ld\u0131\u011f\u0131n\u0131 bildirib. Faktla ba\u011fl\u0131 ara\u015fd\u0131rmalar apar\u0131l\u0131r.<\/p>\n","protected":false},"author":2,"featured_media":19175,"comment_status":"closed","ping_status":"closed","sticky":false,"template":"","format":"standard","meta":{"om_disable_all_campaigns":false,"_monsterinsights_skip_tracking":false,"_monsterinsights_sitenote_active":false,"_monsterinsights_sitenote_note":"","_monsterinsights_sitenote_category":0},"categories":[5],"tags":[],"aioseo_notices":[],"gutentor_comment":0,"rttpg_featured_image_url":{"full":["https:\/\/arantv.az\/wp-content\/uploads\/2018\/10\/37848484585765633.jpg",800,600,false],"landscape":["https:\/\/arantv.az\/wp-content\/uploads\/2018\/10\/37848484585765633.jpg",800,600,false],"portraits":["https:\/\/arantv.az\/wp-content\/uploads\/2018\/10\/37848484585765633.jpg",800,600,false],"thumbnail":["https:\/\/arantv.az\/wp-content\/uploads\/2018\/10\/37848484585765633-150x150.jpg",150,150,true],"medium":["https:\/\/arantv.az\/wp-content\/uploads\/2018\/10\/37848484585765633-300x225.jpg",300,225,true],"large":["https:\/\/arantv.az\/wp-content\/uploads\/2018\/10\/37848484585765633.jpg",640,480,false],"1536x1536":["https:\/\/arantv.az\/wp-content\/uploads\/2018\/10\/37848484585765633.jpg",800,600,false],"2048x2048":["https:\/\/arantv.az\/wp-content\/uploads\/2018\/10\/37848484585765633.jpg",800,600,false],"post-thumbnail":["https:\/\/arantv.az\/wp-content\/uploads\/2018\/10\/37848484585765633-240x172.jpg",240,172,true],"advps-thumb-one":["https:\/\/arantv.az\/wp-content\/uploads\/2018\/10\/37848484585765633.jpg",800,600,false]},"rttpg_author":{"display_name":"V\u00fcsal Rafiqo\u011flu","author_link":"https:\/\/arantv.az\/?author=2"},"rttpg_comment":0,"rttpg_category":"<a href=\"https:\/\/arantv.az\/?cat=5\" rel=\"category\">Hadis\u0259<\/a>","rttpg_excerpt":"Tovuz rayon sakini m\u00fcxt\u0259lif d\u0259r\u0259c\u0259li x\u0259sar\u0259tl\u0259rl\u0259 x\u0259st\u0259xanaya yerl\u0259\u015fdirilib. ARANTV.AZ trend-\u0259 istinad\u0259n bildirir ki,\u00a0hadis\u0259 rayonun Vaqif k\u00fc\u00e7\u0259sind\u0259 ba\u015f verib. H\u0259min k\u00fc\u00e7\u0259d\u0259 ya\u015fayan, 1983-c\u00fc il t\u0259v\u0259ll\u00fcdl\u00fc H\u0259mz\u0259yev Samir Faiq o\u011flu, al\u0131n, \u00e7\u0259n\u0259 v\u0259 burun nahiy\u0259sinin \u0259zilmi\u015f \u00e7ap\u0131lm\u0131\u015f \u00e7oxsayl\u0131 yaralar\u0131 il\u0259 x\u0259st\u0259xanaya g\u0259tirilib. Yaral\u0131 ilkin izahat\u0131nda h\u0259y\u0259tl\u0259rind\u0259 y\u0131x\u0131ld\u0131\u011f\u0131n\u0131 bildirib. Faktla ba\u011fl\u0131 ara\u015fd\u0131rmalar apar\u0131l\u0131r.","_links":{"self":[{"href":"https:\/\/arantv.az\/index.php?rest_route=\/wp\/v2\/posts\/19174"}],"collection":[{"href":"https:\/\/arantv.az\/index.php?rest_route=\/wp\/v2\/posts"}],"about":[{"href":"https:\/\/arantv.az\/index.php?rest_route=\/wp\/v2\/types\/post"}],"author":[{"embeddable":true,"href":"https:\/\/arantv.az\/index.php?rest_route=\/wp\/v2\/users\/2"}],"replies":[{"embeddable":true,"href":"https:\/\/arantv.az\/index.php?rest_route=%2Fwp%2Fv2%2Fcomments&post=19174"}],"version-history":[{"count":0,"href":"https:\/\/arantv.az\/index.php?rest_route=\/wp\/v2\/posts\/19174\/revisions"}],"wp:featuredmedia":[{"embeddable":true,"href":"https:\/\/arantv.az\/index.php?rest_route=\/wp\/v2\/media\/19175"}],"wp:attachment":[{"href":"https:\/\/arantv.az\/index.php?rest_route=%2Fwp%2Fv2%2Fmedia&parent=19174"}],"wp:term":[{"taxonomy":"category","embeddable":true,"href":"https:\/\/arantv.az\/index.php?rest_route=%2Fwp%2Fv2%2Fcategories&post=19174"},{"taxonomy":"post_tag","embeddable":true,"href":"https:\/\/arantv.az\/index.php?rest_route=%2Fwp%2Fv2%2Ftags&post=19174"}],"curies":[{"name":"wp","href":"https:\/\/api.w.org\/{rel}","templated":true}]}}