{"id":19181,"date":"2018-10-16T08:40:07","date_gmt":"2018-10-16T05:40:07","guid":{"rendered":"http:\/\/arantv.az\/?p=19181"},"modified":"2018-10-16T08:40:07","modified_gmt":"2018-10-16T05:40:07","slug":"ilham-%c9%99liyev-heyd%c9%99r-%c9%99liyev-fondunun-t%c9%99s%c9%99bbusu-il%c9%99-insa-olunmus-100-yerlik-lerik-s%c9%99h%c9%99r-2-sayli-korp%c9%99l%c9%99r-evi-usaq-bagcasinin-acilisinda-istirak-edib","status":"publish","type":"post","link":"https:\/\/arantv.az\/?p=19181","title":{"rendered":"\u0130lham \u018fliyev Heyd\u0259r \u018fliyev Fondunun t\u0259\u015f\u0259bb\u00fcs\u00fc il\u0259 in\u015fa olunmu\u015f 100 yerlik Lerik \u015f\u0259h\u0259r 2 sayl\u0131 k\u00f6rp\u0259l\u0259r evi-u\u015faq ba\u011f\u00e7as\u0131n\u0131n a\u00e7\u0131l\u0131\u015f\u0131nda i\u015ftirak edib"},"content":{"rendered":"<p class=\"\"><strong>ARANTV.AZ<\/strong> x\u0259b\u0259r verir ki, Az\u0259rbaycan Respublikas\u0131n\u0131n Prezidenti \u0130lham \u018fliyev Heyd\u0259r \u018fliyev Fondunun t\u0259\u015f\u0259bb\u00fcs\u00fc il\u0259 in\u015fa olunmu\u015f 100 yerlik Lerik \u015f\u0259h\u0259r 2 sayl\u0131 k\u00f6rp\u0259l\u0259r evi-u\u015faq ba\u011f\u00e7as\u0131n\u0131n a\u00e7\u0131l\u0131\u015f\u0131nda i\u015ftirak edib.<\/p>\n<p>Az\u0259rbaycan Prezidenti u\u015faq ba\u011f\u00e7as\u0131n\u0131n r\u0259mzi a\u00e7\u0131l\u0131\u015f\u0131n\u0131 bildir\u0259n lenti k\u0259sdi.<\/p>\n<p>U\u015faqlar\u0131n sosial m\u00fcdafi\u0259sinin g\u00fccl\u0259ndirilm\u0259si, onlar\u0131n sa\u011flam v\u0259 xo\u015fb\u0259xt b\u00f6y\u00fcm\u0259si bu g\u00fcn d\u00f6vl\u0259timizin h\u0259yata ke\u00e7irdiyi siyas\u0259td\u0259 m\u00fch\u00fcm yer tutur. Respublikam\u0131z\u0131n b\u00fct\u00fcn b\u00f6lg\u0259l\u0259rind\u0259 yeni k\u00f6rp\u0259l\u0259r evi-u\u015faq ba\u011f\u00e7alar\u0131n\u0131n in\u015fas\u0131, onlar\u0131n m\u00fcasir avadanl\u0131qla t\u0259chiz edilm\u0259si bunun \u0259yani t\u0259sdiqidir. Yeni u\u015faq t\u0259rbiy\u0259 m\u00fc\u0259ssis\u0259l\u0259rinin in\u015fas\u0131na, el\u0259c\u0259 d\u0259 m\u00f6vcud olanlar\u0131n \u0259n m\u00fcasir t\u0259l\u0259bl\u0259r s\u0259viyy\u0259sind\u0259 yenid\u0259n qurulmas\u0131na d\u00f6vl\u0259t t\u0259r\u0259find\u0259n b\u00f6y\u00fck d\u0259st\u0259k verilir. Bu istiqam\u0259td\u0259 h\u0259yata ke\u00e7iril\u0259n D\u00f6vl\u0259t proqramlar\u0131 il\u0259 yana\u015f\u0131, Heyd\u0259r \u018fliyev Fondu da bu sah\u0259y\u0259 x\u00fcsusi t\u00f6hf\u0259 verir. Fondun m\u0259kt\u0259b\u0259q\u0259d\u0259r t\u0259rbiy\u0259 m\u00fc\u0259ssis\u0259l\u0259rinin yenid\u0259n qurulmas\u0131 il\u0259 ba\u011fl\u0131 h\u0259yata ke\u00e7irdiyi layih\u0259l\u0259ri bu bax\u0131mdan \u00e7ox m\u00fch\u00fcm rol oynay\u0131r. Heyd\u0259r \u018fliyev Fondunun \u201cM\u0259kt\u0259b\u0259q\u0259d\u0259r t\u0259hsil m\u00fc\u0259ssis\u0259l\u0259rinin inki\u015faf\u0131\u201d proqram\u0131 u\u015faqlar\u0131n t\u0259lim-t\u0259rbiy\u0259sinin, onlar\u0131n bilikli v\u0259 savadl\u0131 yeti\u015fm\u0259sinin Fondun f\u0259aliyy\u0259tinin \u0259sas istiqam\u0259tl\u0259rind\u0259n birini t\u0259\u015fkil etdiyini bir daha s\u00fcbut edir.<\/p>\n<p>Heyd\u0259r \u018fliyev Fondunun t\u0259\u015f\u0259bb\u00fcs\u00fc il\u0259 in\u015fa edilmi\u015f ba\u011f\u00e7alardan biri d\u0259 Lerik \u015f\u0259h\u0259r 2 sayl\u0131 k\u00f6rp\u0259l\u0259r evi-u\u015faq ba\u011f\u00e7as\u0131d\u0131r. Bu c\u00fcr g\u00f6z\u0259l v\u0259 h\u0259rt\u0259r\u0259fli \u015f\u0259raiti olan k\u00f6rp\u0259l\u0259r evi-u\u015faq ba\u011f\u00e7alar\u0131n\u0131n istifad\u0259y\u0259 verilm\u0259si bir daha s\u00fcbut edir ki, d\u00f6vl\u0259timizl\u0259 b\u0259rab\u0259r, Az\u0259rbaycan\u0131n birinci xan\u0131m\u0131 Mehriban \u018fliyevan\u0131n r\u0259hb\u0259rlik etdiyi Heyd\u0259r \u018fliyev Fondu da g\u0259l\u0259c\u0259yimiz olan u\u015faqlarla ba\u011fl\u0131 b\u00fct\u00fcn m\u0259s\u0259l\u0259l\u0259r\u0259 x\u00fcsusi h\u0259ssasl\u0131qla yana\u015f\u0131r, onlar\u0131n sa\u011flam v\u0259 xo\u015fb\u0259xt b\u00f6y\u00fcm\u0259si \u00fc\u00e7\u00fcn \u0259lind\u0259n g\u0259l\u0259ni \u0259sirg\u0259mir. M\u00fcasir g\u00f6rk\u0259mi il\u0259 se\u00e7il\u0259n bel\u0259 m\u00fc\u0259ssis\u0259l\u0259r h\u0259m d\u0259 yerl\u0259\u015fdiyi \u0259razinin g\u00f6z\u0259lliyini daha da art\u0131r\u0131r.<\/p>\n<p>Bildirildi ki, bu u\u015faq m\u00fc\u0259ssis\u0259nin in\u015fas\u0131na 2015-ci ilin may\u0131nda ba\u015flan\u0131l\u0131b. \u0130n\u015faat i\u015fl\u0259ri 2018-ci ilin may\u0131nda yekunla\u015f\u0131b. \u0130kim\u0259rt\u0259b\u0259li binada qrup, yataq, yem\u0259k otaqlar\u0131 v\u0259 xidm\u0259ti otaqlar var. Burada, eyni zamanda, musiqi v\u0259 gimnastika, h\u0259m\u00e7inin komp\u00fcter ota\u011f\u0131 da balacalar\u0131n ixtiyar\u0131na verilib. M\u00fcxt\u0259lif qruplar\u0131n f\u0259aliyy\u0259t g\u00f6st\u0259r\u0259c\u0259yi ba\u011f\u00e7ada u\u015faqlar\u0131n t\u0259lim-t\u0259rbiy\u0259si il\u0259 y\u00fcks\u0259k s\u0259viyy\u0259d\u0259 m\u0259\u015f\u011ful olmaq, onlar\u0131n istedadlar\u0131n\u0131 \u00fcz\u0259 \u00e7\u0131xarmaq \u00fc\u00e7\u00fcn h\u0259rt\u0259r\u0259fli \u015f\u0259rait yarad\u0131l\u0131b. Otaqlar\u0131n ham\u0131s\u0131 z\u0259ruri avadanl\u0131q v\u0259 \u0259yani vasit\u0259l\u0259rl\u0259 t\u0259chiz olunub. K\u00f6rp\u0259l\u0259r evi-u\u015faq ba\u011f\u00e7as\u0131n\u0131n \u0259razisind\u0259 balacalar\u0131n \u0259yl\u0259nm\u0259si \u00fc\u00e7\u00fcn meydan\u00e7a yarad\u0131l\u0131b.<\/p>\n<p>M\u00fc\u0259ssis\u0259d\u0259 22 n\u0259f\u0259rin daimi i\u015fl\u0259 t\u0259min edilm\u0259si n\u0259z\u0259rd\u0259 tutulub.<\/p>\n<p>B\u00fct\u00fcn bunlar bir daha da g\u00f6st\u0259rir ki, Heyd\u0259r \u018fliyev Fondunun t\u0259hsill\u0259 ba\u011fl\u0131 f\u0259aliyy\u0259t dair\u0259sind\u0259 m\u0259kt\u0259b\u0259q\u0259d\u0259r t\u0259hsil m\u00fc\u0259ssis\u0259l\u0259rinin yenid\u0259n qurulmas\u0131na, bu sah\u0259d\u0259 ciddi keyfiyy\u0259t d\u0259yi\u015fikliyin\u0259 nail olunmas\u0131na geni\u015f yer ayr\u0131l\u0131b. \u00dcmumilikd\u0259, \u00f6lk\u0259d\u0259 son ill\u0259rd\u0259 u\u015faqlar\u0131n sosial m\u00fcdafi\u0259sinin g\u00fccl\u0259ndirilm\u0259si v\u0259 onlar\u0131n xo\u015fb\u0259xt b\u00f6y\u00fcm\u0259l\u0259ri namin\u0259 olduqca m\u00fch\u00fcm layih\u0259l\u0259r icra edilib. Bunlar\u0131n aras\u0131nda m\u00f6vcud k\u00f6rp\u0259l\u0259r evi-u\u015faq ba\u011f\u00e7alar\u0131n\u0131n \u0259sasl\u0131 t\u0259miri il\u0259 yana\u015f\u0131, yeni-yeni bu c\u00fcr m\u00fcasir m\u00fc\u0259ssis\u0259l\u0259rin yarad\u0131lmas\u0131 vacib \u0259h\u0259miyy\u0259t k\u0259sb edir.<\/p>\n<div class=\"fotorama--hidden\"><\/div>\n<div class=\"article-carousel fotorama fotorama1539668309209\" data-autoplay=\"true\" data-ratio=\"660\/430\" data-width=\"100%\">\n<div class=\"fotorama__wrap fotorama__wrap--css3 fotorama__wrap--slide fotorama__wrap--toggle-arrows fotorama__wrap--no-controls\">\n<div class=\"fotorama__stage fotorama__pointer\">\n<div class=\"fotorama__stage__shaft\">\n<div class=\"fotorama__stage__frame fotorama__loaded fotorama__loaded--img\"><img class=\"fotorama__img\" src=\"https:\/\/static.president.az\/media\/W1siZiIsIjIwMTgvMTAvMTUvNWNuejJhMXRwZl8wMDIuanBnIl0sWyJwIiwidGh1bWIiLCIxMzQweDEwMjAiXV0?sha=601a4a7e7ae5ebf1\" \/><\/div>\n<div class=\"fotorama__stage__frame fotorama__loaded fotorama__loaded--img fotorama__active\"><img class=\"fotorama__img\" src=\"https:\/\/static.president.az\/media\/W1siZiIsIjIwMTgvMTAvMTUvNjBvMHRpamV3Ml8wMDMuanBnIl0sWyJwIiwidGh1bWIiLCIxMzQweDEwMjAiXV0?sha=c53bdfa4a3b746e9\" \/><\/div>\n<div class=\"fotorama__stage__frame\"><\/div>\n<\/div>\n<div class=\"fotorama__arr fotorama__arr--prev\" tabindex=\"0\" role=\"button\"><\/div>\n<div class=\"fotorama__arr fotorama__arr--next\" tabindex=\"0\" role=\"button\"><\/div>\n<div class=\"fotorama__video-close\"><\/div>\n<\/div>\n<div class=\"fotorama__nav-wrap\">\n<div class=\"fotorama__nav fotorama__nav--dots\">\n<div class=\"fotorama__nav__shaft\">\n<div class=\"fotorama__nav__frame fotorama__nav__frame--dot\" tabindex=\"0\" role=\"button\">\n<div class=\"fotorama__dot\"><\/div>\n<\/div>\n<div class=\"fotorama__nav__frame fotorama__nav__frame--dot\" tabindex=\"0\" role=\"button\">\n<div class=\"fotorama__dot\"><\/div>\n<\/div>\n<div class=\"fotorama__nav__frame fotorama__nav__frame--dot fotorama__active\" tabindex=\"0\" role=\"button\">\n<div class=\"fotorama__dot\"><\/div>\n<\/div>\n<div class=\"fotorama__nav__frame fotorama__nav__frame--dot\" tabindex=\"0\" role=\"button\">\n<div class=\"fotorama__dot\"><\/div>\n<\/div>\n<div class=\"fotorama__nav__frame fotorama__nav__frame--dot\" tabindex=\"0\" role=\"button\">\n<div class=\"fotorama__dot\"><\/div>\n<\/div>\n<div class=\"fotorama__nav__frame fotorama__nav__frame--dot\" tabindex=\"0\" role=\"button\">\n<div class=\"fotorama__dot\"><\/div>\n<\/div>\n<div class=\"fotorama__nav__frame fotorama__nav__frame--dot\" tabindex=\"0\" role=\"button\">\n<div class=\"fotorama__dot\"><\/div>\n<\/div>\n<div class=\"fotorama__nav__frame fotorama__nav__frame--dot\" tabindex=\"0\" role=\"button\">\n<div class=\"fotorama__dot\"><\/div>\n<\/div>\n<div class=\"fotorama__nav__frame fotorama__nav__frame--dot\" tabindex=\"0\" role=\"button\">\n<div class=\"fotorama__dot\"><\/div>\n<\/div>\n<div class=\"fotorama__nav__frame fotorama__nav__frame--dot\" tabindex=\"0\" role=\"button\">\n<div class=\"fotorama__dot\"><\/div>\n<\/div>\n<\/div>\n<\/div>\n<\/div>\n<\/div>\n<\/div>\n<div class=\"link-to_block\"><\/div>\n","protected":false},"excerpt":{"rendered":"<p>ARANTV.AZ x\u0259b\u0259r verir ki, Az\u0259rbaycan Respublikas\u0131n\u0131n Prezidenti \u0130lham \u018fliyev Heyd\u0259r \u018fliyev Fondunun t\u0259\u015f\u0259bb\u00fcs\u00fc il\u0259 in\u015fa olunmu\u015f 100 yerlik Lerik \u015f\u0259h\u0259r 2 sayl\u0131 k\u00f6rp\u0259l\u0259r evi-u\u015faq ba\u011f\u00e7as\u0131n\u0131n a\u00e7\u0131l\u0131\u015f\u0131nda i\u015ftirak edib. Az\u0259rbaycan Prezidenti u\u015faq ba\u011f\u00e7as\u0131n\u0131n r\u0259mzi a\u00e7\u0131l\u0131\u015f\u0131n\u0131 bildir\u0259n lenti k\u0259sdi. U\u015faqlar\u0131n sosial m\u00fcdafi\u0259sinin g\u00fccl\u0259ndirilm\u0259si, onlar\u0131n sa\u011flam v\u0259 xo\u015fb\u0259xt b\u00f6y\u00fcm\u0259si bu g\u00fcn d\u00f6vl\u0259timizin h\u0259yata ke\u00e7irdiyi siyas\u0259td\u0259 m\u00fch\u00fcm yer tutur. Respublikam\u0131z\u0131n b\u00fct\u00fcn b\u00f6lg\u0259l\u0259rind\u0259 yeni k\u00f6rp\u0259l\u0259r evi-u\u015faq ba\u011f\u00e7alar\u0131n\u0131n in\u015fas\u0131, onlar\u0131n m\u00fcasir avadanl\u0131qla t\u0259chiz edilm\u0259si bunun \u0259yani t\u0259sdiqidir. Yeni u\u015faq t\u0259rbiy\u0259 m\u00fc\u0259ssis\u0259l\u0259rinin in\u015fas\u0131na, el\u0259c\u0259 d\u0259 m\u00f6vcud olanlar\u0131n \u0259n m\u00fcasir t\u0259l\u0259bl\u0259r s\u0259viyy\u0259sind\u0259 yenid\u0259n qurulmas\u0131na d\u00f6vl\u0259t t\u0259r\u0259find\u0259n b\u00f6y\u00fck d\u0259st\u0259k&hellip;<\/p>\n","protected":false},"author":2,"featured_media":19182,"comment_status":"closed","ping_status":"closed","sticky":false,"template":"","format":"standard","meta":{"om_disable_all_campaigns":false,"_monsterinsights_skip_tracking":false,"_monsterinsights_sitenote_active":false,"_monsterinsights_sitenote_note":"","_monsterinsights_sitenote_category":0},"categories":[8],"tags":[],"aioseo_notices":[],"gutentor_comment":0,"rttpg_featured_image_url":{"full":["https:\/\/arantv.az\/wp-content\/uploads\/2018\/10\/002.jpg",2360,1196,false],"landscape":["https:\/\/arantv.az\/wp-content\/uploads\/2018\/10\/002.jpg",2360,1196,false],"portraits":["https:\/\/arantv.az\/wp-content\/uploads\/2018\/10\/002.jpg",2360,1196,false],"thumbnail":["https:\/\/arantv.az\/wp-content\/uploads\/2018\/10\/002-150x150.jpg",150,150,true],"medium":["https:\/\/arantv.az\/wp-content\/uploads\/2018\/10\/002-300x152.jpg",300,152,true],"large":["https:\/\/arantv.az\/wp-content\/uploads\/2018\/10\/002-1024x519.jpg",640,324,true],"1536x1536":["https:\/\/arantv.az\/wp-content\/uploads\/2018\/10\/002.jpg",1536,778,false],"2048x2048":["https:\/\/arantv.az\/wp-content\/uploads\/2018\/10\/002.jpg",2048,1038,false],"post-thumbnail":["https:\/\/arantv.az\/wp-content\/uploads\/2018\/10\/002-240x172.jpg",240,172,true],"advps-thumb-one":["https:\/\/arantv.az\/wp-content\/uploads\/2018\/10\/002-1200x620.jpg",1200,620,true]},"rttpg_author":{"display_name":"V\u00fcsal Rafiqo\u011flu","author_link":"https:\/\/arantv.az\/?author=2"},"rttpg_comment":0,"rttpg_category":"<a href=\"https:\/\/arantv.az\/?cat=8\" rel=\"category\">\u018fsas s\u0259hif\u0259<\/a>","rttpg_excerpt":"ARANTV.AZ x\u0259b\u0259r verir ki, Az\u0259rbaycan Respublikas\u0131n\u0131n Prezidenti \u0130lham \u018fliyev Heyd\u0259r \u018fliyev Fondunun t\u0259\u015f\u0259bb\u00fcs\u00fc il\u0259 in\u015fa olunmu\u015f 100 yerlik Lerik \u015f\u0259h\u0259r 2 sayl\u0131 k\u00f6rp\u0259l\u0259r evi-u\u015faq ba\u011f\u00e7as\u0131n\u0131n a\u00e7\u0131l\u0131\u015f\u0131nda i\u015ftirak edib. Az\u0259rbaycan Prezidenti u\u015faq ba\u011f\u00e7as\u0131n\u0131n r\u0259mzi a\u00e7\u0131l\u0131\u015f\u0131n\u0131 bildir\u0259n lenti k\u0259sdi. U\u015faqlar\u0131n sosial m\u00fcdafi\u0259sinin g\u00fccl\u0259ndirilm\u0259si, onlar\u0131n sa\u011flam v\u0259 xo\u015fb\u0259xt b\u00f6y\u00fcm\u0259si bu g\u00fcn d\u00f6vl\u0259timizin h\u0259yata ke\u00e7irdiyi siyas\u0259td\u0259 m\u00fch\u00fcm yer tutur.&hellip;","_links":{"self":[{"href":"https:\/\/arantv.az\/index.php?rest_route=\/wp\/v2\/posts\/19181"}],"collection":[{"href":"https:\/\/arantv.az\/index.php?rest_route=\/wp\/v2\/posts"}],"about":[{"href":"https:\/\/arantv.az\/index.php?rest_route=\/wp\/v2\/types\/post"}],"author":[{"embeddable":true,"href":"https:\/\/arantv.az\/index.php?rest_route=\/wp\/v2\/users\/2"}],"replies":[{"embeddable":true,"href":"https:\/\/arantv.az\/index.php?rest_route=%2Fwp%2Fv2%2Fcomments&post=19181"}],"version-history":[{"count":0,"href":"https:\/\/arantv.az\/index.php?rest_route=\/wp\/v2\/posts\/19181\/revisions"}],"wp:featuredmedia":[{"embeddable":true,"href":"https:\/\/arantv.az\/index.php?rest_route=\/wp\/v2\/media\/19182"}],"wp:attachment":[{"href":"https:\/\/arantv.az\/index.php?rest_route=%2Fwp%2Fv2%2Fmedia&parent=19181"}],"wp:term":[{"taxonomy":"category","embeddable":true,"href":"https:\/\/arantv.az\/index.php?rest_route=%2Fwp%2Fv2%2Fcategories&post=19181"},{"taxonomy":"post_tag","embeddable":true,"href":"https:\/\/arantv.az\/index.php?rest_route=%2Fwp%2Fv2%2Ftags&post=19181"}],"curies":[{"name":"wp","href":"https:\/\/api.w.org\/{rel}","templated":true}]}}