{"id":19184,"date":"2018-10-16T08:41:09","date_gmt":"2018-10-16T05:41:09","guid":{"rendered":"http:\/\/arantv.az\/?p=19184"},"modified":"2018-10-16T08:41:09","modified_gmt":"2018-10-16T05:41:09","slug":"ilham-%c9%99liyev-lerikd%c9%99-bayraq-muzeyinin-acilisinda-istirak-edib","status":"publish","type":"post","link":"https:\/\/arantv.az\/?p=19184","title":{"rendered":"\u0130lham \u018fliyev Lerikd\u0259 Bayraq Muzeyinin a\u00e7\u0131l\u0131\u015f\u0131nda i\u015ftirak edib"},"content":{"rendered":"<p><strong>ARANTV.AZ<\/strong> x\u0259b\u0259r verir ki, Az\u0259rbaycan Respublikas\u0131n\u0131n Prezidenti \u0130lham \u018fliyev Lerikd\u0259 Bayraq Muzeyinin a\u00e7\u0131l\u0131\u015f\u0131nda i\u015ftirak edib.<\/p>\n<p>D\u00f6vl\u0259t ba\u015f\u00e7\u0131s\u0131 muzeyin r\u0259mzi a\u00e7\u0131l\u0131\u015f\u0131n\u0131 bildir\u0259n lenti k\u0259sdi.<\/p>\n<p>M\u0259lumat verildi ki, Bayraq Muzeyi v\u0259 h\u00fcnd\u00fcrl\u00fcy\u00fc 36 metr olan bayraq dir\u0259yinin yerl\u0259\u015fdiyi D\u00f6vl\u0259t Bayra\u011f\u0131 Kompleksi Lerik \u015f\u0259h\u0259rinin m\u0259rk\u0259zind\u0259, \u00fcmummilli lider Heyd\u0259r \u018fliyevin ad\u0131n\u0131 da\u015f\u0131yan meydan\u0131n \u0259razisind\u0259 yerl\u0259\u015fir. Bu muzeyin in\u015fas\u0131na 2018-ci ilin mart\u0131nda ba\u015flan\u0131l\u0131b. Tikinti i\u015fl\u0259ri bu ilin avqustunda ba\u015fa \u00e7atd\u0131r\u0131l\u0131b.<\/p>\n<p>Bildirildi ki, muzeyin \u00fcmumi sah\u0259si 1200 kvadratmetr olan binas\u0131 s\u0259rgi zal\u0131ndan, inzibati v\u0259 yard\u0131m\u00e7\u0131 otaqlardan ibar\u0259tdir. Muzeyin s\u0259rgi zal\u0131nda Az\u0259rbaycan xanl\u0131qlar d\u00f6vr\u00fcn\u00fcn x\u0259rit\u0259si, orta \u0259srl\u0259r\u0259 aid d\u00f6y\u00fc\u015f\u00e7\u00fcl\u0259ri \u0259ks etdir\u0259n manekenl\u0259r, orta \u0259srl\u0259rd\u0259 xanl\u0131qlar\u0131n istifad\u0259 etdiyi bayraqlar, XIX \u0259sr Az\u0259rbaycan \u015f\u0259h\u0259rl\u0259rinin gerbl\u0259ri, q\u0259dim metal sikk\u0259l\u0259r, ka\u011f\u0131z pullar, Az\u0259rbaycan Xalq C\u00fcmhuriyy\u0259ti, Az\u0259rbaycan SSR v\u0259 m\u00fcst\u0259qillik d\u00f6vrl\u0259rind\u0259 q\u0259bul edilmi\u015f gerbl\u0259r, bayraqlar, Az\u0259rbaycan\u0131n konstitusiyalar\u0131, Silahl\u0131 Q\u00fcvv\u0259l\u0259rimizin m\u00fcxt\u0259lif qo\u015fun birl\u0259\u015fm\u0259l\u0259rinin geyim formalar\u0131, po\u00e7t markalar\u0131, orden v\u0259 medallar n\u00fcmayi\u015f olunur.<\/p>\n<p>B\u00f6lg\u0259l\u0259rd\u0259 Bayraq muzeyl\u0259rinin v\u0259 Bayraq meydanlar\u0131n\u0131n yarad\u0131lmas\u0131 Az\u0259rbaycan\u0131n d\u00f6vl\u0259t atributlar\u0131na \u0259n y\u00fcks\u0259k s\u0259viyy\u0259d\u0259 g\u00f6st\u0259ril\u0259n diqq\u0259tin bariz n\u00fcmun\u0259sidir. Bel\u0259 muzeyl\u0259rin yarad\u0131lmas\u0131 d\u00f6vl\u0259t atributlar\u0131na olan sonsuz sevgini n\u00fcmayi\u015f etdirm\u0259kl\u0259 yana\u015f\u0131, g\u0259nc n\u0259slin Az\u0259rbaycan bayra\u011f\u0131na h\u00f6rm\u0259t ruhunda, \u0259sl v\u0259t\u0259np\u0259rv\u0259r kimi t\u0259rbiy\u0259 olunmas\u0131na m\u00fch\u00fcm t\u00f6hf\u0259 verir. Bununla yana\u015f\u0131, bu i\u015fl\u0259r h\u0259m d\u0259 Az\u0259rbaycan d\u00f6vl\u0259tinin m\u00fcst\u0259qilliyini \u0259ks etdir\u0259n v\u0259 h\u0259r bir v\u0259t\u0259nda\u015f \u00fc\u00e7\u00fcn m\u00fcq\u0259dd\u0259s olan \u00fc\u00e7r\u0259ngli bayra\u011f\u0131m\u0131za g\u00f6st\u0259ril\u0259n h\u00f6rm\u0259t v\u0259 ehtiram\u0131n t\u0259c\u0259ss\u00fcm\u00fcd\u00fcr. \u0130ndi Az\u0259rbaycan bayra\u011f\u0131 \u0259n n\u00fcfuzlu beyn\u0259lxalq t\u0259\u015fkilatlar v\u0259 m\u00f6t\u0259b\u0259r m\u0259clisl\u0259rd\u0259 q\u00fcrurla dal\u011falan\u0131r, d\u00f6vl\u0259timizi \u015f\u0259r\u0259fl\u0259 t\u0259msil edir.<\/p>\n<div class=\"fotorama--hidden\"><\/div>\n<div class=\"article-carousel fotorama fotorama1539668359668\" data-autoplay=\"true\" data-ratio=\"660\/430\" data-width=\"100%\">\n<div class=\"fotorama__wrap fotorama__wrap--css3 fotorama__wrap--slide fotorama__wrap--toggle-arrows fotorama__wrap--no-controls\">\n<div class=\"fotorama__stage fotorama__pointer\">\n<div class=\"fotorama__stage__shaft\">\n<div class=\"fotorama__stage__frame fotorama__loaded fotorama__loaded--img\"><img class=\"fotorama__img\" src=\"https:\/\/static.president.az\/media\/W1siZiIsIjIwMTgvMTAvMTUvM3I0aTZlNm1xeF8wMDMuanBnIl0sWyJwIiwidGh1bWIiLCIxMzQweDEwMjAiXV0?sha=25ffc19591e8f30b\" \/><\/div>\n<div class=\"fotorama__stage__frame fotorama__loaded fotorama__loaded--img fotorama__active\"><img class=\"fotorama__img\" src=\"https:\/\/static.president.az\/media\/W1siZiIsIjIwMTgvMTAvMTUvMWFrb3liM2d1aF8wMDQuanBnIl0sWyJwIiwidGh1bWIiLCIxMzQweDEwMjAiXV0?sha=f91348eaf4cef34d\" \/><\/div>\n<div class=\"fotorama__stage__frame fotorama__loaded fotorama__loaded--img\"><img class=\"fotorama__img\" src=\"https:\/\/static.president.az\/media\/W1siZiIsIjIwMTgvMTAvMTUvMjQxbDNxNnBzdF8wMDUuanBnIl0sWyJwIiwidGh1bWIiLCIxMzQweDEwMjAiXV0?sha=e72a86f54b28dc7f\" \/><\/div>\n<\/div>\n<div class=\"fotorama__arr fotorama__arr--prev\" tabindex=\"0\" role=\"button\"><\/div>\n<div class=\"fotorama__arr fotorama__arr--next\" tabindex=\"0\" role=\"button\"><\/div>\n<div class=\"fotorama__video-close\"><\/div>\n<\/div>\n<div class=\"fotorama__nav-wrap\">\n<div class=\"fotorama__nav fotorama__nav--dots\">\n<div class=\"fotorama__nav__shaft\">\n<div class=\"fotorama__nav__frame fotorama__nav__frame--dot\" tabindex=\"0\" role=\"button\">\n<div class=\"fotorama__dot\"><\/div>\n<\/div>\n<div class=\"fotorama__nav__frame fotorama__nav__frame--dot\" tabindex=\"0\" role=\"button\">\n<div class=\"fotorama__dot\"><\/div>\n<\/div>\n<div class=\"fotorama__nav__frame fotorama__nav__frame--dot\" tabindex=\"0\" role=\"button\">\n<div class=\"fotorama__dot\"><\/div>\n<\/div>\n<div class=\"fotorama__nav__frame fotorama__nav__frame--dot fotorama__active\" tabindex=\"0\" role=\"button\">\n<div class=\"fotorama__dot\"><\/div>\n<\/div>\n<div class=\"fotorama__nav__frame fotorama__nav__frame--dot\" tabindex=\"0\" role=\"button\">\n<div class=\"fotorama__dot\"><\/div>\n<\/div>\n<div class=\"fotorama__nav__frame fotorama__nav__frame--dot\" tabindex=\"0\" role=\"button\">\n<div class=\"fotorama__dot\"><\/div>\n<\/div>\n<div class=\"fotorama__nav__frame fotorama__nav__frame--dot\" tabindex=\"0\" role=\"button\">\n<div class=\"fotorama__dot\"><\/div>\n<\/div>\n<div class=\"fotorama__nav__frame fotorama__nav__frame--dot\" tabindex=\"0\" role=\"button\">\n<div class=\"fotorama__dot\"><\/div>\n<\/div>\n<div class=\"fotorama__nav__frame fotorama__nav__frame--dot\" tabindex=\"0\" role=\"button\">\n<div class=\"fotorama__dot\"><\/div>\n<\/div>\n<div class=\"fotorama__nav__frame fotorama__nav__frame--dot\" tabindex=\"0\" role=\"button\">\n<div class=\"fotorama__dot\"><\/div>\n<\/div>\n<\/div>\n<\/div>\n<\/div>\n<\/div>\n<\/div>\n<div class=\"link-to_block\"><\/div>\n","protected":false},"excerpt":{"rendered":"<p>ARANTV.AZ x\u0259b\u0259r verir ki, Az\u0259rbaycan Respublikas\u0131n\u0131n Prezidenti \u0130lham \u018fliyev Lerikd\u0259 Bayraq Muzeyinin a\u00e7\u0131l\u0131\u015f\u0131nda i\u015ftirak edib. D\u00f6vl\u0259t ba\u015f\u00e7\u0131s\u0131 muzeyin r\u0259mzi a\u00e7\u0131l\u0131\u015f\u0131n\u0131 bildir\u0259n lenti k\u0259sdi. M\u0259lumat verildi ki, Bayraq Muzeyi v\u0259 h\u00fcnd\u00fcrl\u00fcy\u00fc 36 metr olan bayraq dir\u0259yinin yerl\u0259\u015fdiyi D\u00f6vl\u0259t Bayra\u011f\u0131 Kompleksi Lerik \u015f\u0259h\u0259rinin m\u0259rk\u0259zind\u0259, \u00fcmummilli lider Heyd\u0259r \u018fliyevin ad\u0131n\u0131 da\u015f\u0131yan meydan\u0131n \u0259razisind\u0259 yerl\u0259\u015fir. Bu muzeyin in\u015fas\u0131na 2018-ci ilin mart\u0131nda ba\u015flan\u0131l\u0131b. Tikinti i\u015fl\u0259ri bu ilin avqustunda ba\u015fa \u00e7atd\u0131r\u0131l\u0131b. Bildirildi ki, muzeyin \u00fcmumi sah\u0259si 1200 kvadratmetr olan binas\u0131 s\u0259rgi zal\u0131ndan, inzibati v\u0259 yard\u0131m\u00e7\u0131 otaqlardan ibar\u0259tdir. Muzeyin s\u0259rgi zal\u0131nda Az\u0259rbaycan xanl\u0131qlar d\u00f6vr\u00fcn\u00fcn x\u0259rit\u0259si, orta \u0259srl\u0259r\u0259&hellip;<\/p>\n","protected":false},"author":2,"featured_media":19185,"comment_status":"closed","ping_status":"closed","sticky":false,"template":"","format":"standard","meta":{"om_disable_all_campaigns":false,"_monsterinsights_skip_tracking":false,"_monsterinsights_sitenote_active":false,"_monsterinsights_sitenote_note":"","_monsterinsights_sitenote_category":0},"categories":[8],"tags":[],"aioseo_notices":[],"gutentor_comment":0,"rttpg_featured_image_url":{"full":["https:\/\/arantv.az\/wp-content\/uploads\/2018\/10\/bayaraq.jpg",2360,1196,false],"landscape":["https:\/\/arantv.az\/wp-content\/uploads\/2018\/10\/bayaraq.jpg",2360,1196,false],"portraits":["https:\/\/arantv.az\/wp-content\/uploads\/2018\/10\/bayaraq.jpg",2360,1196,false],"thumbnail":["https:\/\/arantv.az\/wp-content\/uploads\/2018\/10\/bayaraq-150x150.jpg",150,150,true],"medium":["https:\/\/arantv.az\/wp-content\/uploads\/2018\/10\/bayaraq-300x152.jpg",300,152,true],"large":["https:\/\/arantv.az\/wp-content\/uploads\/2018\/10\/bayaraq-1024x519.jpg",640,324,true],"1536x1536":["https:\/\/arantv.az\/wp-content\/uploads\/2018\/10\/bayaraq.jpg",1536,778,false],"2048x2048":["https:\/\/arantv.az\/wp-content\/uploads\/2018\/10\/bayaraq.jpg",2048,1038,false],"post-thumbnail":["https:\/\/arantv.az\/wp-content\/uploads\/2018\/10\/bayaraq-240x172.jpg",240,172,true],"advps-thumb-one":["https:\/\/arantv.az\/wp-content\/uploads\/2018\/10\/bayaraq-1200x620.jpg",1200,620,true]},"rttpg_author":{"display_name":"V\u00fcsal Rafiqo\u011flu","author_link":"https:\/\/arantv.az\/?author=2"},"rttpg_comment":0,"rttpg_category":"<a href=\"https:\/\/arantv.az\/?cat=8\" rel=\"category\">\u018fsas s\u0259hif\u0259<\/a>","rttpg_excerpt":"ARANTV.AZ x\u0259b\u0259r verir ki, Az\u0259rbaycan Respublikas\u0131n\u0131n Prezidenti \u0130lham \u018fliyev Lerikd\u0259 Bayraq Muzeyinin a\u00e7\u0131l\u0131\u015f\u0131nda i\u015ftirak edib. D\u00f6vl\u0259t ba\u015f\u00e7\u0131s\u0131 muzeyin r\u0259mzi a\u00e7\u0131l\u0131\u015f\u0131n\u0131 bildir\u0259n lenti k\u0259sdi. M\u0259lumat verildi ki, Bayraq Muzeyi v\u0259 h\u00fcnd\u00fcrl\u00fcy\u00fc 36 metr olan bayraq dir\u0259yinin yerl\u0259\u015fdiyi D\u00f6vl\u0259t Bayra\u011f\u0131 Kompleksi Lerik \u015f\u0259h\u0259rinin m\u0259rk\u0259zind\u0259, \u00fcmummilli lider Heyd\u0259r \u018fliyevin ad\u0131n\u0131 da\u015f\u0131yan meydan\u0131n \u0259razisind\u0259 yerl\u0259\u015fir. Bu muzeyin in\u015fas\u0131na 2018-ci&hellip;","_links":{"self":[{"href":"https:\/\/arantv.az\/index.php?rest_route=\/wp\/v2\/posts\/19184"}],"collection":[{"href":"https:\/\/arantv.az\/index.php?rest_route=\/wp\/v2\/posts"}],"about":[{"href":"https:\/\/arantv.az\/index.php?rest_route=\/wp\/v2\/types\/post"}],"author":[{"embeddable":true,"href":"https:\/\/arantv.az\/index.php?rest_route=\/wp\/v2\/users\/2"}],"replies":[{"embeddable":true,"href":"https:\/\/arantv.az\/index.php?rest_route=%2Fwp%2Fv2%2Fcomments&post=19184"}],"version-history":[{"count":0,"href":"https:\/\/arantv.az\/index.php?rest_route=\/wp\/v2\/posts\/19184\/revisions"}],"wp:featuredmedia":[{"embeddable":true,"href":"https:\/\/arantv.az\/index.php?rest_route=\/wp\/v2\/media\/19185"}],"wp:attachment":[{"href":"https:\/\/arantv.az\/index.php?rest_route=%2Fwp%2Fv2%2Fmedia&parent=19184"}],"wp:term":[{"taxonomy":"category","embeddable":true,"href":"https:\/\/arantv.az\/index.php?rest_route=%2Fwp%2Fv2%2Fcategories&post=19184"},{"taxonomy":"post_tag","embeddable":true,"href":"https:\/\/arantv.az\/index.php?rest_route=%2Fwp%2Fv2%2Ftags&post=19184"}],"curies":[{"name":"wp","href":"https:\/\/api.w.org\/{rel}","templated":true}]}}