{"id":192137,"date":"2020-07-16T14:36:17","date_gmt":"2020-07-16T11:36:17","guid":{"rendered":"http:\/\/arantv.az\/?p=192137"},"modified":"2020-07-16T14:36:17","modified_gmt":"2020-07-16T11:36:17","slug":"orduya-getm%c9%99k-ucun-dord-min-n%c9%99f%c9%99r-qeydiyyatdan-kecib-r%c9%99smi","status":"publish","type":"post","link":"https:\/\/arantv.az\/?p=192137","title":{"rendered":"Orduya getm\u0259k \u00fc\u00e7\u00fcn d\u00f6rd min n\u0259f\u0259r qeydiyyatdan ke\u00e7ib &#8211; R\u018fSM\u0130"},"content":{"rendered":"<p>\u201cBiz h\u0259r bir halda v\u0259t\u0259nda\u015flar\u0131m\u0131za Az\u0259rbaycan Respublikas\u0131n\u0131n qanunvericiliyini bu sah\u0259d\u0259 izah etmi\u015fik, \u00e7atd\u0131rm\u0131\u015f\u0131q ki, z\u0259rur\u0259t yarand\u0131qda t\u0259limatlar\u0131 olan h\u0259rbi v\u0259zif\u0259lil\u0259r \u00e7a\u011f\u0131r\u0131laraq m\u00fcxt\u0259lif h\u0259rbi hiss\u0259l\u0259r\u0259 g\u00f6nd\u0259ril\u0259 bil\u0259rl\u0259r\u201d.<\/p>\n<p><b>ARANTV.AZ<\/b>-\u0131n m\u0259lumat\u0131na g\u00f6r\u0259,\u00a0bunu m\u0259tbuat konfransda S\u0259f\u0259rb\u0259rlik v\u0259 H\u0259rbi Xidm\u0259t\u0259 \u00c7a\u011f\u0131r\u0131\u015f \u00fczr\u0259 D\u00f6vl\u0259t Xidm\u0259tinin r\u0259isi, general-leytenant Arzu R\u0259himov deyib.<\/p>\n<p>Onun s\u00f6zl\u0259rin\u0259 g\u00f6r\u0259, h\u0259l\u0259 d\u0259 bir \u00e7ox \u015f\u0259xsl\u0259r qeydiyyata al\u0131nmamaqla ba\u011fl\u0131 fikirl\u0259r bildirirl\u0259r.<\/p>\n<div id=\"AdviadNativeVideo0\" class=\"AdviadNativeVideo\"><\/div>\n<p>\u201cBu, h\u0259rbi v\u0259zif\u0259lil\u0259r v\u0259 yaxud dig\u0259r kateqoriyada olan Az\u0259rbaycan v\u0259t\u0259nda\u015flar\u0131n\u0131n ham\u0131s\u0131 bizd\u0259 qeydiyyatda var. Onlar\u0131n t\u0259krar qeydiyyata al\u0131nmas\u0131, sad\u0259c\u0259, qeydiyyata al\u0131nmaqd\u0131r. Orduya getm\u0259k \u00fc\u00e7\u00fcn d\u00f6rd min n\u0259f\u0259r qeydiyyatdan ke\u00e7ib.<\/p>\n<p>Prezident \u0130lham \u018fliyevin tap\u015f\u0131r\u0131\u011f\u0131 v\u0259 \u00e7\u0131x\u0131\u015f\u0131ndan sonra bizim xidm\u0259tin yerli idar\u0259 b\u00f6lm\u0259l\u0259rin\u0259 g\u0259ncl\u0259rimizin ax\u0131n\u0131 ba\u015flay\u0131b. M\u0259n g\u00f6st\u0259ri\u015f verdim, onlar\u0131 r\u0259smi \u015f\u0259kild\u0259 qeydiyyata al\u0131nmas\u0131n\u0131 h\u0259yata ke\u00e7irdik\u201d.Oxu.Az<\/p>\n","protected":false},"excerpt":{"rendered":"<p>\u201cBiz h\u0259r bir halda v\u0259t\u0259nda\u015flar\u0131m\u0131za Az\u0259rbaycan Respublikas\u0131n\u0131n qanunvericiliyini bu sah\u0259d\u0259 izah etmi\u015fik, \u00e7atd\u0131rm\u0131\u015f\u0131q ki, z\u0259rur\u0259t yarand\u0131qda t\u0259limatlar\u0131 olan h\u0259rbi v\u0259zif\u0259lil\u0259r \u00e7a\u011f\u0131r\u0131laraq m\u00fcxt\u0259lif h\u0259rbi hiss\u0259l\u0259r\u0259 g\u00f6nd\u0259ril\u0259 bil\u0259rl\u0259r\u201d. ARANTV.AZ-\u0131n m\u0259lumat\u0131na g\u00f6r\u0259,\u00a0bunu m\u0259tbuat konfransda S\u0259f\u0259rb\u0259rlik v\u0259 H\u0259rbi Xidm\u0259t\u0259 \u00c7a\u011f\u0131r\u0131\u015f \u00fczr\u0259 D\u00f6vl\u0259t Xidm\u0259tinin r\u0259isi, general-leytenant Arzu R\u0259himov deyib. Onun s\u00f6zl\u0259rin\u0259 g\u00f6r\u0259, h\u0259l\u0259 d\u0259 bir \u00e7ox \u015f\u0259xsl\u0259r qeydiyyata al\u0131nmamaqla ba\u011fl\u0131 fikirl\u0259r bildirirl\u0259r. \u201cBu, h\u0259rbi v\u0259zif\u0259lil\u0259r v\u0259 yaxud dig\u0259r kateqoriyada olan Az\u0259rbaycan v\u0259t\u0259nda\u015flar\u0131n\u0131n ham\u0131s\u0131 bizd\u0259 qeydiyyatda var. Onlar\u0131n t\u0259krar qeydiyyata al\u0131nmas\u0131, sad\u0259c\u0259, qeydiyyata al\u0131nmaqd\u0131r. Orduya getm\u0259k \u00fc\u00e7\u00fcn d\u00f6rd min n\u0259f\u0259r qeydiyyatdan ke\u00e7ib. Prezident \u0130lham \u018fliyevin tap\u015f\u0131r\u0131\u011f\u0131&hellip;<\/p>\n","protected":false},"author":2,"featured_media":192138,"comment_status":"closed","ping_status":"closed","sticky":false,"template":"","format":"standard","meta":{"om_disable_all_campaigns":false,"_monsterinsights_skip_tracking":false,"_monsterinsights_sitenote_active":false,"_monsterinsights_sitenote_note":"","_monsterinsights_sitenote_category":0},"categories":[19],"tags":[],"aioseo_notices":[],"gutentor_comment":0,"rttpg_featured_image_url":{"full":["https:\/\/arantv.az\/wp-content\/uploads\/2020\/07\/421852576-1.jpg",620,335,false],"landscape":["https:\/\/arantv.az\/wp-content\/uploads\/2020\/07\/421852576-1.jpg",620,335,false],"portraits":["https:\/\/arantv.az\/wp-content\/uploads\/2020\/07\/421852576-1.jpg",620,335,false],"thumbnail":["https:\/\/arantv.az\/wp-content\/uploads\/2020\/07\/421852576-1-150x150.jpg",150,150,true],"medium":["https:\/\/arantv.az\/wp-content\/uploads\/2020\/07\/421852576-1-300x162.jpg",300,162,true],"large":["https:\/\/arantv.az\/wp-content\/uploads\/2020\/07\/421852576-1.jpg",620,335,false],"1536x1536":["https:\/\/arantv.az\/wp-content\/uploads\/2020\/07\/421852576-1.jpg",620,335,false],"2048x2048":["https:\/\/arantv.az\/wp-content\/uploads\/2020\/07\/421852576-1.jpg",620,335,false],"post-thumbnail":["https:\/\/arantv.az\/wp-content\/uploads\/2020\/07\/421852576-1-240x172.jpg",240,172,true],"advps-thumb-one":["https:\/\/arantv.az\/wp-content\/uploads\/2020\/07\/421852576-1.jpg",620,335,false]},"rttpg_author":{"display_name":"V\u00fcsal Rafiqo\u011flu","author_link":"https:\/\/arantv.az\/?author=2"},"rttpg_comment":0,"rttpg_category":"<a href=\"https:\/\/arantv.az\/?cat=19\" rel=\"category\">G\u00fcnd\u0259m<\/a>","rttpg_excerpt":"\u201cBiz h\u0259r bir halda v\u0259t\u0259nda\u015flar\u0131m\u0131za Az\u0259rbaycan Respublikas\u0131n\u0131n qanunvericiliyini bu sah\u0259d\u0259 izah etmi\u015fik, \u00e7atd\u0131rm\u0131\u015f\u0131q ki, z\u0259rur\u0259t yarand\u0131qda t\u0259limatlar\u0131 olan h\u0259rbi v\u0259zif\u0259lil\u0259r \u00e7a\u011f\u0131r\u0131laraq m\u00fcxt\u0259lif h\u0259rbi hiss\u0259l\u0259r\u0259 g\u00f6nd\u0259ril\u0259 bil\u0259rl\u0259r\u201d. ARANTV.AZ-\u0131n m\u0259lumat\u0131na g\u00f6r\u0259,\u00a0bunu m\u0259tbuat konfransda S\u0259f\u0259rb\u0259rlik v\u0259 H\u0259rbi Xidm\u0259t\u0259 \u00c7a\u011f\u0131r\u0131\u015f \u00fczr\u0259 D\u00f6vl\u0259t Xidm\u0259tinin r\u0259isi, general-leytenant Arzu R\u0259himov deyib. Onun s\u00f6zl\u0259rin\u0259 g\u00f6r\u0259, h\u0259l\u0259 d\u0259 bir \u00e7ox \u015f\u0259xsl\u0259r qeydiyyata al\u0131nmamaqla ba\u011fl\u0131&hellip;","_links":{"self":[{"href":"https:\/\/arantv.az\/index.php?rest_route=\/wp\/v2\/posts\/192137"}],"collection":[{"href":"https:\/\/arantv.az\/index.php?rest_route=\/wp\/v2\/posts"}],"about":[{"href":"https:\/\/arantv.az\/index.php?rest_route=\/wp\/v2\/types\/post"}],"author":[{"embeddable":true,"href":"https:\/\/arantv.az\/index.php?rest_route=\/wp\/v2\/users\/2"}],"replies":[{"embeddable":true,"href":"https:\/\/arantv.az\/index.php?rest_route=%2Fwp%2Fv2%2Fcomments&post=192137"}],"version-history":[{"count":0,"href":"https:\/\/arantv.az\/index.php?rest_route=\/wp\/v2\/posts\/192137\/revisions"}],"wp:featuredmedia":[{"embeddable":true,"href":"https:\/\/arantv.az\/index.php?rest_route=\/wp\/v2\/media\/192138"}],"wp:attachment":[{"href":"https:\/\/arantv.az\/index.php?rest_route=%2Fwp%2Fv2%2Fmedia&parent=192137"}],"wp:term":[{"taxonomy":"category","embeddable":true,"href":"https:\/\/arantv.az\/index.php?rest_route=%2Fwp%2Fv2%2Fcategories&post=192137"},{"taxonomy":"post_tag","embeddable":true,"href":"https:\/\/arantv.az\/index.php?rest_route=%2Fwp%2Fv2%2Ftags&post=192137"}],"curies":[{"name":"wp","href":"https:\/\/api.w.org\/{rel}","templated":true}]}}