{"id":192141,"date":"2020-07-16T14:37:21","date_gmt":"2020-07-16T11:37:21","guid":{"rendered":"http:\/\/arantv.az\/?p=192141"},"modified":"2020-07-16T14:37:21","modified_gmt":"2020-07-16T11:37:21","slug":"ukrayna-xarici-isl%c9%99r-nazirinin-birinci-muavini-qarabagla-bagli-movqeyimiz-sarsilmaz-olaraq-qalir","status":"publish","type":"post","link":"https:\/\/arantv.az\/?p=192141","title":{"rendered":"Ukrayna Xarici \u0130\u015fl\u0259r nazirinin birinci m\u00fcavini: \u201cQaraba\u011fla ba\u011fl\u0131 m\u00f6vqeyimiz sars\u0131lmaz olaraq qal\u0131r\u201d"},"content":{"rendered":"<p>Qaraba\u011f m\u00fcnaqi\u015f\u0259si s\u0259b\u0259bind\u0259n Erm\u0259nistanla Ukrayna aras\u0131nda g\u0259rginlik art\u0131r. X\u0259b\u0259r verdiyimiz kimi, iyulun 13-d\u0259\u00a0Ukrayna s\u0259firi Erm\u0259nistan Xarici \u0130\u015fl\u0259r Nazirliyin\u0259 d\u0259v\u0259t edilib. Yerevan Kiyevin m\u00fcnaqi\u015f\u0259nin Az\u0259rbaycan\u0131n beyn\u0259lxalq s\u0259viyy\u0259d\u0259 tan\u0131nm\u0131\u015f s\u0259rh\u0259dl\u0259ri \u00e7\u0259r\u00e7iv\u0259sind\u0259, Az\u0259rbaycan Respublikas\u0131n\u0131n suverenliyi v\u0259 \u0259razi b\u00fct\u00f6vl\u00fcy\u00fcn\u0259 h\u00f6rm\u0259t \u0259sas\u0131nda siyasi yolla h\u0259ll olunmas\u0131 d\u0259st\u0259kl\u0259y\u0259n a\u00e7\u0131qlamas\u0131n\u0131 b\u0259y\u0259nm\u0259yib.<\/p>\n<p>\u0130yulun 15-d\u0259 Az\u0259rbaycan\u0131n suverenliyini d\u0259st\u0259kl\u0259y\u0259n Kiyevin m\u00f6vqeyin\u0259 qar\u015f\u0131 (Ba\u015fqa c\u00fcr nec\u0259 ola bil\u0259rdi, \u00e7\u00fcnki d\u00fcnya d\u00f6vl\u0259tl\u0259ri \u00f6lk\u0259mizin \u0259razi b\u00fct\u00f6vl\u00fcy\u00fcn\u00fc d\u0259st\u0259kl\u0259yir) Ukraynan\u0131n Erm\u0259nistandak\u0131 s\u0259firliyi qar\u015f\u0131s\u0131nda mitinq ke\u00e7irilib. Buna baxmayaraq, Erm\u0259nistandak\u0131 n\u00fcmayi\u015f\u00e7il\u0259r diplomatik n\u00fcmay\u0259nd\u0259lik binas\u0131n\u0131 da\u015fa basd\u0131lar, binaya bor\u015f atd\u0131lar (bu q\u0259rib\u0259dir, \u00e7\u00fcnki erm\u0259ni t\u0259r\u0259fi bir ne\u00e7\u0259 il \u0259vv\u0259l bor\u015fu \u0259n\u0259n\u0259vi erm\u0259ni yem\u0259yi adland\u0131rm\u0131\u015fd\u0131). Ukrayna hakimiyy\u0259tin\u0259 v\u0259 xalq\u0131na \u00fcnvanlanan t\u0259hdid v\u0259 t\u0259hqiramiz ifad\u0259l\u0259r d\u0259 oldu. N\u00fcmayi\u015f\u00e7il\u0259r \u201cUkrayna, t\u0259hrik etm\u0259!\u201d, \u201cAz\u0259rbaycan kimi olma\u201d v\u0259 s. \u015f\u00fcarlar s\u0259sl\u0259ndirdil\u0259r.<\/p>\n<p>Ukrayna Xarici \u0130\u015fl\u0259r nazirinin birinci m\u00fcavini \u018fmin\u0259 Caparova\u00a0<strong><a href=\"https:\/\/media.az\/politics\/1067783844\/chem-kiev-ne-ugodil-erevanu-mediaaz-beseduet-s-pervym-zamestitelem-glavy-mid-ukrainy-emine-dzhaparovoy\/?fbclid=IwAR1yF-apuiVyyCWZSZnM4C-SgM1kpOw6aBlrMagVPQ90FcopA4ORKQYiZtY\" target=\"_blank\" rel=\"noopener\">Media.Az<\/a><\/strong>\u00a0\u00fc\u00e7\u00fcn v\u0259ziyy\u0259ti \u015f\u0259rh edib:<\/p>\n<div id=\"AdviadNativeVideo0\" class=\"AdviadNativeVideo\"><\/div>\n<p>&#8211; Biz Erm\u0259nistan-Az\u0259rbaycan s\u0259rh\u0259dind\u0259 ba\u015f ver\u0259n hadis\u0259 il\u0259 ba\u011fl\u0131 a\u00e7\u0131qlama verdik v\u0259 bu, v\u0259ziyy\u0259tl\u0259 ba\u011fl\u0131 fikirl\u0259rimizi \u0259n ayd\u0131n \u015f\u0259kild\u0259 \u0259ks etdirir. \u018frazi b\u00fct\u00f6vl\u00fcy\u00fcn\u00fc d\u0259st\u0259kl\u0259y\u0259n m\u00f6vqeyimiz sars\u0131lmaz olaraq qal\u0131r.<\/p>\n<p>Bu v\u0259ziyy\u0259td\u0259 Erm\u0259nistan t\u0259r\u0259finin h\u0259r\u0259k\u0259tl\u0259rini \u015f\u0259rh etm\u0259yi laz\u0131m bilmir\u0259m.<\/p>\n<p><strong>&#8211; Bununla bel\u0259, Ukraynan\u0131n Yerevandak\u0131 s\u0259firliyinin qar\u015f\u0131s\u0131nda etiraz aksiyalar\u0131 ke\u00e7irildi, binaya bor\u015f at\u0131ld\u0131&#8230;<\/strong><\/p>\n<p>&#8211; Bunlar ictimai aksiyalard\u0131r, onlara nec\u0259 reaksiya g\u00f6st\u0259rm\u0259liyik? \u018flb\u0259tt\u0259 ki, bu, bir n\u00f6v sosial refleksiyad\u0131r. Ancaq\u00a0\u0259razi b\u00fct\u00f6vl\u00fcy\u00fcn\u00fcn d\u0259st\u0259kl\u0259nm\u0259si il\u0259 ba\u011fl\u0131 a\u00e7\u0131qlamalar\u0131m\u0131z kontekstind\u0259 Erm\u0259nistan t\u0259r\u0259finin yeni bir \u015fey k\u0259\u015ff etdiyini\u00a0d\u00fc\u015f\u00fcnm\u00fcr\u0259m.<\/p>\n<p>S\u0259firlik binas\u0131na bor\u015f t\u00f6k\u00fclm\u0259sin\u0259 g\u0259ldikd\u0259 is\u0259&#8230; \u018flb\u0259tt\u0259, bu, \u00f6lk\u0259l\u0259rimiz aras\u0131nda m\u00fcnasib\u0259tl\u0259rd\u0259 yax\u015f\u0131 \u0259lam\u0259t kimi q\u0259bul edil\u0259 bilm\u0259z.<\/p>\n","protected":false},"excerpt":{"rendered":"<p>Qaraba\u011f m\u00fcnaqi\u015f\u0259si s\u0259b\u0259bind\u0259n Erm\u0259nistanla Ukrayna aras\u0131nda g\u0259rginlik art\u0131r. X\u0259b\u0259r verdiyimiz kimi, iyulun 13-d\u0259\u00a0Ukrayna s\u0259firi Erm\u0259nistan Xarici \u0130\u015fl\u0259r Nazirliyin\u0259 d\u0259v\u0259t edilib. Yerevan Kiyevin m\u00fcnaqi\u015f\u0259nin Az\u0259rbaycan\u0131n beyn\u0259lxalq s\u0259viyy\u0259d\u0259 tan\u0131nm\u0131\u015f s\u0259rh\u0259dl\u0259ri \u00e7\u0259r\u00e7iv\u0259sind\u0259, Az\u0259rbaycan Respublikas\u0131n\u0131n suverenliyi v\u0259 \u0259razi b\u00fct\u00f6vl\u00fcy\u00fcn\u0259 h\u00f6rm\u0259t \u0259sas\u0131nda siyasi yolla h\u0259ll olunmas\u0131 d\u0259st\u0259kl\u0259y\u0259n a\u00e7\u0131qlamas\u0131n\u0131 b\u0259y\u0259nm\u0259yib. \u0130yulun 15-d\u0259 Az\u0259rbaycan\u0131n suverenliyini d\u0259st\u0259kl\u0259y\u0259n Kiyevin m\u00f6vqeyin\u0259 qar\u015f\u0131 (Ba\u015fqa c\u00fcr nec\u0259 ola bil\u0259rdi, \u00e7\u00fcnki d\u00fcnya d\u00f6vl\u0259tl\u0259ri \u00f6lk\u0259mizin \u0259razi b\u00fct\u00f6vl\u00fcy\u00fcn\u00fc d\u0259st\u0259kl\u0259yir) Ukraynan\u0131n Erm\u0259nistandak\u0131 s\u0259firliyi qar\u015f\u0131s\u0131nda mitinq ke\u00e7irilib. Buna baxmayaraq, Erm\u0259nistandak\u0131 n\u00fcmayi\u015f\u00e7il\u0259r diplomatik n\u00fcmay\u0259nd\u0259lik binas\u0131n\u0131 da\u015fa basd\u0131lar, binaya bor\u015f atd\u0131lar (bu q\u0259rib\u0259dir, \u00e7\u00fcnki erm\u0259ni t\u0259r\u0259fi bir ne\u00e7\u0259 il&hellip;<\/p>\n","protected":false},"author":2,"featured_media":192142,"comment_status":"closed","ping_status":"closed","sticky":false,"template":"","format":"standard","meta":{"om_disable_all_campaigns":false,"_monsterinsights_skip_tracking":false,"_monsterinsights_sitenote_active":false,"_monsterinsights_sitenote_note":"","_monsterinsights_sitenote_category":0},"categories":[19],"tags":[],"aioseo_notices":[],"gutentor_comment":0,"rttpg_featured_image_url":{"full":["https:\/\/arantv.az\/wp-content\/uploads\/2020\/07\/1594870879_e_djaparova.jpg",620,331,false],"landscape":["https:\/\/arantv.az\/wp-content\/uploads\/2020\/07\/1594870879_e_djaparova.jpg",620,331,false],"portraits":["https:\/\/arantv.az\/wp-content\/uploads\/2020\/07\/1594870879_e_djaparova.jpg",620,331,false],"thumbnail":["https:\/\/arantv.az\/wp-content\/uploads\/2020\/07\/1594870879_e_djaparova-150x150.jpg",150,150,true],"medium":["https:\/\/arantv.az\/wp-content\/uploads\/2020\/07\/1594870879_e_djaparova-300x160.jpg",300,160,true],"large":["https:\/\/arantv.az\/wp-content\/uploads\/2020\/07\/1594870879_e_djaparova.jpg",620,331,false],"1536x1536":["https:\/\/arantv.az\/wp-content\/uploads\/2020\/07\/1594870879_e_djaparova.jpg",620,331,false],"2048x2048":["https:\/\/arantv.az\/wp-content\/uploads\/2020\/07\/1594870879_e_djaparova.jpg",620,331,false],"post-thumbnail":["https:\/\/arantv.az\/wp-content\/uploads\/2020\/07\/1594870879_e_djaparova-240x172.jpg",240,172,true],"advps-thumb-one":["https:\/\/arantv.az\/wp-content\/uploads\/2020\/07\/1594870879_e_djaparova.jpg",620,331,false]},"rttpg_author":{"display_name":"V\u00fcsal Rafiqo\u011flu","author_link":"https:\/\/arantv.az\/?author=2"},"rttpg_comment":0,"rttpg_category":"<a href=\"https:\/\/arantv.az\/?cat=19\" rel=\"category\">G\u00fcnd\u0259m<\/a>","rttpg_excerpt":"Qaraba\u011f m\u00fcnaqi\u015f\u0259si s\u0259b\u0259bind\u0259n Erm\u0259nistanla Ukrayna aras\u0131nda g\u0259rginlik art\u0131r. X\u0259b\u0259r verdiyimiz kimi, iyulun 13-d\u0259\u00a0Ukrayna s\u0259firi Erm\u0259nistan Xarici \u0130\u015fl\u0259r Nazirliyin\u0259 d\u0259v\u0259t edilib. Yerevan Kiyevin m\u00fcnaqi\u015f\u0259nin Az\u0259rbaycan\u0131n beyn\u0259lxalq s\u0259viyy\u0259d\u0259 tan\u0131nm\u0131\u015f s\u0259rh\u0259dl\u0259ri \u00e7\u0259r\u00e7iv\u0259sind\u0259, Az\u0259rbaycan Respublikas\u0131n\u0131n suverenliyi v\u0259 \u0259razi b\u00fct\u00f6vl\u00fcy\u00fcn\u0259 h\u00f6rm\u0259t \u0259sas\u0131nda siyasi yolla h\u0259ll olunmas\u0131 d\u0259st\u0259kl\u0259y\u0259n a\u00e7\u0131qlamas\u0131n\u0131 b\u0259y\u0259nm\u0259yib. \u0130yulun 15-d\u0259 Az\u0259rbaycan\u0131n suverenliyini d\u0259st\u0259kl\u0259y\u0259n Kiyevin m\u00f6vqeyin\u0259 qar\u015f\u0131 (Ba\u015fqa c\u00fcr nec\u0259&hellip;","_links":{"self":[{"href":"https:\/\/arantv.az\/index.php?rest_route=\/wp\/v2\/posts\/192141"}],"collection":[{"href":"https:\/\/arantv.az\/index.php?rest_route=\/wp\/v2\/posts"}],"about":[{"href":"https:\/\/arantv.az\/index.php?rest_route=\/wp\/v2\/types\/post"}],"author":[{"embeddable":true,"href":"https:\/\/arantv.az\/index.php?rest_route=\/wp\/v2\/users\/2"}],"replies":[{"embeddable":true,"href":"https:\/\/arantv.az\/index.php?rest_route=%2Fwp%2Fv2%2Fcomments&post=192141"}],"version-history":[{"count":0,"href":"https:\/\/arantv.az\/index.php?rest_route=\/wp\/v2\/posts\/192141\/revisions"}],"wp:featuredmedia":[{"embeddable":true,"href":"https:\/\/arantv.az\/index.php?rest_route=\/wp\/v2\/media\/192142"}],"wp:attachment":[{"href":"https:\/\/arantv.az\/index.php?rest_route=%2Fwp%2Fv2%2Fmedia&parent=192141"}],"wp:term":[{"taxonomy":"category","embeddable":true,"href":"https:\/\/arantv.az\/index.php?rest_route=%2Fwp%2Fv2%2Fcategories&post=192141"},{"taxonomy":"post_tag","embeddable":true,"href":"https:\/\/arantv.az\/index.php?rest_route=%2Fwp%2Fv2%2Ftags&post=192141"}],"curies":[{"name":"wp","href":"https:\/\/api.w.org\/{rel}","templated":true}]}}