{"id":192145,"date":"2020-07-16T14:40:16","date_gmt":"2020-07-16T11:40:16","guid":{"rendered":"http:\/\/arantv.az\/?p=192145"},"modified":"2020-07-16T14:40:16","modified_gmt":"2020-07-16T11:40:16","slug":"bakida-zibil-qabindan-yeni-dogulmus-korp%c9%99nin-meyiti-tapilib","status":"publish","type":"post","link":"https:\/\/arantv.az\/?p=192145","title":{"rendered":"Bak\u0131da zibil qab\u0131ndan yeni do\u011fulmu\u015f k\u00f6rp\u0259nin meyiti tap\u0131l\u0131b"},"content":{"rendered":"<p>D\u00fcn\u0259n saat 17:15 rad\u0259l\u0259rind\u0259 Bak\u0131n\u0131n Yeni Suraxan\u0131 q\u0259s\u0259b\u0259sind\u0259 q\u0259biristanl\u0131q ke\u015fik\u00e7isi, 1957-ci il t\u0259v\u0259ll\u00fcdl\u00fc S\u0259rdar Babayev zibillikd\u0259n yeni do\u011fulmu\u015f k\u00f6rp\u0259nin meyitini tap\u0131b.<\/p>\n<p>Bu bar\u0259d\u0259 Oxu.Az-a h\u00fcquq-m\u00fchafiz\u0259 orqanlar\u0131ndan m\u0259lumat verilib.<\/p>\n<p>M\u0259lum olub ki, k\u00f6rp\u0259 o\u011flan a\u015fkar edildiyi g\u00fcnd\u0259n t\u0259xmin\u0259n bir h\u0259ft\u0259 \u0259vv\u0259l do\u011fulub.<\/p>\n<p>Ara\u015fd\u0131rma zaman\u0131 rayon polis idar\u0259sinin \u0259m\u0259kda\u015flar\u0131 yeni do\u011fulmu\u015f u\u015fa\u011f\u0131n valideynl\u0259rinin kimliyini m\u00fc\u0259yy\u0259nl\u0259\u015fdiribl\u0259r.<\/p>\n<p>M\u0259lum olub ki, qad\u0131n (ad\u0131 m\u00fc\u0259yy\u0259n s\u0259b\u0259bl\u0259r\u0259 g\u00f6r\u0259, qeyd olunmur) vaxt\u0131ndan \u0259vv\u0259l do\u011fulmu\u015f k\u00f6rp\u0259sini yerli x\u0259st\u0259xanalardan birind\u0259 d\u00fcnyaya g\u0259tirib.<\/p>\n<p>Bir m\u00fcdd\u0259t sonra k\u00f6rp\u0259 v\u0259fat etdiyind\u0259n, h\u0259kiml\u0259r c\u0259s\u0259di d\u0259fn etm\u0259k \u00fc\u00e7\u00fcn valideynl\u0259r\u0259 t\u0259hvil veribl\u0259r.<\/p>\n<p>Lakin valideynl\u0259ri onu q\u0259biristanl\u0131\u011f\u0131n yax\u0131nl\u0131\u011f\u0131nda yerl\u0259\u015f\u0259n zibilxanaya at\u0131blar.<\/p>\n<p>&#8220;Valideynl\u0259rin davran\u0131\u015f\u0131ndan sars\u0131ld\u0131q v\u0259 hesab edirik ki, bel\u0259 insanlar\u0131n u\u015faq sahibi olmaq \u00fc\u00e7\u00fcn m\u0259n\u0259vi haqlar\u0131 yoxdur\u201d, &#8211; dey\u0259, h\u00fcquq-m\u00fchafiz\u0259 orqanlar\u0131n\u0131n \u0259m\u0259kda\u015flar\u0131 bildirib.<\/p>\n","protected":false},"excerpt":{"rendered":"<p>D\u00fcn\u0259n saat 17:15 rad\u0259l\u0259rind\u0259 Bak\u0131n\u0131n Yeni Suraxan\u0131 q\u0259s\u0259b\u0259sind\u0259 q\u0259biristanl\u0131q ke\u015fik\u00e7isi, 1957-ci il t\u0259v\u0259ll\u00fcdl\u00fc S\u0259rdar Babayev zibillikd\u0259n yeni do\u011fulmu\u015f k\u00f6rp\u0259nin meyitini tap\u0131b. Bu bar\u0259d\u0259 Oxu.Az-a h\u00fcquq-m\u00fchafiz\u0259 orqanlar\u0131ndan m\u0259lumat verilib. M\u0259lum olub ki, k\u00f6rp\u0259 o\u011flan a\u015fkar edildiyi g\u00fcnd\u0259n t\u0259xmin\u0259n bir h\u0259ft\u0259 \u0259vv\u0259l do\u011fulub. Ara\u015fd\u0131rma zaman\u0131 rayon polis idar\u0259sinin \u0259m\u0259kda\u015flar\u0131 yeni do\u011fulmu\u015f u\u015fa\u011f\u0131n valideynl\u0259rinin kimliyini m\u00fc\u0259yy\u0259nl\u0259\u015fdiribl\u0259r. M\u0259lum olub ki, qad\u0131n (ad\u0131 m\u00fc\u0259yy\u0259n s\u0259b\u0259bl\u0259r\u0259 g\u00f6r\u0259, qeyd olunmur) vaxt\u0131ndan \u0259vv\u0259l do\u011fulmu\u015f k\u00f6rp\u0259sini yerli x\u0259st\u0259xanalardan birind\u0259 d\u00fcnyaya g\u0259tirib. Bir m\u00fcdd\u0259t sonra k\u00f6rp\u0259 v\u0259fat etdiyind\u0259n, h\u0259kiml\u0259r c\u0259s\u0259di d\u0259fn etm\u0259k \u00fc\u00e7\u00fcn valideynl\u0259r\u0259 t\u0259hvil veribl\u0259r. Lakin valideynl\u0259ri onu q\u0259biristanl\u0131\u011f\u0131n&hellip;<\/p>\n","protected":false},"author":2,"featured_media":192146,"comment_status":"closed","ping_status":"closed","sticky":false,"template":"","format":"standard","meta":{"om_disable_all_campaigns":false,"_monsterinsights_skip_tracking":false,"_monsterinsights_sitenote_active":false,"_monsterinsights_sitenote_note":"","_monsterinsights_sitenote_category":0},"categories":[19,26],"tags":[],"aioseo_notices":[],"gutentor_comment":0,"rttpg_featured_image_url":{"full":["https:\/\/arantv.az\/wp-content\/uploads\/2020\/07\/crop.jpg",600,378,false],"landscape":["https:\/\/arantv.az\/wp-content\/uploads\/2020\/07\/crop.jpg",600,378,false],"portraits":["https:\/\/arantv.az\/wp-content\/uploads\/2020\/07\/crop.jpg",600,378,false],"thumbnail":["https:\/\/arantv.az\/wp-content\/uploads\/2020\/07\/crop-150x150.jpg",150,150,true],"medium":["https:\/\/arantv.az\/wp-content\/uploads\/2020\/07\/crop-300x189.jpg",300,189,true],"large":["https:\/\/arantv.az\/wp-content\/uploads\/2020\/07\/crop.jpg",600,378,false],"1536x1536":["https:\/\/arantv.az\/wp-content\/uploads\/2020\/07\/crop.jpg",600,378,false],"2048x2048":["https:\/\/arantv.az\/wp-content\/uploads\/2020\/07\/crop.jpg",600,378,false],"post-thumbnail":["https:\/\/arantv.az\/wp-content\/uploads\/2020\/07\/crop-240x172.jpg",240,172,true],"advps-thumb-one":["https:\/\/arantv.az\/wp-content\/uploads\/2020\/07\/crop.jpg",600,378,false]},"rttpg_author":{"display_name":"V\u00fcsal Rafiqo\u011flu","author_link":"https:\/\/arantv.az\/?author=2"},"rttpg_comment":0,"rttpg_category":"<a href=\"https:\/\/arantv.az\/?cat=19\" rel=\"category\">G\u00fcnd\u0259m<\/a> <a href=\"https:\/\/arantv.az\/?cat=26\" rel=\"category\">Sosial<\/a>","rttpg_excerpt":"D\u00fcn\u0259n saat 17:15 rad\u0259l\u0259rind\u0259 Bak\u0131n\u0131n Yeni Suraxan\u0131 q\u0259s\u0259b\u0259sind\u0259 q\u0259biristanl\u0131q ke\u015fik\u00e7isi, 1957-ci il t\u0259v\u0259ll\u00fcdl\u00fc S\u0259rdar Babayev zibillikd\u0259n yeni do\u011fulmu\u015f k\u00f6rp\u0259nin meyitini tap\u0131b. Bu bar\u0259d\u0259 Oxu.Az-a h\u00fcquq-m\u00fchafiz\u0259 orqanlar\u0131ndan m\u0259lumat verilib. M\u0259lum olub ki, k\u00f6rp\u0259 o\u011flan a\u015fkar edildiyi g\u00fcnd\u0259n t\u0259xmin\u0259n bir h\u0259ft\u0259 \u0259vv\u0259l do\u011fulub. Ara\u015fd\u0131rma zaman\u0131 rayon polis idar\u0259sinin \u0259m\u0259kda\u015flar\u0131 yeni do\u011fulmu\u015f u\u015fa\u011f\u0131n valideynl\u0259rinin kimliyini m\u00fc\u0259yy\u0259nl\u0259\u015fdiribl\u0259r. M\u0259lum olub&hellip;","_links":{"self":[{"href":"https:\/\/arantv.az\/index.php?rest_route=\/wp\/v2\/posts\/192145"}],"collection":[{"href":"https:\/\/arantv.az\/index.php?rest_route=\/wp\/v2\/posts"}],"about":[{"href":"https:\/\/arantv.az\/index.php?rest_route=\/wp\/v2\/types\/post"}],"author":[{"embeddable":true,"href":"https:\/\/arantv.az\/index.php?rest_route=\/wp\/v2\/users\/2"}],"replies":[{"embeddable":true,"href":"https:\/\/arantv.az\/index.php?rest_route=%2Fwp%2Fv2%2Fcomments&post=192145"}],"version-history":[{"count":0,"href":"https:\/\/arantv.az\/index.php?rest_route=\/wp\/v2\/posts\/192145\/revisions"}],"wp:featuredmedia":[{"embeddable":true,"href":"https:\/\/arantv.az\/index.php?rest_route=\/wp\/v2\/media\/192146"}],"wp:attachment":[{"href":"https:\/\/arantv.az\/index.php?rest_route=%2Fwp%2Fv2%2Fmedia&parent=192145"}],"wp:term":[{"taxonomy":"category","embeddable":true,"href":"https:\/\/arantv.az\/index.php?rest_route=%2Fwp%2Fv2%2Fcategories&post=192145"},{"taxonomy":"post_tag","embeddable":true,"href":"https:\/\/arantv.az\/index.php?rest_route=%2Fwp%2Fv2%2Ftags&post=192145"}],"curies":[{"name":"wp","href":"https:\/\/api.w.org\/{rel}","templated":true}]}}