{"id":192149,"date":"2020-07-16T14:41:55","date_gmt":"2020-07-16T11:41:55","guid":{"rendered":"http:\/\/arantv.az\/?p=192149"},"modified":"2020-07-16T14:41:55","modified_gmt":"2020-07-16T11:41:55","slug":"italiya-m%c9%99tbuati-erm%c9%99nistanin-son-t%c9%99xribatlari-az%c9%99rbaycanin-strateji-t%c9%99r%c9%99fdasi-olan-italiyani-narahat-edir","status":"publish","type":"post","link":"https:\/\/arantv.az\/?p=192149","title":{"rendered":"\u0130taliya m\u0259tbuat\u0131: \u201cErm\u0259nistan\u0131n son t\u0259xribatlar\u0131 Az\u0259rbaycan\u0131n strateji t\u0259r\u0259fda\u015f\u0131 olan \u0130taliyan\u0131 narahat edir\u201d"},"content":{"rendered":"<p>\u0130taliyan\u0131n tan\u0131nm\u0131\u015f \u201cL\u2019Opinione\u201d q\u0259zetind\u0259 jurnalist Domeniko Letizian\u0131n 12 iyuldan ba\u015flayaraq Erm\u0259nistan-Az\u0259rbaycan s\u0259rh\u0259di boyunca Erm\u0259nistan\u0131n h\u0259yata ke\u00e7irdiyi t\u0259xribatlar\u0131na \u0130taliyan\u0131n hakim siyasi-ictimai dair\u0259l\u0259rinin v\u0259 tan\u0131nm\u0131\u015f siyas\u0259t\u00e7il\u0259rinin reaksiyas\u0131, \u0130taliyan\u0131n Erm\u0259nistan-Az\u0259rbaycan Da\u011fl\u0131q Qaraba\u011f m\u00fcnaqi\u015f\u0259sinin nizamlanmas\u0131na dair m\u00f6vqeyi, el\u0259c\u0259 d\u0259, m\u00fcnaqi\u015f\u0259nin nizamlanmas\u0131n\u0131n, o c\u00fcml\u0259d\u0259n, son h\u0259rbi t\u0259xribatlar\u0131n qar\u015f\u0131s\u0131n\u0131n al\u0131nmas\u0131n\u0131n \u0130taliyan\u0131n maraqlar\u0131 bax\u0131m\u0131ndan \u0259h\u0259miyy\u0259tin\u0259 dair m\u0259qal\u0259si d\u0259rc olunub.<\/p>\n<p>Az\u0259rbaycan\u0131n \u0130taliyadak\u0131 s\u0259firliyind\u0259n veril\u0259n m\u0259lumata g\u00f6r\u0259, m\u00fc\u0259llif m\u0259qal\u0259sind\u0259 Az\u0259rbaycan\u0131n Da\u011fl\u0131q Qaraba\u011f b\u00f6lg\u0259si v\u0259 \u0259traf yeddi rayonu olmaqla, \u00f6lk\u0259mizin beyn\u0259lxalq s\u0259viyy\u0259d\u0259 tan\u0131nm\u0131\u015f \u0259razil\u0259rinin 20 faizinin Erm\u0259nistan silahl\u0131 q\u00fcvv\u0259l\u0259rinin h\u0259rbi i\u015f\u011fal\u0131 alt\u0131nda qald\u0131\u011f\u0131n\u0131, Tovuz istiqam\u0259tind\u0259 Erm\u0259nistan h\u0259rbi q\u00fcvv\u0259l\u0259rinin h\u0259yata ke\u00e7irdiyi t\u0259xribatlar\u0131n Erm\u0259nistan\u0131n Az\u0259rbaycana qar\u015f\u0131 t\u0259cav\u00fcz\u00fcn\u00fcn yeni dal\u011fas\u0131 oldu\u011funu bildirir, son t\u0259xribatlar\u0131n g\u0259tirib \u00e7\u0131xard\u0131\u011f\u0131 t\u0259l\u0259fatlara diqq\u0259ti \u00e7\u0259kir v\u0259 Prezident \u0130lham \u018fliyevin T\u0259hl\u00fck\u0259sizlik \u015euras\u0131n\u0131n iclas\u0131nda son hadis\u0259l\u0259rl\u0259 ba\u011fl\u0131 fikirl\u0259rin\u0259 istinad edir.<\/p>\n<p>M\u0259qal\u0259d\u0259 Az\u0259rbaycan Prezidentinin Erm\u0259nistan hakimiyy\u0259tini riyakarl\u0131qda ittiham ed\u0259r\u0259k, ba\u015f ver\u0259nl\u0259r\u0259 g\u00f6r\u0259 tam m\u0259suliyy\u0259ti erm\u0259ni t\u0259r\u0259finin da\u015f\u0131\u011f\u0131n\u0131, Erm\u0259nistan\u0131n bir t\u0259r\u0259fd\u0259n beyn\u0259lxalq ictimaiyy\u0259t\u0259 m\u00fcraci\u0259t ed\u0259r\u0259k, Erm\u0259nistan-Az\u0259rbaycan qo\u015funlar\u0131n\u0131n t\u0259mas x\u0259ttind\u0259 at\u0259\u015fk\u0259s rejiminin m\u00f6hk\u0259ml\u0259ndirilm\u0259si \u00fc\u00e7\u00fcn k\u00f6m\u0259k xahi\u015f etdiyini, dig\u0259r t\u0259r\u0259fd\u0259n is\u0259 h\u0259rbi t\u0259xribatlar t\u00f6r\u0259d\u0259r\u0259k, Az\u0259rbaycan \u0259razisin\u0259 basq\u0131n etm\u0259k, Az\u0259rbaycan m\u00f6vqel\u0259rini z\u0259bt etm\u0259k ist\u0259diyini, m\u00fclki \u0259halini, k\u0259ndl\u0259rimizi at\u0259\u015f\u0259 tutdu\u011funu bildirdiyini vur\u011fulay\u0131b.<\/p>\n<div id=\"AdviadNativeVideo0\" class=\"AdviadNativeVideo\"><\/div>\n<p>M\u0259qal\u0259d\u0259 \u0130taliyan\u0131n AT\u018fT-in Minsk Qrupunun \u00fczv\u00fc kimi h\u0259mi\u015f\u0259 m\u00fcnaqi\u015f\u0259nin siyasi h\u0259llini d\u0259st\u0259kl\u0259diyini, Prezident \u0130lham \u018fliyevin \u0130taliyaya d\u00f6vl\u0259t s\u0259f\u0259ri zaman\u0131 imzalanm\u0131\u015f \u201cAz\u0259rbaycan Respublikas\u0131 il\u0259 \u0130taliya Respublikas\u0131 aras\u0131nda \u00c7ox\u015fax\u0259li Strateji T\u0259r\u0259fda\u015fl\u0131\u011f\u0131n G\u00fccl\u0259ndirilm\u0259sin\u0259 dair Birg\u0259 B\u0259yannam\u0259\u201dd\u0259 t\u0259r\u0259fl\u0259rin bir-birinin m\u00fcst\u0259qilliyini, suverenliyini, \u0259razi b\u00fct\u00f6vl\u00fcy\u00fcn\u00fc v\u0259 beyn\u0259lxalq s\u0259viyy\u0259d\u0259 tan\u0131nm\u0131\u015f s\u0259rh\u0259dl\u0259rin\u0259 d\u0259st\u0259yini, d\u00f6vl\u0259tl\u0259raras\u0131 m\u00fcnasib\u0259tl\u0259rd\u0259 t\u0259cav\u00fcz aktlar\u0131n\u0131n yolverilm\u0259zliyini t\u0259sdiq etdikl\u0259rini, habel\u0259 h\u0259min s\u0259n\u0259dd\u0259 \u0130taliyan\u0131n\u00a0Erm\u0259nistan-Az\u0259rbaycan Da\u011fl\u0131q Qaraba\u011f m\u00fcnaqi\u015f\u0259sinin Helsinki Yekun Akt\u0131n\u0131n t\u0259m\u0259l prinsipl\u0259ri, x\u00fcsusil\u0259 suverenlik, \u0259razi b\u00fct\u00f6vl\u00fcy\u00fc v\u0259 beyn\u0259lxalq s\u0259rh\u0259dl\u0259rin toxunulmazl\u0131\u011f\u0131 \u0259sas\u0131nda, BMT v\u0259 AT\u018fT-in m\u00fcvafiq s\u0259n\u0259d v\u0259 q\u0259rarlar\u0131nda t\u0259sbit olundu\u011fu kimi, s\u00fclh yolu il\u0259 nizamlanmas\u0131n\u0131 d\u0259st\u0259kl\u0259diyinin ifad\u0259 olundu\u011fu bildirir.<\/p>\n<p>M\u00fc\u0259llif m\u0259qal\u0259sind\u0259, habel\u0259 Erm\u0259nistan\u0131n son t\u0259xribatlar\u0131n\u0131n \u0130taliya hakim-siyasi dair\u0259l\u0259rind\u0259 yaratd\u0131\u011f\u0131 narahatl\u0131\u011fa diqq\u0259ti \u00e7\u0259kir, el\u0259c\u0259 d\u0259 m\u00fcnaqi\u015f\u0259nin h\u0259llin\u0259 m\u00fcnasib\u0259td\u0259 \u0130taliya h\u00f6kum\u0259tinin, parlamentinin \u00fczvl\u0259rinin, tan\u0131nm\u0131\u015f ictimai-siyasi xadiml\u0259rinin verdikl\u0259ri a\u00e7\u0131qlamalara yer verir.<\/p>\n<p>Bu x\u00fcsusda, m\u00fc\u0259llif \u0130taliya Xarici \u0130\u015fl\u0259r v\u0259 Beyn\u0259lxalq \u018fm\u0259kda\u015fl\u0131q naziri Luici Di Maionun \u00f6z az\u0259rbaycanl\u0131 h\u0259mkar\u0131na telefon z\u0259nginin \u0130taliyan\u0131n narahatl\u0131\u011f\u0131ndan ir\u0259li g\u0259ldiyini bildirir, el\u0259c\u0259 d\u0259 Senat\u0131n Xarici \u0259laq\u0259l\u0259r daimi komissiyas\u0131n\u0131n s\u0259dri, 5 Ulduz H\u0259r\u0259kat\u0131 partiyas\u0131ndan olan senator Vito Petro\u00e7elli, \u0130taliya Respublikas\u0131n\u0131n Nazirl\u0259r \u015euras\u0131n\u0131n Parlamentl\u0259 \u018flaq\u0259l\u0259r \u00fczr\u0259 d\u00f6vl\u0259t katibi, 5 Ulduz H\u0259r\u0259kat\u0131 partiyas\u0131ndan olan senator Canluka Kastaldi, \u0130taliyan\u0131n AT\u018fT Parlament Assambleyas\u0131 yan\u0131nda n\u00fcmay\u0259nd\u0259 hey\u0259tinin s\u0259dri v\u0259 Deputatlar Palatas\u0131n\u0131n Xarici \u0259laq\u0259l\u0259r daimi komissiyas\u0131n\u0131n s\u0259dr m\u00fcavini, Liqa partiyas\u0131ndan deputat Paolo Qrimoldi, \u0130taliya Parlamentind\u0259 Az\u0259rbaycanla Parlamentl\u0259raras\u0131 Dostluq Qrupunun s\u0259dri, Liqa partiyas\u0131ndan senator Stefano Lu\u00e7idi, \u0130taliya Parlamentind\u0259 Az\u0259rbaycanla Parlamentl\u0259raras\u0131 Dostluq Assosiasiyas\u0131n\u0131n s\u0259dri, Liqa partiyas\u0131ndan deputat Rossana Boldi v\u0259 \u0130taliya Senat\u0131n\u0131n \u201c\u0130r\u0259li \u0130taliya\u201d partiyas\u0131ndan olan \u00fczv\u00fc, \u0130taliya-Az\u0259rbaycan Parlamentl\u0259raras\u0131 Dostluq Assosiasiyas\u0131n\u0131n s\u0259dr m\u00fcavini, senator Maria Rizzotti, \u0130taliya Senat\u0131n\u0131n \u201cYa\u015fas\u0131n \u0130taliya\u201d partiyas\u0131ndan olan \u00fczv\u00fc, senator Mauro Maria Marino, Deputatlar Palatas\u0131n\u0131n Xarici \u0259laq\u0259l\u0259r komissiyas\u0131n\u0131n \u00fczv\u00fc, \u201c\u0130r\u0259li, \u0130taliya\u201d partiyas\u0131ndan olan deputat Osvaldo Napoli, \u0130taliyan\u0131n sabiq xarici i\u015fl\u0259r naziri, \u201cMarco Pannella\u201d H\u00fcququn Aliliyi Qlobal Komit\u0259sinin prezidenti Culio Terzinin \u0130taliya m\u0259tbuat\u0131na a\u00e7\u0131qlamalar ver\u0259r\u0259k, Erm\u0259nistan silahl\u0131 q\u00fcvv\u0259l\u0259rinin t\u0259xribatlar\u0131n\u0131 v\u0259 Az\u0259rbaycan \u0259razil\u0259rinin i\u015f\u011fal\u0131n\u0131 pisl\u0259dikl\u0259rini, Az\u0259rbaycan\u0131n \u0259razi b\u00fct\u00f6vl\u00fcy\u00fcn\u0259 v\u0259 beyn\u0259lxalq s\u0259viyy\u0259d\u0259 tan\u0131nm\u0131\u015f s\u0259rh\u0259dl\u0259rin\u0259 h\u00f6rm\u0259t edilm\u0259sinin v\u0259 BMT T\u0259hl\u00fck\u0259sizlik \u015euras\u0131n\u0131n 1993-c\u00fc ild\u0259 q\u0259bul olunmu\u015f q\u0259tnam\u0259l\u0259rinin yerin\u0259 yetirilm\u0259sinin vacibliyini vur\u011fulad\u0131qlar\u0131n\u0131 qeyd edir.<\/p>\n<p>H\u0259min \u015f\u0259xsl\u0259rin \u00f6z a\u00e7\u0131qlamalar\u0131nda silahl\u0131 qar\u015f\u0131durmalar\u0131n ba\u015f verdiyi Tovuz rayonu \u0259razisind\u0259n \u0130taliyaya da neft n\u0259ql ed\u0259n Bak\u0131-Tbilisi-Ceyhan neft k\u0259m\u0259rinin v\u0259 C\u0259nub Qaz D\u0259hlizinin ba\u015flan\u011f\u0131c\u0131n\u0131 t\u0259\u015fkil etm\u0259si bax\u0131m\u0131ndan maraq do\u011furan C\u0259nubi Qafqaz boru k\u0259m\u0259rinin ke\u00e7diyini vur\u011fulad\u0131qlar\u0131n\u0131 bildirir.<\/p>\n<p>M\u00fc\u0259llif m\u0259qal\u0259sind\u0259 Erm\u0259nistan-Az\u0259rbaycan m\u00fcnaqi\u015f\u0259sinin v\u0259 Az\u0259rbaycan \u0259razil\u0259rinin i\u015f\u011fal\u0131n\u0131n C\u0259nubi Qafqazda sabitliy\u0259 v\u0259 t\u0259hl\u00fck\u0259sizliy\u0259 ba\u015fl\u0131ca t\u0259hdid oldu\u011funu, beyn\u0259lxalq t\u0259\u015fkilatlar t\u0259r\u0259find\u0259n \u00e7oxsayl\u0131 s\u0259n\u0259dl\u0259rin q\u0259bul olunmas\u0131na baxmayaraq, Erm\u0259nistan\u0131n \u00f6z qo\u015funlar\u0131n\u0131 i\u015f\u011fal olunmu\u015f \u0259razil\u0259rd\u0259n \u00e7\u0131xarmaq \u0259v\u0259zin\u0259, \u00f6z h\u0259rbi aktlar\u0131n\u0131 davam etdirdiyini qeyd edir.<\/p>\n<p>Yaz\u0131da karbohidrogen ehtiyatlar\u0131, o c\u00fcml\u0259d\u0259n t\u0259bii qazla z\u0259ngin olan, Bak\u0131-Tbilisi-Ceyhan neft k\u0259m\u0259ri v\u0259 C\u0259nub Qaz D\u0259hlizinin t\u0259rkib hiss\u0259si olan v\u0259 \u0130taliyan\u0131n Puliya regionuna q\u0259d\u0259r uzanan TAP boru k\u0259m\u0259rinin t\u0259chizat\u00e7\u0131s\u0131 olan Az\u0259rbaycan\u0131n Avropa Birliyinin enerji t\u0259hl\u00fck\u0259sizliyi strategiyas\u0131n\u0131 h\u0259yata ke\u00e7irm\u0259si \u00fc\u00e7\u00fcn \u0259h\u0259miyy\u0259tind\u0259n b\u0259hs olunur.<\/p>\n<p>M\u0259qal\u0259d\u0259 Az\u0259rbaycan\u0131n \u0130taliyan\u0131n g\u00fccl\u00fc iqtisadi v\u0259 ticari \u0259laq\u0259l\u0259r\u0259 malik strateji t\u0259r\u0259fda\u015f\u0131 v\u0259 b\u00f6lg\u0259d\u0259 \u0259sas istinad n\u00f6qt\u0259si oldu\u011fu v\u0259 m\u00fcnaqi\u015f\u0259nin yenid\u0259n alovlanmas\u0131n\u0131n \u0130taliyan\u0131 v\u0259 beyn\u0259lxalq ictimaiyy\u0259ti narahat etm\u0259li oldu\u011fu vur\u011fulan\u0131r.<\/p>\n<p>M\u0259qal\u0259 il\u0259 bu\u00a0<a href=\"http:\/\/www.opinione.it\/esteri\/2020\/07\/15\/domenico-letizia_armenia-azerbaigian-nagorno-karabakh-tovuz-dondar-gushchu-aliyev-italia-castaldi-petrocelli-rizzotti-marino-napoli-boldi-lucidi\/\" target=\"_blank\" rel=\"noopener\">ke\u00e7idl\u0259<\/a>\u00a0tan\u0131\u015f olmaq m\u00fcmk\u00fcnd\u00fcr.<\/p>\n","protected":false},"excerpt":{"rendered":"<p>\u0130taliyan\u0131n tan\u0131nm\u0131\u015f \u201cL\u2019Opinione\u201d q\u0259zetind\u0259 jurnalist Domeniko Letizian\u0131n 12 iyuldan ba\u015flayaraq Erm\u0259nistan-Az\u0259rbaycan s\u0259rh\u0259di boyunca Erm\u0259nistan\u0131n h\u0259yata ke\u00e7irdiyi t\u0259xribatlar\u0131na \u0130taliyan\u0131n hakim siyasi-ictimai dair\u0259l\u0259rinin v\u0259 tan\u0131nm\u0131\u015f siyas\u0259t\u00e7il\u0259rinin reaksiyas\u0131, \u0130taliyan\u0131n Erm\u0259nistan-Az\u0259rbaycan Da\u011fl\u0131q Qaraba\u011f m\u00fcnaqi\u015f\u0259sinin nizamlanmas\u0131na dair m\u00f6vqeyi, el\u0259c\u0259 d\u0259, m\u00fcnaqi\u015f\u0259nin nizamlanmas\u0131n\u0131n, o c\u00fcml\u0259d\u0259n, son h\u0259rbi t\u0259xribatlar\u0131n qar\u015f\u0131s\u0131n\u0131n al\u0131nmas\u0131n\u0131n \u0130taliyan\u0131n maraqlar\u0131 bax\u0131m\u0131ndan \u0259h\u0259miyy\u0259tin\u0259 dair m\u0259qal\u0259si d\u0259rc olunub. Az\u0259rbaycan\u0131n \u0130taliyadak\u0131 s\u0259firliyind\u0259n veril\u0259n m\u0259lumata g\u00f6r\u0259, m\u00fc\u0259llif m\u0259qal\u0259sind\u0259 Az\u0259rbaycan\u0131n Da\u011fl\u0131q Qaraba\u011f b\u00f6lg\u0259si v\u0259 \u0259traf yeddi rayonu olmaqla, \u00f6lk\u0259mizin beyn\u0259lxalq s\u0259viyy\u0259d\u0259 tan\u0131nm\u0131\u015f \u0259razil\u0259rinin 20 faizinin Erm\u0259nistan silahl\u0131 q\u00fcvv\u0259l\u0259rinin h\u0259rbi i\u015f\u011fal\u0131 alt\u0131nda qald\u0131\u011f\u0131n\u0131, Tovuz istiqam\u0259tind\u0259 Erm\u0259nistan h\u0259rbi q\u00fcvv\u0259l\u0259rinin h\u0259yata ke\u00e7irdiyi&hellip;<\/p>\n","protected":false},"author":2,"featured_media":192150,"comment_status":"closed","ping_status":"closed","sticky":false,"template":"","format":"standard","meta":{"om_disable_all_campaigns":false,"_monsterinsights_skip_tracking":false,"_monsterinsights_sitenote_active":false,"_monsterinsights_sitenote_note":"","_monsterinsights_sitenote_category":0},"categories":[4],"tags":[],"aioseo_notices":[],"gutentor_comment":0,"rttpg_featured_image_url":{"full":["https:\/\/arantv.az\/wp-content\/uploads\/2020\/07\/original_Vittorino.Rome_.Photo_20by_20AdrianaYampey.crop_.jpg",617,465,false],"landscape":["https:\/\/arantv.az\/wp-content\/uploads\/2020\/07\/original_Vittorino.Rome_.Photo_20by_20AdrianaYampey.crop_.jpg",617,465,false],"portraits":["https:\/\/arantv.az\/wp-content\/uploads\/2020\/07\/original_Vittorino.Rome_.Photo_20by_20AdrianaYampey.crop_.jpg",617,465,false],"thumbnail":["https:\/\/arantv.az\/wp-content\/uploads\/2020\/07\/original_Vittorino.Rome_.Photo_20by_20AdrianaYampey.crop_-150x150.jpg",150,150,true],"medium":["https:\/\/arantv.az\/wp-content\/uploads\/2020\/07\/original_Vittorino.Rome_.Photo_20by_20AdrianaYampey.crop_-300x226.jpg",300,226,true],"large":["https:\/\/arantv.az\/wp-content\/uploads\/2020\/07\/original_Vittorino.Rome_.Photo_20by_20AdrianaYampey.crop_.jpg",617,465,false],"1536x1536":["https:\/\/arantv.az\/wp-content\/uploads\/2020\/07\/original_Vittorino.Rome_.Photo_20by_20AdrianaYampey.crop_.jpg",617,465,false],"2048x2048":["https:\/\/arantv.az\/wp-content\/uploads\/2020\/07\/original_Vittorino.Rome_.Photo_20by_20AdrianaYampey.crop_.jpg",617,465,false],"post-thumbnail":["https:\/\/arantv.az\/wp-content\/uploads\/2020\/07\/original_Vittorino.Rome_.Photo_20by_20AdrianaYampey.crop_-240x172.jpg",240,172,true],"advps-thumb-one":["https:\/\/arantv.az\/wp-content\/uploads\/2020\/07\/original_Vittorino.Rome_.Photo_20by_20AdrianaYampey.crop_.jpg",617,465,false]},"rttpg_author":{"display_name":"V\u00fcsal Rafiqo\u011flu","author_link":"https:\/\/arantv.az\/?author=2"},"rttpg_comment":0,"rttpg_category":"<a href=\"https:\/\/arantv.az\/?cat=4\" rel=\"category\">Siyas\u0259t<\/a>","rttpg_excerpt":"\u0130taliyan\u0131n tan\u0131nm\u0131\u015f \u201cL\u2019Opinione\u201d q\u0259zetind\u0259 jurnalist Domeniko Letizian\u0131n 12 iyuldan ba\u015flayaraq Erm\u0259nistan-Az\u0259rbaycan s\u0259rh\u0259di boyunca Erm\u0259nistan\u0131n h\u0259yata ke\u00e7irdiyi t\u0259xribatlar\u0131na \u0130taliyan\u0131n hakim siyasi-ictimai dair\u0259l\u0259rinin v\u0259 tan\u0131nm\u0131\u015f siyas\u0259t\u00e7il\u0259rinin reaksiyas\u0131, \u0130taliyan\u0131n Erm\u0259nistan-Az\u0259rbaycan Da\u011fl\u0131q Qaraba\u011f m\u00fcnaqi\u015f\u0259sinin nizamlanmas\u0131na dair m\u00f6vqeyi, el\u0259c\u0259 d\u0259, m\u00fcnaqi\u015f\u0259nin nizamlanmas\u0131n\u0131n, o c\u00fcml\u0259d\u0259n, son h\u0259rbi t\u0259xribatlar\u0131n qar\u015f\u0131s\u0131n\u0131n al\u0131nmas\u0131n\u0131n \u0130taliyan\u0131n maraqlar\u0131 bax\u0131m\u0131ndan \u0259h\u0259miyy\u0259tin\u0259 dair m\u0259qal\u0259si d\u0259rc olunub. Az\u0259rbaycan\u0131n \u0130taliyadak\u0131 s\u0259firliyind\u0259n&hellip;","_links":{"self":[{"href":"https:\/\/arantv.az\/index.php?rest_route=\/wp\/v2\/posts\/192149"}],"collection":[{"href":"https:\/\/arantv.az\/index.php?rest_route=\/wp\/v2\/posts"}],"about":[{"href":"https:\/\/arantv.az\/index.php?rest_route=\/wp\/v2\/types\/post"}],"author":[{"embeddable":true,"href":"https:\/\/arantv.az\/index.php?rest_route=\/wp\/v2\/users\/2"}],"replies":[{"embeddable":true,"href":"https:\/\/arantv.az\/index.php?rest_route=%2Fwp%2Fv2%2Fcomments&post=192149"}],"version-history":[{"count":0,"href":"https:\/\/arantv.az\/index.php?rest_route=\/wp\/v2\/posts\/192149\/revisions"}],"wp:featuredmedia":[{"embeddable":true,"href":"https:\/\/arantv.az\/index.php?rest_route=\/wp\/v2\/media\/192150"}],"wp:attachment":[{"href":"https:\/\/arantv.az\/index.php?rest_route=%2Fwp%2Fv2%2Fmedia&parent=192149"}],"wp:term":[{"taxonomy":"category","embeddable":true,"href":"https:\/\/arantv.az\/index.php?rest_route=%2Fwp%2Fv2%2Fcategories&post=192149"},{"taxonomy":"post_tag","embeddable":true,"href":"https:\/\/arantv.az\/index.php?rest_route=%2Fwp%2Fv2%2Ftags&post=192149"}],"curies":[{"name":"wp","href":"https:\/\/api.w.org\/{rel}","templated":true}]}}