{"id":192157,"date":"2020-07-16T14:44:03","date_gmt":"2020-07-16T11:44:03","guid":{"rendered":"http:\/\/arantv.az\/?p=192157"},"modified":"2020-07-16T14:44:03","modified_gmt":"2020-07-16T11:44:03","slug":"fransa-az%c9%99rbaycan-erm%c9%99nistan-s%c9%99rh%c9%99dind%c9%99ki-toqqusmalari-pisl%c9%99yir-video","status":"publish","type":"post","link":"https:\/\/arantv.az\/?p=192157","title":{"rendered":"Fransa Az\u0259rbaycan &#8211; Erm\u0259nistan s\u0259rh\u0259dind\u0259ki toqqu\u015fmalar\u0131 pisl\u0259yir &#8211; V\u0130DEO"},"content":{"rendered":"<article class=\"news\">\n<div class=\"news-inner\">\n<p>Fransa Az\u0259rbaycan &#8211; Erm\u0259nistan s\u0259rh\u0259dind\u0259 ba\u015f ver\u0259n silahl\u0131 toqqu\u015fmalar\u0131 pisl\u0259yir, h\u0259r iki t\u0259r\u0259fi at\u0259\u015fk\u0259s rejimin\u0259 \u0259m\u0259l etm\u0259y\u0259 v\u0259 dialoqu b\u0259rpa etm\u0259y\u0259 \u00e7a\u011f\u0131r\u0131r.<\/p>\n<p>Bu bar\u0259d\u0259 Fransa Xarici \u0130\u015fl\u0259r Nazirliyinin n\u00fcmay\u0259nd\u0259sinin b\u0259yanat\u0131nda qeyd olunub.<\/p>\n<div id=\"AdviadNativeVideo0\" class=\"AdviadNativeVideo\"><\/div>\n<p>\u201cFransa bazar g\u00fcn\u00fcnd\u0259n etibar\u0259n Erm\u0259nistanla Az\u0259rbaycan aras\u0131ndak\u0131 s\u0259rh\u0259dd\u0259 ba\u015f ver\u0259n v\u0259 bir ne\u00e7\u0259 n\u0259f\u0259rin \u00f6l\u00fcm\u00fcn\u0259 s\u0259b\u0259b olan silahl\u0131 toqqu\u015fmalar\u0131 pisl\u0259yir. O, h\u0259r iki t\u0259r\u0259fi at\u0259\u015fk\u0259s rejimin\u0259 riay\u0259t etm\u0259y\u0259 v\u0259 eskalasiyan\u0131n qar\u015f\u0131s\u0131n\u0131 almaq \u00fc\u00e7\u00fcn dialoqa ba\u015flama\u011fa \u00e7a\u011f\u0131r\u0131r\u201d, &#8211; dey\u0259 \u00f6lk\u0259nin Xarici \u0130\u015fl\u0259r Nazirliyinin b\u0259yanat\u0131nda deyilir.<\/p>\n<p>Fransa AT\u018fT-in Minsk Qrupunun h\u0259ms\u0259dri kimi Rusiya v\u0259 amerikal\u0131 t\u0259r\u0259fda\u015flar\u0131 il\u0259 birlikd\u0259 Da\u011fl\u0131q Qaraba\u011fda m\u00fcnaqi\u015f\u0259nin beyn\u0259lxalq h\u00fcquqa uy\u011fun h\u0259llin\u0259 sadiqliyini t\u0259sdiq edir.<\/p>\n<div><iframe loading=\"lazy\" src=\"https:\/\/www.youtube.com\/embed\/LOiBdW1dEYc\" width=\"560\" height=\"315\" frameborder=\"0\" allowfullscreen=\"allowfullscreen\" data-mce-fragment=\"1\"><\/iframe><\/div>\n<\/div>\n<\/article>\n<h2 class=\"news-share-title\"><\/h2>\n","protected":false},"excerpt":{"rendered":"<p>Fransa Az\u0259rbaycan &#8211; Erm\u0259nistan s\u0259rh\u0259dind\u0259 ba\u015f ver\u0259n silahl\u0131 toqqu\u015fmalar\u0131 pisl\u0259yir, h\u0259r iki t\u0259r\u0259fi at\u0259\u015fk\u0259s rejimin\u0259 \u0259m\u0259l etm\u0259y\u0259 v\u0259 dialoqu b\u0259rpa etm\u0259y\u0259 \u00e7a\u011f\u0131r\u0131r. Bu bar\u0259d\u0259 Fransa Xarici \u0130\u015fl\u0259r Nazirliyinin n\u00fcmay\u0259nd\u0259sinin b\u0259yanat\u0131nda qeyd olunub. \u201cFransa bazar g\u00fcn\u00fcnd\u0259n etibar\u0259n Erm\u0259nistanla Az\u0259rbaycan aras\u0131ndak\u0131 s\u0259rh\u0259dd\u0259 ba\u015f ver\u0259n v\u0259 bir ne\u00e7\u0259 n\u0259f\u0259rin \u00f6l\u00fcm\u00fcn\u0259 s\u0259b\u0259b olan silahl\u0131 toqqu\u015fmalar\u0131 pisl\u0259yir. O, h\u0259r iki t\u0259r\u0259fi at\u0259\u015fk\u0259s rejimin\u0259 riay\u0259t etm\u0259y\u0259 v\u0259 eskalasiyan\u0131n qar\u015f\u0131s\u0131n\u0131 almaq \u00fc\u00e7\u00fcn dialoqa ba\u015flama\u011fa \u00e7a\u011f\u0131r\u0131r\u201d, &#8211; dey\u0259 \u00f6lk\u0259nin Xarici \u0130\u015fl\u0259r Nazirliyinin b\u0259yanat\u0131nda deyilir. Fransa AT\u018fT-in Minsk Qrupunun h\u0259ms\u0259dri kimi Rusiya v\u0259 amerikal\u0131 t\u0259r\u0259fda\u015flar\u0131 il\u0259 birlikd\u0259 Da\u011fl\u0131q Qaraba\u011fda&hellip;<\/p>\n","protected":false},"author":2,"featured_media":192158,"comment_status":"closed","ping_status":"closed","sticky":false,"template":"","format":"standard","meta":{"om_disable_all_campaigns":false,"_monsterinsights_skip_tracking":false,"_monsterinsights_sitenote_active":false,"_monsterinsights_sitenote_note":"","_monsterinsights_sitenote_category":0},"categories":[4],"tags":[],"aioseo_notices":[],"gutentor_comment":0,"rttpg_featured_image_url":{"full":["https:\/\/arantv.az\/wp-content\/uploads\/2020\/07\/435345_1526534887.jpg",620,425,false],"landscape":["https:\/\/arantv.az\/wp-content\/uploads\/2020\/07\/435345_1526534887.jpg",620,425,false],"portraits":["https:\/\/arantv.az\/wp-content\/uploads\/2020\/07\/435345_1526534887.jpg",620,425,false],"thumbnail":["https:\/\/arantv.az\/wp-content\/uploads\/2020\/07\/435345_1526534887-150x150.jpg",150,150,true],"medium":["https:\/\/arantv.az\/wp-content\/uploads\/2020\/07\/435345_1526534887-300x206.jpg",300,206,true],"large":["https:\/\/arantv.az\/wp-content\/uploads\/2020\/07\/435345_1526534887.jpg",620,425,false],"1536x1536":["https:\/\/arantv.az\/wp-content\/uploads\/2020\/07\/435345_1526534887.jpg",620,425,false],"2048x2048":["https:\/\/arantv.az\/wp-content\/uploads\/2020\/07\/435345_1526534887.jpg",620,425,false],"post-thumbnail":["https:\/\/arantv.az\/wp-content\/uploads\/2020\/07\/435345_1526534887-240x172.jpg",240,172,true],"advps-thumb-one":["https:\/\/arantv.az\/wp-content\/uploads\/2020\/07\/435345_1526534887.jpg",620,425,false]},"rttpg_author":{"display_name":"V\u00fcsal Rafiqo\u011flu","author_link":"https:\/\/arantv.az\/?author=2"},"rttpg_comment":0,"rttpg_category":"<a href=\"https:\/\/arantv.az\/?cat=4\" rel=\"category\">Siyas\u0259t<\/a>","rttpg_excerpt":"Fransa Az\u0259rbaycan &#8211; Erm\u0259nistan s\u0259rh\u0259dind\u0259 ba\u015f ver\u0259n silahl\u0131 toqqu\u015fmalar\u0131 pisl\u0259yir, h\u0259r iki t\u0259r\u0259fi at\u0259\u015fk\u0259s rejimin\u0259 \u0259m\u0259l etm\u0259y\u0259 v\u0259 dialoqu b\u0259rpa etm\u0259y\u0259 \u00e7a\u011f\u0131r\u0131r. Bu bar\u0259d\u0259 Fransa Xarici \u0130\u015fl\u0259r Nazirliyinin n\u00fcmay\u0259nd\u0259sinin b\u0259yanat\u0131nda qeyd olunub. \u201cFransa bazar g\u00fcn\u00fcnd\u0259n etibar\u0259n Erm\u0259nistanla Az\u0259rbaycan aras\u0131ndak\u0131 s\u0259rh\u0259dd\u0259 ba\u015f ver\u0259n v\u0259 bir ne\u00e7\u0259 n\u0259f\u0259rin \u00f6l\u00fcm\u00fcn\u0259 s\u0259b\u0259b olan silahl\u0131 toqqu\u015fmalar\u0131 pisl\u0259yir. O, h\u0259r iki&hellip;","_links":{"self":[{"href":"https:\/\/arantv.az\/index.php?rest_route=\/wp\/v2\/posts\/192157"}],"collection":[{"href":"https:\/\/arantv.az\/index.php?rest_route=\/wp\/v2\/posts"}],"about":[{"href":"https:\/\/arantv.az\/index.php?rest_route=\/wp\/v2\/types\/post"}],"author":[{"embeddable":true,"href":"https:\/\/arantv.az\/index.php?rest_route=\/wp\/v2\/users\/2"}],"replies":[{"embeddable":true,"href":"https:\/\/arantv.az\/index.php?rest_route=%2Fwp%2Fv2%2Fcomments&post=192157"}],"version-history":[{"count":0,"href":"https:\/\/arantv.az\/index.php?rest_route=\/wp\/v2\/posts\/192157\/revisions"}],"wp:featuredmedia":[{"embeddable":true,"href":"https:\/\/arantv.az\/index.php?rest_route=\/wp\/v2\/media\/192158"}],"wp:attachment":[{"href":"https:\/\/arantv.az\/index.php?rest_route=%2Fwp%2Fv2%2Fmedia&parent=192157"}],"wp:term":[{"taxonomy":"category","embeddable":true,"href":"https:\/\/arantv.az\/index.php?rest_route=%2Fwp%2Fv2%2Fcategories&post=192157"},{"taxonomy":"post_tag","embeddable":true,"href":"https:\/\/arantv.az\/index.php?rest_route=%2Fwp%2Fv2%2Ftags&post=192157"}],"curies":[{"name":"wp","href":"https:\/\/api.w.org\/{rel}","templated":true}]}}