{"id":192178,"date":"2020-07-16T14:49:12","date_gmt":"2020-07-16T11:49:12","guid":{"rendered":"http:\/\/arantv.az\/?p=192178"},"modified":"2020-07-16T14:49:12","modified_gmt":"2020-07-16T11:49:12","slug":"dusm%c9%99n-%c9%99razisind%c9%99-az%c9%99rbaycan-ordusunun-hec-bir-ol%c9%99n-v%c9%99-yaralanan-h%c9%99rbi-qulluqcusu-yoxdur-r%c9%99smi","status":"publish","type":"post","link":"https:\/\/arantv.az\/?p=192178","title":{"rendered":"D\u00fc\u015fm\u0259n \u0259razisind\u0259 Az\u0259rbaycan Ordusunun he\u00e7 bir \u00f6l\u0259n v\u0259 yaralanan h\u0259rbi qulluq\u00e7usu yoxdur &#8211; R\u018fSM\u0130"},"content":{"rendered":"<p>Az\u0259rbaycan M\u00fcdafi\u0259 Nazirliyinin M\u0259tbuat Xidm\u0259tinin r\u0259isi, polkovnik Vaqif D\u0259rgahl\u0131 Erm\u0259nistan t\u0259r\u0259finin \u201c\u00f6l\u0259n v\u0259 yaralananlar\u0131n g\u00f6t\u00fcr\u00fclm\u0259sin\u0259 icaz\u0259 ver\u0259c\u0259kl\u0259ri bar\u0259d\u0259\u201d dedikl\u0259rin\u0259 cavab verib.<\/p>\n<div id=\"AdviadNativeVideo0\" class=\"AdviadNativeVideo\"><\/div>\n<p>M\u00fcdafi\u0259 Nazirliyind\u0259n bildirilib ki, erm\u0259ni xisl\u0259tin\u0259 tam uy\u011fun g\u0259l\u0259n bu fikirl\u0259r h\u0259qiq\u0259t\u0259 uy\u011fun deyil v\u0259 he\u00e7 bir \u0259sas\u0131 yoxdur:<\/p>\n<p>\u201cBildiririk ki, d\u00fc\u015fm\u0259n \u0259razisind\u0259 Az\u0259rbaycan Ordusunun he\u00e7 bir \u00f6l\u0259n v\u0259 yaralanan h\u0259rbi qulluq\u00e7usu yoxdur ki, buna g\u00f6r\u0259 d\u0259 kimd\u0259ns\u0259 icaz\u0259 ist\u0259nilsin\u201d.<\/p>\n","protected":false},"excerpt":{"rendered":"<p>Az\u0259rbaycan M\u00fcdafi\u0259 Nazirliyinin M\u0259tbuat Xidm\u0259tinin r\u0259isi, polkovnik Vaqif D\u0259rgahl\u0131 Erm\u0259nistan t\u0259r\u0259finin \u201c\u00f6l\u0259n v\u0259 yaralananlar\u0131n g\u00f6t\u00fcr\u00fclm\u0259sin\u0259 icaz\u0259 ver\u0259c\u0259kl\u0259ri bar\u0259d\u0259\u201d dedikl\u0259rin\u0259 cavab verib. M\u00fcdafi\u0259 Nazirliyind\u0259n bildirilib ki, erm\u0259ni xisl\u0259tin\u0259 tam uy\u011fun g\u0259l\u0259n bu fikirl\u0259r h\u0259qiq\u0259t\u0259 uy\u011fun deyil v\u0259 he\u00e7 bir \u0259sas\u0131 yoxdur: \u201cBildiririk ki, d\u00fc\u015fm\u0259n \u0259razisind\u0259 Az\u0259rbaycan Ordusunun he\u00e7 bir \u00f6l\u0259n v\u0259 yaralanan h\u0259rbi qulluq\u00e7usu yoxdur ki, buna g\u00f6r\u0259 d\u0259 kimd\u0259ns\u0259 icaz\u0259 ist\u0259nilsin\u201d.<\/p>\n","protected":false},"author":2,"featured_media":192179,"comment_status":"closed","ping_status":"closed","sticky":false,"template":"","format":"standard","meta":{"om_disable_all_campaigns":false,"_monsterinsights_skip_tracking":false,"_monsterinsights_sitenote_active":false,"_monsterinsights_sitenote_note":"","_monsterinsights_sitenote_category":0},"categories":[19],"tags":[],"aioseo_notices":[],"gutentor_comment":0,"rttpg_featured_image_url":{"full":["https:\/\/arantv.az\/wp-content\/uploads\/2020\/07\/mn2.jpg",620,437,false],"landscape":["https:\/\/arantv.az\/wp-content\/uploads\/2020\/07\/mn2.jpg",620,437,false],"portraits":["https:\/\/arantv.az\/wp-content\/uploads\/2020\/07\/mn2.jpg",620,437,false],"thumbnail":["https:\/\/arantv.az\/wp-content\/uploads\/2020\/07\/mn2-150x150.jpg",150,150,true],"medium":["https:\/\/arantv.az\/wp-content\/uploads\/2020\/07\/mn2-300x211.jpg",300,211,true],"large":["https:\/\/arantv.az\/wp-content\/uploads\/2020\/07\/mn2.jpg",620,437,false],"1536x1536":["https:\/\/arantv.az\/wp-content\/uploads\/2020\/07\/mn2.jpg",620,437,false],"2048x2048":["https:\/\/arantv.az\/wp-content\/uploads\/2020\/07\/mn2.jpg",620,437,false],"post-thumbnail":["https:\/\/arantv.az\/wp-content\/uploads\/2020\/07\/mn2-240x172.jpg",240,172,true],"advps-thumb-one":["https:\/\/arantv.az\/wp-content\/uploads\/2020\/07\/mn2.jpg",620,437,false]},"rttpg_author":{"display_name":"V\u00fcsal Rafiqo\u011flu","author_link":"https:\/\/arantv.az\/?author=2"},"rttpg_comment":0,"rttpg_category":"<a href=\"https:\/\/arantv.az\/?cat=19\" rel=\"category\">G\u00fcnd\u0259m<\/a>","rttpg_excerpt":"Az\u0259rbaycan M\u00fcdafi\u0259 Nazirliyinin M\u0259tbuat Xidm\u0259tinin r\u0259isi, polkovnik Vaqif D\u0259rgahl\u0131 Erm\u0259nistan t\u0259r\u0259finin \u201c\u00f6l\u0259n v\u0259 yaralananlar\u0131n g\u00f6t\u00fcr\u00fclm\u0259sin\u0259 icaz\u0259 ver\u0259c\u0259kl\u0259ri bar\u0259d\u0259\u201d dedikl\u0259rin\u0259 cavab verib. M\u00fcdafi\u0259 Nazirliyind\u0259n bildirilib ki, erm\u0259ni xisl\u0259tin\u0259 tam uy\u011fun g\u0259l\u0259n bu fikirl\u0259r h\u0259qiq\u0259t\u0259 uy\u011fun deyil v\u0259 he\u00e7 bir \u0259sas\u0131 yoxdur: \u201cBildiririk ki, d\u00fc\u015fm\u0259n \u0259razisind\u0259 Az\u0259rbaycan Ordusunun he\u00e7 bir \u00f6l\u0259n v\u0259 yaralanan h\u0259rbi qulluq\u00e7usu yoxdur ki,&hellip;","_links":{"self":[{"href":"https:\/\/arantv.az\/index.php?rest_route=\/wp\/v2\/posts\/192178"}],"collection":[{"href":"https:\/\/arantv.az\/index.php?rest_route=\/wp\/v2\/posts"}],"about":[{"href":"https:\/\/arantv.az\/index.php?rest_route=\/wp\/v2\/types\/post"}],"author":[{"embeddable":true,"href":"https:\/\/arantv.az\/index.php?rest_route=\/wp\/v2\/users\/2"}],"replies":[{"embeddable":true,"href":"https:\/\/arantv.az\/index.php?rest_route=%2Fwp%2Fv2%2Fcomments&post=192178"}],"version-history":[{"count":0,"href":"https:\/\/arantv.az\/index.php?rest_route=\/wp\/v2\/posts\/192178\/revisions"}],"wp:featuredmedia":[{"embeddable":true,"href":"https:\/\/arantv.az\/index.php?rest_route=\/wp\/v2\/media\/192179"}],"wp:attachment":[{"href":"https:\/\/arantv.az\/index.php?rest_route=%2Fwp%2Fv2%2Fmedia&parent=192178"}],"wp:term":[{"taxonomy":"category","embeddable":true,"href":"https:\/\/arantv.az\/index.php?rest_route=%2Fwp%2Fv2%2Fcategories&post=192178"},{"taxonomy":"post_tag","embeddable":true,"href":"https:\/\/arantv.az\/index.php?rest_route=%2Fwp%2Fv2%2Ftags&post=192178"}],"curies":[{"name":"wp","href":"https:\/\/api.w.org\/{rel}","templated":true}]}}