{"id":192261,"date":"2020-07-16T16:07:15","date_gmt":"2020-07-16T13:07:15","guid":{"rendered":"http:\/\/arantv.az\/?p=192261"},"modified":"2020-07-16T16:07:15","modified_gmt":"2020-07-16T13:07:15","slug":"prezident-b%c9%99zi-diplomatlar-dovl%c9%99t%c9%99-x%c9%99yan%c9%99t-edibl%c9%99r-satqinliq-edibl%c9%99r-v%c9%99-bunu-gizl%c9%99tmirl%c9%99r","status":"publish","type":"post","link":"https:\/\/arantv.az\/?p=192261","title":{"rendered":"Prezident: \u201cB\u0259zi diplomatlar d\u00f6vl\u0259t\u0259 x\u0259yan\u0259t edibl\u0259r, satq\u0131nl\u0131q edibl\u0259r v\u0259 bunu gizl\u0259tmirl\u0259r\u201d"},"content":{"rendered":"<p>\u201cM\u0259n bir daha dem\u0259k ist\u0259yir\u0259m ki, biz b\u00fct\u00fcn \u00f6lk\u0259l\u0259rl\u0259 normal dostluq v\u0259 t\u0259r\u0259fda\u015fl\u0131q m\u00fcnasib\u0259tl\u0259rinin formala\u015fmas\u0131nda \u0259m\u0259li add\u0131mlar at\u0131r\u0131q. Amma bu, o dem\u0259k deyil ki, \u00f6z \u00f6lk\u0259nin, \u00f6z xalq\u0131n\u0131n maraqlar\u0131 k\u0259narda qals\u0131n. Bizim xaricd\u0259ki b\u0259zi diplomatlar\u0131m\u0131z f\u0259aliyy\u0259t g\u00f6st\u0259rdikl\u0259ri \u00f6lk\u0259l\u0259rin el\u00e7il\u0259rin\u0259 \u00e7evrilirl\u0259r. Buna son qoyulmal\u0131d\u0131r. Bu da yanl\u0131\u015f kadr siyas\u0259tinin t\u0259zah\u00fcr\u00fcd\u00fcr\u201d.<\/p>\n<p><strong>ARANTV.AZ\u00a0\u00a0<\/strong>x\u0259b\u0259r verir ki, bunu Prezident \u0130lham \u018fliyev iyulun 16-da Ceyhun Bayramovu Xarici \u0130\u015fl\u0259r naziri t\u0259yin olunmas\u0131 il\u0259 \u0259laq\u0259dar videoformatda q\u0259bul ed\u0259rk\u0259n deyib.<\/p>\n<p>D\u00f6vl\u0259t ba\u015f\u00e7\u0131s\u0131 bildirib ki, b\u0259zi diplomatlar d\u00f6vl\u0259t\u0259 x\u0259yan\u0259t edibl\u0259r, satq\u0131nl\u0131q edibl\u0259r v\u0259 bunu gizl\u0259tmirl\u0259r:<\/p>\n<p>\u201cYa\u015fad\u0131qlar\u0131 \u00f6lk\u0259l\u0259rin x\u00fcsusi xidm\u0259t orqanlar\u0131n\u0131n n\u0259zar\u0259tind\u0259dirl\u0259r. Bizd\u0259 kifay\u0259t q\u0259d\u0259r m\u0259lumatlar var. Bu g\u00fcn Az\u0259rbaycana qar\u015f\u0131 \u00e7irkin kampaniya aparan, \u00f6z\u00fcn\u00fc az\u0259rbaycanl\u0131 kimi t\u0259qdim ed\u0259n, \u0259slind\u0259, erm\u0259nil\u0259rd\u0259n d\u0259 pis olan \u00fcns\u00fcrl\u0259rin m\u00fctl\u0259q \u0259ks\u0259riyy\u0259ti ya\u015fad\u0131qlar\u0131 \u00f6lk\u0259l\u0259rin x\u00fcsusi xidm\u0259t orqanlar\u0131n\u0131n n\u0259zar\u0259tind\u0259dir. Onlardan pul v\u0259 t\u0259limatlar al\u0131rlar. Bizd\u0259 bu m\u0259s\u0259l\u0259 il\u0259 ba\u011fl\u0131 kifay\u0259t q\u0259d\u0259r m\u0259lumatlar var. Bizim x\u00fcsusi xidm\u0259t orqanlar\u0131m\u0131z t\u0259r\u0259fda\u015f \u00f6lk\u0259l\u0259rin x\u00fcsusi xidm\u0259t orqanlar\u0131na d\u0259f\u0259l\u0259rl\u0259 bu haqda m\u0259lumatlar vermi\u015fl\u0259r.<\/p>\n<p>Demi\u015fl\u0259r ki, biz bilirik, filan adam\u0131 siz istiqam\u0259tl\u0259ndirirsiz, filan adama siz ev vermisiniz, filan adam\u0131n \u00e7irkin \u00e7\u0131x\u0131\u015flar\u0131 sizin idar\u0259nizd\u0259 yaz\u0131l\u0131r. Biz b\u00fct\u00fcn bunlar\u0131 bilirik. Bir daha dem\u0259k ist\u0259yir\u0259m ki, bu, o \u00f6lk\u0259l\u0259rin riyakarl\u0131\u011f\u0131n\u0131 g\u00f6st\u0259rir. \u00c7\u00fcnki m\u0259n bu haqda d\u0259f\u0259l\u0259rl\u0259 demi\u015f\u0259m. Bir t\u0259r\u0259fd\u0259n biz\u0259 dostluq siqnallar\u0131 g\u00f6nd\u0259rilir, \u00fczd\u0259 t\u0259r\u0259fda\u015fl\u0131q haqq\u0131nda s\u00f6zl\u0259r deyilir, amma, \u0259slind\u0259, biz\u0259 qar\u015f\u0131 kampaniya apar\u0131l\u0131r.<\/p>\n<p>Bunun da m\u0259qs\u0259di Az\u0259rbaycan\u0131 z\u0259ifl\u0259tm\u0259k, Az\u0259rbaycan\u0131 sars\u0131tmaq, Az\u0259rbaycan\u0131 l\u0259k\u0259l\u0259m\u0259k, Az\u0259rbaycan r\u0259hb\u0259rl\u0259ri haqq\u0131nda olmayan yalanlar\u0131 yaymaqd\u0131r. Ancaq h\u0259yat art\u0131q g\u00f6st\u0259rir ki, bunun he\u00e7 bir \u0259h\u0259miyy\u0259ti yoxdur. \u00c7\u00fcnki Az\u0259rbaycan xalq\u0131 h\u0259r \u015feyi yax\u015f\u0131 bilir. Bilir ki, bu g\u00fcn bizim f\u0259aliyy\u0259timizd\u0259 Az\u0259rbaycan xalq\u0131n\u0131n maraqlar\u0131 h\u0259r \u015feyd\u0259n \u00fcst\u00fcnd\u00fcr. \u00c7ox g\u00fcman ki, m\u0259hz buna g\u00f6r\u0259 biz\u0259 qar\u015f\u0131 b\u0259zi hallarda bel\u0259 \u00e7irkin \u00fcsullardan istifad\u0259 edilir.<\/p>\n<p>Bilirsiniz, m\u00fcxt\u0259lif vaxtlarda bu \u00fcsullar\u0131n m\u0259zmunu v\u0259 formalar\u0131 d\u0259yi\u015firdi. Vaxtil\u0259 d\u0131rnaqaras\u0131 \u201cm\u00fcst\u0259qil\u201d qeyri-h\u00f6kum\u0259t t\u0259\u015fkilatlar\u0131 vasit\u0259sil\u0259 biz\u0259 h\u00fccumlar edilirdi. Halbuki h\u0259r k\u0259s yax\u015f\u0131 bilir ki, bu qeyri-h\u00f6kum\u0259t t\u0259\u015fkilatlar\u0131 hans\u0131 m\u0259nb\u0259l\u0259rd\u0259n maliyy\u0259l\u0259\u015fir &#8211; b\u00f6y\u00fck d\u00f6vl\u0259tl\u0259rin xarici siyas\u0259t orqanlar\u0131 t\u0259r\u0259find\u0259n maliyy\u0259l\u0259\u015fir. Bir m\u00fcdd\u0259t xarici \u00f6lk\u0259l\u0259rin k\u00fctl\u0259vi informasiya vasit\u0259l\u0259ri biz\u0259 qar\u015f\u0131 \u00e7irkin kampaniya apar\u0131rd\u0131 &#8211; h\u0259m elektron, h\u0259m yaz\u0131l\u0131 k\u00fctl\u0259vi informasiya vasit\u0259l\u0259ri. Biz bu k\u00fctl\u0259vi informasiya vasit\u0259l\u0259rinin hans\u0131 m\u0259nb\u0259l\u0259rd\u0259n maliyy\u0259l\u0259\u015fdiyini d\u0259 bilirik.<\/p>\n<p>Bunun he\u00e7 bir faydas\u0131 olmad\u0131, \u0259ksin\u0259, Az\u0259rbaycan ictimaiyy\u0259ti \u00e7ox yax\u015f\u0131 d\u0259rk edirdi, ba\u015fa d\u00fc\u015f\u00fcrd\u00fc ki, bunun m\u0259qs\u0259di n\u0259dir &#8211; Az\u0259rbaycan\u0131 z\u0259ifl\u0259tm\u0259k, Az\u0259rbaycanda xaos yaratmaq, Az\u0259rbaycan\u0131 1990-c\u0131 ill\u0259rin \u0259vv\u0259ll\u0259rin\u0259 qaytarmaq v\u0259 ondan sonra bu imkanlardan istifad\u0259 edib \u00f6z maraqlar\u0131n\u0131 t\u0259min etm\u0259k. Bu ke\u00e7m\u0259y\u0259nd\u0259 is\u0259 n\u00f6vb\u0259ti \u00e7irkin \u00fcsullara \u0259l at\u0131ld\u0131.<\/p>\n<p>\u00d6zl\u0259rini az\u0259rbaycanl\u0131 kimi t\u0259qdim etm\u0259y\u0259 \u00e7al\u0131\u015fan, ancaq m\u0259n\u0259vi c\u0259h\u0259td\u0259n eyb\u0259c\u0259rliyin r\u0259mzin\u0259 \u00e7evrilmi\u015f antimilli \u00fcns\u00fcrl\u0259r indi xarici x\u00fcsusi xidm\u0259t orqanlar\u0131n\u0131n r\u0259hb\u0259rliyi alt\u0131nda Az\u0259rbaycana qar\u015f\u0131 \u00e7irkin kampaniya apar\u0131rlar. Bu, d\u00fc\u015f\u00fcn\u00fclm\u00fc\u015f siyas\u0259tdir v\u0259 \u0259slind\u0259, bu siyas\u0259tin m\u0259qs\u0259di Az\u0259rbaycan xalq\u0131n\u0131n \u0259srl\u0259rboyu qorudu\u011fu milli d\u0259y\u0259rl\u0259ri sars\u0131tmaqd\u0131r, bizim m\u0259n\u0259vi s\u00fctunlar\u0131m\u0131z\u0131 da\u011f\u0131tmaqd\u0131r.<\/p>\n<p>\u00c7\u00fcnki Az\u0259rbaycan xalq\u0131n\u0131n mentaliteti bunu inkar edir. He\u00e7 vaxt bizim tariximizd\u0259 bel\u0259 \u00e7irkin \u00fcsullardan, yalanlardan, b\u00f6htanlardan istifad\u0259 edilmirdi. Bu, biz\u0259 xaricd\u0259n idxal edilir. Ona g\u00f6r\u0259 bizim diplomatlar\u0131m\u0131z buna qar\u015f\u0131 f\u0259aliyy\u0259t g\u00f6st\u0259rm\u0259lidirl\u0259r. Yoxsa ki, \u201cd\u0259ym\u0259 m\u0259n\u0259, d\u0259ym\u0259yim s\u0259n\u0259\u201d prinsipi il\u0259 i\u015fl\u0259m\u0259k olmaz. \u018ffsuslar olsun ki, bizim Xarici \u0130\u015fl\u0259r Nazirliyind\u0259 son vaxtlar bu prinsip \u0259sas rol oynay\u0131r\u201d.Oxu.Az<\/p>\n","protected":false},"excerpt":{"rendered":"<p>\u201cM\u0259n bir daha dem\u0259k ist\u0259yir\u0259m ki, biz b\u00fct\u00fcn \u00f6lk\u0259l\u0259rl\u0259 normal dostluq v\u0259 t\u0259r\u0259fda\u015fl\u0131q m\u00fcnasib\u0259tl\u0259rinin formala\u015fmas\u0131nda \u0259m\u0259li add\u0131mlar at\u0131r\u0131q. Amma bu, o dem\u0259k deyil ki, \u00f6z \u00f6lk\u0259nin, \u00f6z xalq\u0131n\u0131n maraqlar\u0131 k\u0259narda qals\u0131n. Bizim xaricd\u0259ki b\u0259zi diplomatlar\u0131m\u0131z f\u0259aliyy\u0259t g\u00f6st\u0259rdikl\u0259ri \u00f6lk\u0259l\u0259rin el\u00e7il\u0259rin\u0259 \u00e7evrilirl\u0259r. Buna son qoyulmal\u0131d\u0131r. Bu da yanl\u0131\u015f kadr siyas\u0259tinin t\u0259zah\u00fcr\u00fcd\u00fcr\u201d. ARANTV.AZ\u00a0\u00a0x\u0259b\u0259r verir ki, bunu Prezident \u0130lham \u018fliyev iyulun 16-da Ceyhun Bayramovu Xarici \u0130\u015fl\u0259r naziri t\u0259yin olunmas\u0131 il\u0259 \u0259laq\u0259dar videoformatda q\u0259bul ed\u0259rk\u0259n deyib. D\u00f6vl\u0259t ba\u015f\u00e7\u0131s\u0131 bildirib ki, b\u0259zi diplomatlar d\u00f6vl\u0259t\u0259 x\u0259yan\u0259t edibl\u0259r, satq\u0131nl\u0131q edibl\u0259r v\u0259 bunu gizl\u0259tmirl\u0259r: \u201cYa\u015fad\u0131qlar\u0131 \u00f6lk\u0259l\u0259rin x\u00fcsusi xidm\u0259t orqanlar\u0131n\u0131n&hellip;<\/p>\n","protected":false},"author":2,"featured_media":192262,"comment_status":"closed","ping_status":"closed","sticky":false,"template":"","format":"standard","meta":{"om_disable_all_campaigns":false,"_monsterinsights_skip_tracking":false,"_monsterinsights_sitenote_active":false,"_monsterinsights_sitenote_note":"","_monsterinsights_sitenote_category":0},"categories":[4],"tags":[],"aioseo_notices":[],"gutentor_comment":0,"rttpg_featured_image_url":{"full":["https:\/\/arantv.az\/wp-content\/uploads\/2020\/07\/15949017044607450914_1000x669.jpg",620,413,false],"landscape":["https:\/\/arantv.az\/wp-content\/uploads\/2020\/07\/15949017044607450914_1000x669.jpg",620,413,false],"portraits":["https:\/\/arantv.az\/wp-content\/uploads\/2020\/07\/15949017044607450914_1000x669.jpg",620,413,false],"thumbnail":["https:\/\/arantv.az\/wp-content\/uploads\/2020\/07\/15949017044607450914_1000x669-150x150.jpg",150,150,true],"medium":["https:\/\/arantv.az\/wp-content\/uploads\/2020\/07\/15949017044607450914_1000x669-300x200.jpg",300,200,true],"large":["https:\/\/arantv.az\/wp-content\/uploads\/2020\/07\/15949017044607450914_1000x669.jpg",620,413,false],"1536x1536":["https:\/\/arantv.az\/wp-content\/uploads\/2020\/07\/15949017044607450914_1000x669.jpg",620,413,false],"2048x2048":["https:\/\/arantv.az\/wp-content\/uploads\/2020\/07\/15949017044607450914_1000x669.jpg",620,413,false],"post-thumbnail":["https:\/\/arantv.az\/wp-content\/uploads\/2020\/07\/15949017044607450914_1000x669-240x172.jpg",240,172,true],"advps-thumb-one":["https:\/\/arantv.az\/wp-content\/uploads\/2020\/07\/15949017044607450914_1000x669.jpg",620,413,false]},"rttpg_author":{"display_name":"V\u00fcsal Rafiqo\u011flu","author_link":"https:\/\/arantv.az\/?author=2"},"rttpg_comment":0,"rttpg_category":"<a href=\"https:\/\/arantv.az\/?cat=4\" rel=\"category\">Siyas\u0259t<\/a>","rttpg_excerpt":"\u201cM\u0259n bir daha dem\u0259k ist\u0259yir\u0259m ki, biz b\u00fct\u00fcn \u00f6lk\u0259l\u0259rl\u0259 normal dostluq v\u0259 t\u0259r\u0259fda\u015fl\u0131q m\u00fcnasib\u0259tl\u0259rinin formala\u015fmas\u0131nda \u0259m\u0259li add\u0131mlar at\u0131r\u0131q. Amma bu, o dem\u0259k deyil ki, \u00f6z \u00f6lk\u0259nin, \u00f6z xalq\u0131n\u0131n maraqlar\u0131 k\u0259narda qals\u0131n. Bizim xaricd\u0259ki b\u0259zi diplomatlar\u0131m\u0131z f\u0259aliyy\u0259t g\u00f6st\u0259rdikl\u0259ri \u00f6lk\u0259l\u0259rin el\u00e7il\u0259rin\u0259 \u00e7evrilirl\u0259r. Buna son qoyulmal\u0131d\u0131r. Bu da yanl\u0131\u015f kadr siyas\u0259tinin t\u0259zah\u00fcr\u00fcd\u00fcr\u201d. ARANTV.AZ\u00a0\u00a0x\u0259b\u0259r verir ki, bunu Prezident \u0130lham&hellip;","_links":{"self":[{"href":"https:\/\/arantv.az\/index.php?rest_route=\/wp\/v2\/posts\/192261"}],"collection":[{"href":"https:\/\/arantv.az\/index.php?rest_route=\/wp\/v2\/posts"}],"about":[{"href":"https:\/\/arantv.az\/index.php?rest_route=\/wp\/v2\/types\/post"}],"author":[{"embeddable":true,"href":"https:\/\/arantv.az\/index.php?rest_route=\/wp\/v2\/users\/2"}],"replies":[{"embeddable":true,"href":"https:\/\/arantv.az\/index.php?rest_route=%2Fwp%2Fv2%2Fcomments&post=192261"}],"version-history":[{"count":0,"href":"https:\/\/arantv.az\/index.php?rest_route=\/wp\/v2\/posts\/192261\/revisions"}],"wp:featuredmedia":[{"embeddable":true,"href":"https:\/\/arantv.az\/index.php?rest_route=\/wp\/v2\/media\/192262"}],"wp:attachment":[{"href":"https:\/\/arantv.az\/index.php?rest_route=%2Fwp%2Fv2%2Fmedia&parent=192261"}],"wp:term":[{"taxonomy":"category","embeddable":true,"href":"https:\/\/arantv.az\/index.php?rest_route=%2Fwp%2Fv2%2Fcategories&post=192261"},{"taxonomy":"post_tag","embeddable":true,"href":"https:\/\/arantv.az\/index.php?rest_route=%2Fwp%2Fv2%2Ftags&post=192261"}],"curies":[{"name":"wp","href":"https:\/\/api.w.org\/{rel}","templated":true}]}}