{"id":192265,"date":"2020-07-16T16:08:23","date_gmt":"2020-07-16T13:08:23","guid":{"rendered":"http:\/\/arantv.az\/?p=192265"},"modified":"2020-07-16T16:08:23","modified_gmt":"2020-07-16T13:08:23","slug":"s%c9%99fir-az%c9%99rbaycan-v%c9%99-turkiy%c9%99-iqtisadi-sah%c9%99d%c9%99-%c9%99m%c9%99kdasligi-artirmalidir","status":"publish","type":"post","link":"https:\/\/arantv.az\/?p=192265","title":{"rendered":"S\u0259fir: \u201cAz\u0259rbaycan v\u0259 T\u00fcrkiy\u0259 iqtisadi sah\u0259d\u0259 \u0259m\u0259kda\u015fl\u0131\u011f\u0131 art\u0131rmal\u0131d\u0131r\u201d"},"content":{"rendered":"<p>\u201cKoronavirus pandemiyas\u0131 ba\u015flanan zaman Az\u0259rbaycan\u0131n T\u00fcrkiy\u0259d\u0259 olan b\u0259zi \u015firk\u0259tl\u0259ri d\u0259rhal \u00f6z istehsal\u0131n\u0131 virusla m\u00fcbariz\u0259y\u0259 uy\u011fun olan m\u0259hsullar\u0131n haz\u0131rlanmas\u0131na y\u00f6n\u0259ltdi\u201d.<\/p>\n<p><b>ARANTV.AZ<\/b>-\u0131n m\u0259lumat\u0131na g\u00f6r\u0259, bunu Az\u0259rbaycan\u0131n T\u00fcrkiy\u0259d\u0259ki s\u0259firi X\u0259z\u0259r \u0130brahim bildirib.<\/p>\n<p>Onun s\u00f6zl\u0259rin\u0259 g\u00f6r\u0259, n\u0259tic\u0259d\u0259, T\u00fcrkiy\u0259nin idxal\u0131 azal\u0131b:<\/p>\n<p>\u201cT\u00fcrkiy\u0259 laz\u0131m olan m\u0259hsullarla t\u0259min edildi. \u00c7al\u0131\u015fmal\u0131y\u0131q ki, COVID-19-la birlikd\u0259 m\u00fcbariz\u0259 aparaq v\u0259 g\u00fcc\u00fcm\u00fcz\u00fc g\u00f6st\u0259r\u0259k. Bu d\u00f6vrd\u0259 T\u00fcrkiy\u0259 130-dan, Az\u0259rbaycan is\u0259 30-dan \u00e7ox \u00f6lk\u0259y\u0259 d\u0259st\u0259k verib. Edil\u0259n d\u0259st\u0259kl\u0259r aras\u0131nda \u00f6z istehsallar\u0131m\u0131z da vard\u0131 ki, bu, iqtisadi c\u0259h\u0259td\u0259n m\u00fc\u0259yy\u0259n g\u00fcc\u00fcm\u00fcz\u00fc g\u00f6st\u0259rdi. Biz bununla \u00f6z f\u0259aliyy\u0259timizi m\u0259hdudla\u015fd\u0131rmamal\u0131y\u0131q\u201d.<\/p>\n<p>S\u0259fir bildirib ki, son iki-\u00fc\u00e7 g\u00fcnd\u0259 Erm\u0259nistan t\u0259r\u0259find\u0259n Az\u0259rbaycana qar\u015f\u0131 t\u0259xribat g\u00f6st\u0259rdi ki, Az\u0259rbaycan v\u0259 T\u00fcrkiy\u0259 iqtisadi sah\u0259d\u0259 \u0259m\u0259kda\u015fl\u0131\u011f\u0131\u00a0art\u0131rmal\u0131d\u0131r:<\/p>\n<p>\u201cBurada x\u00fcsusi olaraq m\u00fcdafi\u0259 s\u0259nayesi \u00fczr\u0259 \u0259m\u0259kda\u015fl\u0131q\u00a0art\u0131r\u0131lmal\u0131d\u0131r. \u0130\u015f adamlar\u0131 bir-biri il\u0259 \u0259laq\u0259d\u0259 olmal\u0131d\u0131r. Fikrimc\u0259, \u00fcmumi d\u00f6vl\u0259t strategiyas\u0131 v\u0259 xarici siyas\u0259timiz \u00fc\u00e7\u00fcn m\u0259hz innovativ, m\u00fcasir t\u0259l\u0259bl\u0259r\u0259 uy\u011fun iqtisadi \u0259m\u0259kda\u015fl\u0131q \u00f6n\u0259mlidir\u201d.Oxu.Az<\/p>\n","protected":false},"excerpt":{"rendered":"<p>\u201cKoronavirus pandemiyas\u0131 ba\u015flanan zaman Az\u0259rbaycan\u0131n T\u00fcrkiy\u0259d\u0259 olan b\u0259zi \u015firk\u0259tl\u0259ri d\u0259rhal \u00f6z istehsal\u0131n\u0131 virusla m\u00fcbariz\u0259y\u0259 uy\u011fun olan m\u0259hsullar\u0131n haz\u0131rlanmas\u0131na y\u00f6n\u0259ltdi\u201d. ARANTV.AZ-\u0131n m\u0259lumat\u0131na g\u00f6r\u0259, bunu Az\u0259rbaycan\u0131n T\u00fcrkiy\u0259d\u0259ki s\u0259firi X\u0259z\u0259r \u0130brahim bildirib. Onun s\u00f6zl\u0259rin\u0259 g\u00f6r\u0259, n\u0259tic\u0259d\u0259, T\u00fcrkiy\u0259nin idxal\u0131 azal\u0131b: \u201cT\u00fcrkiy\u0259 laz\u0131m olan m\u0259hsullarla t\u0259min edildi. \u00c7al\u0131\u015fmal\u0131y\u0131q ki, COVID-19-la birlikd\u0259 m\u00fcbariz\u0259 aparaq v\u0259 g\u00fcc\u00fcm\u00fcz\u00fc g\u00f6st\u0259r\u0259k. Bu d\u00f6vrd\u0259 T\u00fcrkiy\u0259 130-dan, Az\u0259rbaycan is\u0259 30-dan \u00e7ox \u00f6lk\u0259y\u0259 d\u0259st\u0259k verib. Edil\u0259n d\u0259st\u0259kl\u0259r aras\u0131nda \u00f6z istehsallar\u0131m\u0131z da vard\u0131 ki, bu, iqtisadi c\u0259h\u0259td\u0259n m\u00fc\u0259yy\u0259n g\u00fcc\u00fcm\u00fcz\u00fc g\u00f6st\u0259rdi. Biz bununla \u00f6z f\u0259aliyy\u0259timizi m\u0259hdudla\u015fd\u0131rmamal\u0131y\u0131q\u201d. S\u0259fir bildirib ki, son iki-\u00fc\u00e7 g\u00fcnd\u0259 Erm\u0259nistan t\u0259r\u0259find\u0259n Az\u0259rbaycana&hellip;<\/p>\n","protected":false},"author":2,"featured_media":192266,"comment_status":"closed","ping_status":"closed","sticky":false,"template":"","format":"standard","meta":{"om_disable_all_campaigns":false,"_monsterinsights_skip_tracking":false,"_monsterinsights_sitenote_active":false,"_monsterinsights_sitenote_note":"","_monsterinsights_sitenote_category":0},"categories":[19],"tags":[],"aioseo_notices":[],"gutentor_comment":0,"rttpg_featured_image_url":{"full":["https:\/\/arantv.az\/wp-content\/uploads\/2020\/07\/xezerrr.jpg",620,349,false],"landscape":["https:\/\/arantv.az\/wp-content\/uploads\/2020\/07\/xezerrr.jpg",620,349,false],"portraits":["https:\/\/arantv.az\/wp-content\/uploads\/2020\/07\/xezerrr.jpg",620,349,false],"thumbnail":["https:\/\/arantv.az\/wp-content\/uploads\/2020\/07\/xezerrr-150x150.jpg",150,150,true],"medium":["https:\/\/arantv.az\/wp-content\/uploads\/2020\/07\/xezerrr-300x169.jpg",300,169,true],"large":["https:\/\/arantv.az\/wp-content\/uploads\/2020\/07\/xezerrr.jpg",620,349,false],"1536x1536":["https:\/\/arantv.az\/wp-content\/uploads\/2020\/07\/xezerrr.jpg",620,349,false],"2048x2048":["https:\/\/arantv.az\/wp-content\/uploads\/2020\/07\/xezerrr.jpg",620,349,false],"post-thumbnail":["https:\/\/arantv.az\/wp-content\/uploads\/2020\/07\/xezerrr-240x172.jpg",240,172,true],"advps-thumb-one":["https:\/\/arantv.az\/wp-content\/uploads\/2020\/07\/xezerrr.jpg",620,349,false]},"rttpg_author":{"display_name":"V\u00fcsal Rafiqo\u011flu","author_link":"https:\/\/arantv.az\/?author=2"},"rttpg_comment":0,"rttpg_category":"<a href=\"https:\/\/arantv.az\/?cat=19\" rel=\"category\">G\u00fcnd\u0259m<\/a>","rttpg_excerpt":"\u201cKoronavirus pandemiyas\u0131 ba\u015flanan zaman Az\u0259rbaycan\u0131n T\u00fcrkiy\u0259d\u0259 olan b\u0259zi \u015firk\u0259tl\u0259ri d\u0259rhal \u00f6z istehsal\u0131n\u0131 virusla m\u00fcbariz\u0259y\u0259 uy\u011fun olan m\u0259hsullar\u0131n haz\u0131rlanmas\u0131na y\u00f6n\u0259ltdi\u201d. ARANTV.AZ-\u0131n m\u0259lumat\u0131na g\u00f6r\u0259, bunu Az\u0259rbaycan\u0131n T\u00fcrkiy\u0259d\u0259ki s\u0259firi X\u0259z\u0259r \u0130brahim bildirib. Onun s\u00f6zl\u0259rin\u0259 g\u00f6r\u0259, n\u0259tic\u0259d\u0259, T\u00fcrkiy\u0259nin idxal\u0131 azal\u0131b: \u201cT\u00fcrkiy\u0259 laz\u0131m olan m\u0259hsullarla t\u0259min edildi. \u00c7al\u0131\u015fmal\u0131y\u0131q ki, COVID-19-la birlikd\u0259 m\u00fcbariz\u0259 aparaq v\u0259 g\u00fcc\u00fcm\u00fcz\u00fc g\u00f6st\u0259r\u0259k. Bu d\u00f6vrd\u0259 T\u00fcrkiy\u0259 130-dan,&hellip;","_links":{"self":[{"href":"https:\/\/arantv.az\/index.php?rest_route=\/wp\/v2\/posts\/192265"}],"collection":[{"href":"https:\/\/arantv.az\/index.php?rest_route=\/wp\/v2\/posts"}],"about":[{"href":"https:\/\/arantv.az\/index.php?rest_route=\/wp\/v2\/types\/post"}],"author":[{"embeddable":true,"href":"https:\/\/arantv.az\/index.php?rest_route=\/wp\/v2\/users\/2"}],"replies":[{"embeddable":true,"href":"https:\/\/arantv.az\/index.php?rest_route=%2Fwp%2Fv2%2Fcomments&post=192265"}],"version-history":[{"count":0,"href":"https:\/\/arantv.az\/index.php?rest_route=\/wp\/v2\/posts\/192265\/revisions"}],"wp:featuredmedia":[{"embeddable":true,"href":"https:\/\/arantv.az\/index.php?rest_route=\/wp\/v2\/media\/192266"}],"wp:attachment":[{"href":"https:\/\/arantv.az\/index.php?rest_route=%2Fwp%2Fv2%2Fmedia&parent=192265"}],"wp:term":[{"taxonomy":"category","embeddable":true,"href":"https:\/\/arantv.az\/index.php?rest_route=%2Fwp%2Fv2%2Fcategories&post=192265"},{"taxonomy":"post_tag","embeddable":true,"href":"https:\/\/arantv.az\/index.php?rest_route=%2Fwp%2Fv2%2Ftags&post=192265"}],"curies":[{"name":"wp","href":"https:\/\/api.w.org\/{rel}","templated":true}]}}