{"id":192269,"date":"2020-07-16T16:09:18","date_gmt":"2020-07-16T13:09:18","guid":{"rendered":"http:\/\/arantv.az\/?p=192269"},"modified":"2020-07-16T16:09:18","modified_gmt":"2020-07-16T13:09:18","slug":"ispaniya-paytaxtinda-koronavirus-qurbanlarinin-xatir%c9%99sin%c9%99-mat%c9%99m-m%c9%99rasimi-kecirildi","status":"publish","type":"post","link":"https:\/\/arantv.az\/?p=192269","title":{"rendered":"\u0130spaniya paytaxt\u0131nda koronavirus qurbanlar\u0131n\u0131n xatir\u0259sin\u0259 mat\u0259m m\u0259rasimi ke\u00e7irildi"},"content":{"rendered":"<p>\u0130spaniyada COVID-19 koronavirusundan \u00f6l\u0259nl\u0259rin xatir\u0259sin\u0259 mat\u0259m m\u0259rasimi t\u0259\u015fkil olunub.<\/p>\n<div id=\"AdviadNativeVideo0\" class=\"AdviadNativeVideo\"><\/div>\n<p>Bu bar\u0259d\u0259 \u201cR\u0130A Novosti\u201d m\u0259lumat yay\u0131b.<\/p>\n<p>\u201cBu g\u00fcn\u00fc biz \u00f6z yadda\u015f\u0131m\u0131zda saxlayaca\u011f\u0131q, bu g\u00fcn bizim q\u0259lbimizd\u0259 qalacaq. Biz pandemiya n\u0259tic\u0259sind\u0259 d\u00fcnyas\u0131n\u0131 d\u0259yi\u015f\u0259n v\u0259t\u0259nda\u015flar\u0131m\u0131z\u0131n xatir\u0259sini ehtiramla yad edirik\u201d, &#8211; \u0130spaniya Kral\u0131 VI Felipe bildirib.<\/p>\n","protected":false},"excerpt":{"rendered":"<p>\u0130spaniyada COVID-19 koronavirusundan \u00f6l\u0259nl\u0259rin xatir\u0259sin\u0259 mat\u0259m m\u0259rasimi t\u0259\u015fkil olunub. Bu bar\u0259d\u0259 \u201cR\u0130A Novosti\u201d m\u0259lumat yay\u0131b. \u201cBu g\u00fcn\u00fc biz \u00f6z yadda\u015f\u0131m\u0131zda saxlayaca\u011f\u0131q, bu g\u00fcn bizim q\u0259lbimizd\u0259 qalacaq. Biz pandemiya n\u0259tic\u0259sind\u0259 d\u00fcnyas\u0131n\u0131 d\u0259yi\u015f\u0259n v\u0259t\u0259nda\u015flar\u0131m\u0131z\u0131n xatir\u0259sini ehtiramla yad edirik\u201d, &#8211; \u0130spaniya Kral\u0131 VI Felipe bildirib.<\/p>\n","protected":false},"author":2,"featured_media":192270,"comment_status":"closed","ping_status":"closed","sticky":false,"template":"","format":"standard","meta":{"om_disable_all_campaigns":false,"_monsterinsights_skip_tracking":false,"_monsterinsights_sitenote_active":false,"_monsterinsights_sitenote_note":"","_monsterinsights_sitenote_category":0},"categories":[7],"tags":[],"aioseo_notices":[],"gutentor_comment":0,"rttpg_featured_image_url":{"full":["https:\/\/arantv.az\/wp-content\/uploads\/2020\/07\/1574431821_0_332_3051_2048_600x0_80_0_0_f786bb72e2141f2e95023b51bec2d9e7.jpg",600,337,false],"landscape":["https:\/\/arantv.az\/wp-content\/uploads\/2020\/07\/1574431821_0_332_3051_2048_600x0_80_0_0_f786bb72e2141f2e95023b51bec2d9e7.jpg",600,337,false],"portraits":["https:\/\/arantv.az\/wp-content\/uploads\/2020\/07\/1574431821_0_332_3051_2048_600x0_80_0_0_f786bb72e2141f2e95023b51bec2d9e7.jpg",600,337,false],"thumbnail":["https:\/\/arantv.az\/wp-content\/uploads\/2020\/07\/1574431821_0_332_3051_2048_600x0_80_0_0_f786bb72e2141f2e95023b51bec2d9e7-150x150.jpg",150,150,true],"medium":["https:\/\/arantv.az\/wp-content\/uploads\/2020\/07\/1574431821_0_332_3051_2048_600x0_80_0_0_f786bb72e2141f2e95023b51bec2d9e7-300x169.jpg",300,169,true],"large":["https:\/\/arantv.az\/wp-content\/uploads\/2020\/07\/1574431821_0_332_3051_2048_600x0_80_0_0_f786bb72e2141f2e95023b51bec2d9e7.jpg",600,337,false],"1536x1536":["https:\/\/arantv.az\/wp-content\/uploads\/2020\/07\/1574431821_0_332_3051_2048_600x0_80_0_0_f786bb72e2141f2e95023b51bec2d9e7.jpg",600,337,false],"2048x2048":["https:\/\/arantv.az\/wp-content\/uploads\/2020\/07\/1574431821_0_332_3051_2048_600x0_80_0_0_f786bb72e2141f2e95023b51bec2d9e7.jpg",600,337,false],"post-thumbnail":["https:\/\/arantv.az\/wp-content\/uploads\/2020\/07\/1574431821_0_332_3051_2048_600x0_80_0_0_f786bb72e2141f2e95023b51bec2d9e7-240x172.jpg",240,172,true],"advps-thumb-one":["https:\/\/arantv.az\/wp-content\/uploads\/2020\/07\/1574431821_0_332_3051_2048_600x0_80_0_0_f786bb72e2141f2e95023b51bec2d9e7.jpg",600,337,false]},"rttpg_author":{"display_name":"V\u00fcsal Rafiqo\u011flu","author_link":"https:\/\/arantv.az\/?author=2"},"rttpg_comment":0,"rttpg_category":"<a href=\"https:\/\/arantv.az\/?cat=7\" rel=\"category\">D\u00fcnya<\/a>","rttpg_excerpt":"\u0130spaniyada COVID-19 koronavirusundan \u00f6l\u0259nl\u0259rin xatir\u0259sin\u0259 mat\u0259m m\u0259rasimi t\u0259\u015fkil olunub. Bu bar\u0259d\u0259 \u201cR\u0130A Novosti\u201d m\u0259lumat yay\u0131b. \u201cBu g\u00fcn\u00fc biz \u00f6z yadda\u015f\u0131m\u0131zda saxlayaca\u011f\u0131q, bu g\u00fcn bizim q\u0259lbimizd\u0259 qalacaq. Biz pandemiya n\u0259tic\u0259sind\u0259 d\u00fcnyas\u0131n\u0131 d\u0259yi\u015f\u0259n v\u0259t\u0259nda\u015flar\u0131m\u0131z\u0131n xatir\u0259sini ehtiramla yad edirik\u201d, &#8211; \u0130spaniya Kral\u0131 VI Felipe bildirib.","_links":{"self":[{"href":"https:\/\/arantv.az\/index.php?rest_route=\/wp\/v2\/posts\/192269"}],"collection":[{"href":"https:\/\/arantv.az\/index.php?rest_route=\/wp\/v2\/posts"}],"about":[{"href":"https:\/\/arantv.az\/index.php?rest_route=\/wp\/v2\/types\/post"}],"author":[{"embeddable":true,"href":"https:\/\/arantv.az\/index.php?rest_route=\/wp\/v2\/users\/2"}],"replies":[{"embeddable":true,"href":"https:\/\/arantv.az\/index.php?rest_route=%2Fwp%2Fv2%2Fcomments&post=192269"}],"version-history":[{"count":0,"href":"https:\/\/arantv.az\/index.php?rest_route=\/wp\/v2\/posts\/192269\/revisions"}],"wp:featuredmedia":[{"embeddable":true,"href":"https:\/\/arantv.az\/index.php?rest_route=\/wp\/v2\/media\/192270"}],"wp:attachment":[{"href":"https:\/\/arantv.az\/index.php?rest_route=%2Fwp%2Fv2%2Fmedia&parent=192269"}],"wp:term":[{"taxonomy":"category","embeddable":true,"href":"https:\/\/arantv.az\/index.php?rest_route=%2Fwp%2Fv2%2Fcategories&post=192269"},{"taxonomy":"post_tag","embeddable":true,"href":"https:\/\/arantv.az\/index.php?rest_route=%2Fwp%2Fv2%2Ftags&post=192269"}],"curies":[{"name":"wp","href":"https:\/\/api.w.org\/{rel}","templated":true}]}}