{"id":192273,"date":"2020-07-16T16:11:06","date_gmt":"2020-07-16T13:11:06","guid":{"rendered":"http:\/\/arantv.az\/?p=192273"},"modified":"2020-07-16T16:11:06","modified_gmt":"2020-07-16T13:11:06","slug":"az%c9%99rbaycan-prezidenti-erm%c9%99nistan-oz-destruktiv-addimlari-qeyri-konstruktiv-b%c9%99yanatlari-s%c9%99rh%c9%99dd%c9%99-v%c9%99-t%c9%99mas-x%c9%99ttind%c9%99-tor%c9%99tdikl%c9%99ri-h%c9%99rbi","status":"publish","type":"post","link":"https:\/\/arantv.az\/?p=192273","title":{"rendered":"Az\u0259rbaycan Prezidenti: Erm\u0259nistan \u00f6z destruktiv add\u0131mlar\u0131, qeyri-konstruktiv b\u0259yanatlar\u0131, s\u0259rh\u0259dd\u0259 v\u0259 t\u0259mas x\u0259ttind\u0259 t\u00f6r\u0259tdikl\u0259ri h\u0259rbi cinay\u0259tl\u0259ri il\u0259 b\u00fct\u00fcn bu dan\u0131\u015f\u0131qlar konstruksiyas\u0131n\u0131 m\u0259hv edir"},"content":{"rendered":"<p>&#8220;Erm\u0259nistan \u00f6z destruktiv add\u0131mlar\u0131, qeyri-konstruktiv b\u0259yanatlar\u0131, s\u0259rh\u0259dd\u0259 v\u0259 t\u0259mas x\u0259ttind\u0259 t\u00f6r\u0259tdikl\u0259ri h\u0259rbi cinay\u0259tl\u0259ri il\u0259 b\u00fct\u00fcn bu dan\u0131\u015f\u0131qlar konstruksiyas\u0131n\u0131 m\u0259hv edir&#8221;.<\/p>\n<p><strong>ARANTV.AZ<\/strong>\u00a0<a href=\"https:\/\/azertag.az\/\" target=\"_blank\" rel=\"noopener\">AZ\u018fRTAC<\/a>-a istinad\u0259n x\u0259b\u0259r verir ki, bunu Prezident \u0130lham \u018fliyev iyulun 16-da Ceyhun Bayramovu Xarici \u0130\u015fl\u0259r naziri t\u0259yin olunmas\u0131 il\u0259 \u0259laq\u0259dar videoformatda q\u0259bul ed\u0259rk\u0259n \u00e7\u0131x\u0131\u015f\u0131nda deyib.<\/p>\n<p>D\u00f6vl\u0259t ba\u015f\u00e7\u0131s\u0131 bildirib:<\/p>\n<p>&#8220;F\u0259aliyy\u0259tinizin \u0259sas hiss\u0259si Erm\u0259nistan-Az\u0259rbaycan Da\u011fl\u0131q Qaraba\u011f m\u00fcnaqi\u015f\u0259sinin h\u0259llin\u0259 istiqam\u0259tl\u0259ndiril\u0259c\u0259k. Bu, bizim \u00fc\u00e7\u00fcn \u0259sas m\u0259s\u0259l\u0259dir, bu, milli m\u0259s\u0259l\u0259dir. Son ill\u0259r g\u00f6r\u00fclm\u00fc\u015f t\u0259dbirl\u0259r n\u0259tic\u0259sind\u0259 b\u00fct\u00fcn beyn\u0259lxalq t\u0259\u015fkilatlar bu m\u0259s\u0259l\u0259 il\u0259 ba\u011fl\u0131 \u00f6z m\u00f6vqeyini ortaya qoyublar. \u018fg\u0259r m\u00fcnaqi\u015f\u0259 getdiyi d\u00f6vrd\u0259 BMT T\u0259hl\u00fck\u0259sizlik \u015euras\u0131 d\u00f6rd q\u0259tnam\u0259 q\u0259bul edibs\u0259, ondan sonrak\u0131 d\u00f6vrd\u0259 b\u00fct\u00fcn dig\u0259r t\u0259\u015fkilatlar da ox\u015far q\u0259rar v\u0259 q\u0259tnam\u0259l\u0259r q\u0259bul edibl\u0259r. AT\u018fT, \u0130slam \u018fm\u0259kda\u015fl\u0131q T\u0259\u015fkilat\u0131, Avropa Parlamenti, Avropa \u015euras\u0131 Parlament Assambleyas\u0131, Qo\u015fulmama H\u0259r\u0259kat\u0131, NATO v\u0259 dig\u0259r t\u0259\u015fkilatlar. \u0130ki il bundan \u0259vv\u0259l Avropa \u0130ttifaq\u0131 il\u0259 Az\u0259rbaycan aras\u0131nda paraflanm\u0131\u015f &#8220;T\u0259r\u0259fda\u015fl\u0131q Prioritetl\u0259ri&#8221; s\u0259n\u0259dind\u0259 d\u0259 \u00f6lk\u0259mizin \u0259razi b\u00fct\u00f6vl\u00fcy\u00fc, suverenliyi v\u0259 s\u0259rh\u0259dl\u0259rin toxunulmazl\u0131\u011f\u0131 il\u0259 ba\u011fl\u0131 x\u00fcsusi b\u0259nd var. Y\u0259ni, h\u00fcquqi baza tam t\u0259min edilib.<\/p>\n<p>O ki qald\u0131, m\u00fcnaqi\u015f\u0259nin h\u0259llin\u0259, bizim m\u00f6vqeyimizd\u0259, qeyd etdiyim kimi, he\u00e7 bir d\u0259yi\u015fiklik ola bilm\u0259z. Da\u011fl\u0131q Qaraba\u011f bizim tarixi torpa\u011f\u0131m\u0131zd\u0131r v\u0259 \u00f6lk\u0259mizin \u0259razi b\u00fct\u00f6vl\u00fcy\u00fc b\u0259rpa edilm\u0259lidir. Bu, birm\u0259nal\u0131d\u0131r v\u0259 he\u00e7 bir \u00f6lk\u0259 qondarma &#8220;Da\u011fl\u0131q Qaraba\u011f respublikas\u0131&#8221;n\u0131 tan\u0131may\u0131b. Orada bu yax\u0131nlarda ke\u00e7irilmi\u015f qondarma &#8220;se\u00e7kil\u0259r&#8221; bunu bir daha t\u0259sdiql\u0259di. \u00c7\u00fcnki b\u00fct\u00fcn apar\u0131c\u0131 d\u00f6vl\u0259tl\u0259r, qon\u015fu d\u00f6vl\u0259tl\u0259r, apar\u0131c\u0131 beyn\u0259lxalq t\u0259\u015fkilatlar bu &#8220;se\u00e7kil\u0259rin&#8221; tan\u0131nmamas\u0131 il\u0259 \u0259laq\u0259dar b\u0259yanatlar vermi\u015fl\u0259r.<\/p>\n<p>O ki qald\u0131, dan\u0131\u015f\u0131qlara, m\u0259n bir daha dem\u0259k ist\u0259yir\u0259m ki, biz imitasiya namin\u0259 dan\u0131\u015f\u0131qlar aparmaq, m\u0259nas\u0131z videokonfranslar ke\u00e7irm\u0259k fikrind\u0259 deyilik. Bunun m\u0259nas\u0131 olmal\u0131d\u0131r. M\u0259n demi\u015f\u0259m ki, Minsk qrupunun i\u015fi \u00e7ox f\u0259al olmal\u0131d\u0131r v\u0259 onlar\u0131n mandat\u0131 \u00e7\u0259r\u00e7iv\u0259sind\u0259 t\u0259kc\u0259 t\u0259mas x\u0259ttind\u0259, yaxud da ki, d\u00f6vl\u0259t s\u0259rh\u0259dind\u0259 at\u0259\u015fk\u0259sin t\u0259min edilm\u0259si m\u0259s\u0259l\u0259si yox, mahiyy\u0259t \u00fczr\u0259 dan\u0131\u015f\u0131qlar apar\u0131lmal\u0131d\u0131r v\u0259 bunun \u00fc\u00e7\u00fcn art\u0131q uzun ill\u0259r \u0259rzind\u0259 formala\u015fm\u0131\u015f baza var. Ancaq Erm\u0259nistan \u00f6z destruktiv add\u0131mlar\u0131, qeyri-konstruktiv b\u0259yanatlar\u0131, s\u0259rh\u0259dd\u0259 v\u0259 t\u0259mas x\u0259ttind\u0259 t\u00f6r\u0259tdikl\u0259ri h\u0259rbi cinay\u0259tl\u0259ri il\u0259 b\u00fct\u00fcn bu dan\u0131\u015f\u0131qlar konstruksiyas\u0131n\u0131 m\u0259hv edir. Erm\u0259nistan dan\u0131\u015f\u0131qlar format\u0131n\u0131 d\u0259yi\u015fm\u0259k, dan\u0131\u015f\u0131qlar\u0131n mahiyy\u0259tini pozmaq ist\u0259yir. Y\u0259ni, faktiki olaraq bu g\u00fcn Erm\u0259nistan dan\u0131\u015f\u0131qlar prosesini da\u011f\u0131d\u0131r v\u0259 bunu h\u0259r k\u0259s g\u00f6r\u00fcr. Sad\u0259c\u0259 olaraq, Erm\u0259nistan r\u0259hb\u0259rliyinin a\u00e7\u0131qlamalar\u0131na fikir verm\u0259k kifay\u0259tdir. Onlar\u0131n h\u0259rbi r\u0259hb\u0259rliyi bizi h\u0259d\u0259l\u0259m\u0259y\u0259 \u00e7al\u0131\u015f\u0131r. Bizi yeni torpaqlar\u0131n i\u015f\u011fal\u0131 il\u0259 h\u0259d\u0259l\u0259m\u0259k ist\u0259yir. Ancaq bunlara bu g\u00fcnl\u0259rd\u0259 veril\u0259n d\u0259rs hesab edir\u0259m ki, uzun m\u00fcdd\u0259t onlar\u0131n yadda\u015f\u0131ndan silinm\u0259y\u0259c\u0259k. Az\u0259rbaycan \u00f6z \u0259razi b\u00fct\u00f6vl\u00fcy\u00fcn\u00fc b\u0259rpa ed\u0259c\u0259k. Az\u0259rbaycan xalq\u0131n\u0131n s\u0259brinin h\u0259ddi var. Ona g\u00f6r\u0259 dan\u0131\u015f\u0131qlar mahiyy\u0259t \u00fczr\u0259 apar\u0131lmal\u0131d\u0131r. \u018fg\u0259r biz g\u00f6rs\u0259k ki, bu dan\u0131\u015f\u0131qlar \u0259h\u0259miyy\u0259tsizdir, onda buna uy\u011fun \u015f\u0259kild\u0259 \u00f6z add\u0131mlar\u0131m\u0131z\u0131 da ataca\u011f\u0131q v\u0259 b\u0259yanatlar\u0131m\u0131z\u0131 da ver\u0259c\u0259yik&#8221;.<\/p>\n","protected":false},"excerpt":{"rendered":"<p>&#8220;Erm\u0259nistan \u00f6z destruktiv add\u0131mlar\u0131, qeyri-konstruktiv b\u0259yanatlar\u0131, s\u0259rh\u0259dd\u0259 v\u0259 t\u0259mas x\u0259ttind\u0259 t\u00f6r\u0259tdikl\u0259ri h\u0259rbi cinay\u0259tl\u0259ri il\u0259 b\u00fct\u00fcn bu dan\u0131\u015f\u0131qlar konstruksiyas\u0131n\u0131 m\u0259hv edir&#8221;. ARANTV.AZ\u00a0AZ\u018fRTAC-a istinad\u0259n x\u0259b\u0259r verir ki, bunu Prezident \u0130lham \u018fliyev iyulun 16-da Ceyhun Bayramovu Xarici \u0130\u015fl\u0259r naziri t\u0259yin olunmas\u0131 il\u0259 \u0259laq\u0259dar videoformatda q\u0259bul ed\u0259rk\u0259n \u00e7\u0131x\u0131\u015f\u0131nda deyib. D\u00f6vl\u0259t ba\u015f\u00e7\u0131s\u0131 bildirib: &#8220;F\u0259aliyy\u0259tinizin \u0259sas hiss\u0259si Erm\u0259nistan-Az\u0259rbaycan Da\u011fl\u0131q Qaraba\u011f m\u00fcnaqi\u015f\u0259sinin h\u0259llin\u0259 istiqam\u0259tl\u0259ndiril\u0259c\u0259k. Bu, bizim \u00fc\u00e7\u00fcn \u0259sas m\u0259s\u0259l\u0259dir, bu, milli m\u0259s\u0259l\u0259dir. Son ill\u0259r g\u00f6r\u00fclm\u00fc\u015f t\u0259dbirl\u0259r n\u0259tic\u0259sind\u0259 b\u00fct\u00fcn beyn\u0259lxalq t\u0259\u015fkilatlar bu m\u0259s\u0259l\u0259 il\u0259 ba\u011fl\u0131 \u00f6z m\u00f6vqeyini ortaya qoyublar. \u018fg\u0259r m\u00fcnaqi\u015f\u0259 getdiyi d\u00f6vrd\u0259 BMT T\u0259hl\u00fck\u0259sizlik \u015euras\u0131 d\u00f6rd q\u0259tnam\u0259&hellip;<\/p>\n","protected":false},"author":2,"featured_media":192274,"comment_status":"closed","ping_status":"closed","sticky":false,"template":"","format":"standard","meta":{"om_disable_all_campaigns":false,"_monsterinsights_skip_tracking":false,"_monsterinsights_sitenote_active":false,"_monsterinsights_sitenote_note":"","_monsterinsights_sitenote_category":0},"categories":[4],"tags":[],"aioseo_notices":[],"gutentor_comment":0,"rttpg_featured_image_url":{"full":["https:\/\/arantv.az\/wp-content\/uploads\/2020\/07\/866054_03.jpg",1000,666,false],"landscape":["https:\/\/arantv.az\/wp-content\/uploads\/2020\/07\/866054_03.jpg",1000,666,false],"portraits":["https:\/\/arantv.az\/wp-content\/uploads\/2020\/07\/866054_03.jpg",1000,666,false],"thumbnail":["https:\/\/arantv.az\/wp-content\/uploads\/2020\/07\/866054_03-150x150.jpg",150,150,true],"medium":["https:\/\/arantv.az\/wp-content\/uploads\/2020\/07\/866054_03-300x200.jpg",300,200,true],"large":["https:\/\/arantv.az\/wp-content\/uploads\/2020\/07\/866054_03.jpg",640,426,false],"1536x1536":["https:\/\/arantv.az\/wp-content\/uploads\/2020\/07\/866054_03.jpg",1000,666,false],"2048x2048":["https:\/\/arantv.az\/wp-content\/uploads\/2020\/07\/866054_03.jpg",1000,666,false],"post-thumbnail":["https:\/\/arantv.az\/wp-content\/uploads\/2020\/07\/866054_03-240x172.jpg",240,172,true],"advps-thumb-one":["https:\/\/arantv.az\/wp-content\/uploads\/2020\/07\/866054_03-1000x620.jpg",1000,620,true]},"rttpg_author":{"display_name":"V\u00fcsal Rafiqo\u011flu","author_link":"https:\/\/arantv.az\/?author=2"},"rttpg_comment":0,"rttpg_category":"<a href=\"https:\/\/arantv.az\/?cat=4\" rel=\"category\">Siyas\u0259t<\/a>","rttpg_excerpt":"&#8220;Erm\u0259nistan \u00f6z destruktiv add\u0131mlar\u0131, qeyri-konstruktiv b\u0259yanatlar\u0131, s\u0259rh\u0259dd\u0259 v\u0259 t\u0259mas x\u0259ttind\u0259 t\u00f6r\u0259tdikl\u0259ri h\u0259rbi cinay\u0259tl\u0259ri il\u0259 b\u00fct\u00fcn bu dan\u0131\u015f\u0131qlar konstruksiyas\u0131n\u0131 m\u0259hv edir&#8221;. ARANTV.AZ\u00a0AZ\u018fRTAC-a istinad\u0259n x\u0259b\u0259r verir ki, bunu Prezident \u0130lham \u018fliyev iyulun 16-da Ceyhun Bayramovu Xarici \u0130\u015fl\u0259r naziri t\u0259yin olunmas\u0131 il\u0259 \u0259laq\u0259dar videoformatda q\u0259bul ed\u0259rk\u0259n \u00e7\u0131x\u0131\u015f\u0131nda deyib. D\u00f6vl\u0259t ba\u015f\u00e7\u0131s\u0131 bildirib: &#8220;F\u0259aliyy\u0259tinizin \u0259sas hiss\u0259si Erm\u0259nistan-Az\u0259rbaycan Da\u011fl\u0131q Qaraba\u011f m\u00fcnaqi\u015f\u0259sinin&hellip;","_links":{"self":[{"href":"https:\/\/arantv.az\/index.php?rest_route=\/wp\/v2\/posts\/192273"}],"collection":[{"href":"https:\/\/arantv.az\/index.php?rest_route=\/wp\/v2\/posts"}],"about":[{"href":"https:\/\/arantv.az\/index.php?rest_route=\/wp\/v2\/types\/post"}],"author":[{"embeddable":true,"href":"https:\/\/arantv.az\/index.php?rest_route=\/wp\/v2\/users\/2"}],"replies":[{"embeddable":true,"href":"https:\/\/arantv.az\/index.php?rest_route=%2Fwp%2Fv2%2Fcomments&post=192273"}],"version-history":[{"count":0,"href":"https:\/\/arantv.az\/index.php?rest_route=\/wp\/v2\/posts\/192273\/revisions"}],"wp:featuredmedia":[{"embeddable":true,"href":"https:\/\/arantv.az\/index.php?rest_route=\/wp\/v2\/media\/192274"}],"wp:attachment":[{"href":"https:\/\/arantv.az\/index.php?rest_route=%2Fwp%2Fv2%2Fmedia&parent=192273"}],"wp:term":[{"taxonomy":"category","embeddable":true,"href":"https:\/\/arantv.az\/index.php?rest_route=%2Fwp%2Fv2%2Fcategories&post=192273"},{"taxonomy":"post_tag","embeddable":true,"href":"https:\/\/arantv.az\/index.php?rest_route=%2Fwp%2Fv2%2Ftags&post=192273"}],"curies":[{"name":"wp","href":"https:\/\/api.w.org\/{rel}","templated":true}]}}