{"id":192285,"date":"2020-07-16T16:14:47","date_gmt":"2020-07-16T13:14:47","guid":{"rendered":"http:\/\/arantv.az\/?p=192285"},"modified":"2020-07-16T16:14:47","modified_gmt":"2020-07-16T13:14:47","slug":"prezident-ilham-%c9%99liyev-biz-hec-vaxt-bizi-qane-etm%c9%99y%c9%99n-yaxud-da-ki-biz%c9%99-hansisa-problem-yarada-bil%c9%99c%c9%99k-sazis%c9%99-imza-atmariq","status":"publish","type":"post","link":"https:\/\/arantv.az\/?p=192285","title":{"rendered":"Prezident \u0130lham \u018fliyev: Biz he\u00e7 vaxt bizi qane etm\u0259y\u0259n, yaxud da ki, biz\u0259 hans\u0131sa problem yarada bil\u0259c\u0259k sazi\u015f\u0259 imza atmar\u0131q"},"content":{"rendered":"<p>&#8220;Biz he\u00e7 vaxt bizi qane etm\u0259y\u0259n, yaxud da ki, biz\u0259 hans\u0131sa problem yarada bil\u0259c\u0259k sazi\u015f\u0259 imza atmar\u0131q&#8221;.<\/p>\n<p><strong>ARANTV.AZ<\/strong>\u00a0\u00a0<a href=\"https:\/\/azertag.az\/\" target=\"_blank\" rel=\"noopener\">AZ\u018fRTAC<\/a>-a\u00a0istinad\u0259n x\u0259b\u0259r verir ki, bunu Prezident \u0130lham \u018fliyev iyulun 16-da Ceyhun Bayramovu Xarici \u0130\u015fl\u0259r naziri t\u0259yin olunmas\u0131 il\u0259 \u0259laq\u0259dar videoformatda q\u0259bul ed\u0259rk\u0259n \u00e7\u0131x\u0131\u015f\u0131nda deyib.<\/p>\n<p>D\u00f6vl\u0259t ba\u015f\u00e7\u0131s\u0131 bildirib:<\/p>\n<p>&#8220;Bizim Avropa \u0130ttifaq\u0131 il\u0259 \u0259laq\u0259l\u0259rimiz d\u0259 \u00e7ox m\u00f6hk\u0259m z\u0259mind\u0259 qurulub. Avropa \u0130ttifaq\u0131na \u00fczv doqquz d\u00f6vl\u0259tl\u0259 Az\u0259rbaycan\u0131n strateji t\u0259r\u0259fda\u015fl\u0131q haqq\u0131nda s\u0259n\u0259dl\u0259ri vard\u0131r. Bu, Avropa \u0130ttifaq\u0131n\u0131n \u00fc\u00e7d\u0259bir hiss\u0259sidir. Haz\u0131rda Avropa \u0130ttifaq\u0131 il\u0259 Az\u0259rbaycan aras\u0131nda yeni sazi\u015f \u00fcz\u0259rind\u0259 i\u015f apar\u0131l\u0131r. Sazi\u015fin b\u00f6y\u00fck hiss\u0259si raz\u0131la\u015fd\u0131r\u0131l\u0131b. Siz d\u0259rhal bu m\u0259s\u0259l\u0259 il\u0259 m\u0259\u015f\u011ful olun v\u0259 bu g\u00fcn h\u0259l\u0259 ki, raz\u0131la\u015fd\u0131r\u0131lmam\u0131\u015f m\u0259s\u0259l\u0259l\u0259r\u0259 fikir verin. Hesab edir\u0259m ki, Az\u0259rbaycan maksimum d\u0259r\u0259c\u0259d\u0259 konstruktivlik g\u00f6st\u0259ribdir v\u0259 bu g\u00fcn h\u0259l\u0259 d\u0259 raz\u0131la\u015fd\u0131r\u0131lmam\u0131\u015f m\u0259s\u0259l\u0259l\u0259r var. Bizim \u00fc\u00e7\u00fcn indiki formada onlar\u0131 q\u0259bul etm\u0259k dey\u0259 bil\u0259r\u0259m ki, \u00e7ox \u00e7\u0259tin v\u0259 \u0259h\u0259miyy\u0259tsiz olacaqd\u0131r. \u00c7\u00fcnki m\u0259n demi\u015f\u0259m, biz ona g\u00f6r\u0259 yeni sazi\u015f imzalamal\u0131y\u0131q ki, \u00f6z maraqlar\u0131m\u0131z\u0131 daha b\u00f6y\u00fck d\u0259r\u0259c\u0259d\u0259 m\u00fcdafi\u0259 ed\u0259k, t\u0259min ed\u0259k v\u0259 qar\u015f\u0131 t\u0259r\u0259f d\u0259 h\u0259m\u00e7inin. Onlar ona g\u00f6r\u0259 Az\u0259rbaycanla bu sazi\u015fi imzalamaq ist\u0259yirl\u0259r ki, \u00f6z maraqlar\u0131n\u0131 m\u00fcdafi\u0259 v\u0259 t\u0259min etsinl\u0259r. Bu da t\u0259biidir. Ancaq g\u0259r\u0259k bu maraqlar\u0131n uzla\u015fmas\u0131 olsun. Y\u0259ni, biz he\u00e7 vaxt bizi qane etm\u0259y\u0259n, yaxud da ki, biz\u0259 hans\u0131sa problem yarada bil\u0259c\u0259k sazi\u015f\u0259 imza atmar\u0131q. Bu, \u0259h\u0259miyy\u0259tsizdir, m\u0259nas\u0131zd\u0131r. Biz Az\u0259rbaycan xalq\u0131na m\u0259lumat verm\u0259liyik ki, bunu n\u0259 \u00fc\u00e7\u00fcn edirik. Biz edirik ki, daha yax\u015f\u0131 \u015f\u0259rait olsun, \u0259m\u0259kda\u015fl\u0131q \u00fc\u00e7\u00fcn daha yax\u015f\u0131 imkanlar yarans\u0131n, xalq\u0131m\u0131z \u00fc\u00e7\u00fcn daha geni\u015f imkanlar a\u00e7\u0131ls\u0131n. Yoxsa el\u0259 sazi\u015f imzalans\u0131n dey\u0259 sazi\u015f\u0259 qol \u00e7\u0259km\u0259k d\u00fczg\u00fcn olmaz. Bizim m\u00f6vqeyimiz tam a\u00e7\u0131qd\u0131r. M\u0259n bunu bu g\u00fcn b\u00fct\u00fcn ictimaiyy\u0259t\u0259 bildirir\u0259m&#8221;.<\/p>\n","protected":false},"excerpt":{"rendered":"<p>&#8220;Biz he\u00e7 vaxt bizi qane etm\u0259y\u0259n, yaxud da ki, biz\u0259 hans\u0131sa problem yarada bil\u0259c\u0259k sazi\u015f\u0259 imza atmar\u0131q&#8221;. ARANTV.AZ\u00a0\u00a0AZ\u018fRTAC-a\u00a0istinad\u0259n x\u0259b\u0259r verir ki, bunu Prezident \u0130lham \u018fliyev iyulun 16-da Ceyhun Bayramovu Xarici \u0130\u015fl\u0259r naziri t\u0259yin olunmas\u0131 il\u0259 \u0259laq\u0259dar videoformatda q\u0259bul ed\u0259rk\u0259n \u00e7\u0131x\u0131\u015f\u0131nda deyib. D\u00f6vl\u0259t ba\u015f\u00e7\u0131s\u0131 bildirib: &#8220;Bizim Avropa \u0130ttifaq\u0131 il\u0259 \u0259laq\u0259l\u0259rimiz d\u0259 \u00e7ox m\u00f6hk\u0259m z\u0259mind\u0259 qurulub. Avropa \u0130ttifaq\u0131na \u00fczv doqquz d\u00f6vl\u0259tl\u0259 Az\u0259rbaycan\u0131n strateji t\u0259r\u0259fda\u015fl\u0131q haqq\u0131nda s\u0259n\u0259dl\u0259ri vard\u0131r. Bu, Avropa \u0130ttifaq\u0131n\u0131n \u00fc\u00e7d\u0259bir hiss\u0259sidir. Haz\u0131rda Avropa \u0130ttifaq\u0131 il\u0259 Az\u0259rbaycan aras\u0131nda yeni sazi\u015f \u00fcz\u0259rind\u0259 i\u015f apar\u0131l\u0131r. Sazi\u015fin b\u00f6y\u00fck hiss\u0259si raz\u0131la\u015fd\u0131r\u0131l\u0131b. Siz d\u0259rhal bu m\u0259s\u0259l\u0259 il\u0259&hellip;<\/p>\n","protected":false},"author":2,"featured_media":192286,"comment_status":"closed","ping_status":"closed","sticky":false,"template":"","format":"standard","meta":{"om_disable_all_campaigns":false,"_monsterinsights_skip_tracking":false,"_monsterinsights_sitenote_active":false,"_monsterinsights_sitenote_note":"","_monsterinsights_sitenote_category":0},"categories":[4],"tags":[],"aioseo_notices":[],"gutentor_comment":0,"rttpg_featured_image_url":{"full":["https:\/\/arantv.az\/wp-content\/uploads\/2020\/07\/866054_03-1.jpg",1000,666,false],"landscape":["https:\/\/arantv.az\/wp-content\/uploads\/2020\/07\/866054_03-1.jpg",1000,666,false],"portraits":["https:\/\/arantv.az\/wp-content\/uploads\/2020\/07\/866054_03-1.jpg",1000,666,false],"thumbnail":["https:\/\/arantv.az\/wp-content\/uploads\/2020\/07\/866054_03-1-150x150.jpg",150,150,true],"medium":["https:\/\/arantv.az\/wp-content\/uploads\/2020\/07\/866054_03-1-300x200.jpg",300,200,true],"large":["https:\/\/arantv.az\/wp-content\/uploads\/2020\/07\/866054_03-1.jpg",640,426,false],"1536x1536":["https:\/\/arantv.az\/wp-content\/uploads\/2020\/07\/866054_03-1.jpg",1000,666,false],"2048x2048":["https:\/\/arantv.az\/wp-content\/uploads\/2020\/07\/866054_03-1.jpg",1000,666,false],"post-thumbnail":["https:\/\/arantv.az\/wp-content\/uploads\/2020\/07\/866054_03-1-240x172.jpg",240,172,true],"advps-thumb-one":["https:\/\/arantv.az\/wp-content\/uploads\/2020\/07\/866054_03-1-1000x620.jpg",1000,620,true]},"rttpg_author":{"display_name":"V\u00fcsal Rafiqo\u011flu","author_link":"https:\/\/arantv.az\/?author=2"},"rttpg_comment":0,"rttpg_category":"<a href=\"https:\/\/arantv.az\/?cat=4\" rel=\"category\">Siyas\u0259t<\/a>","rttpg_excerpt":"&#8220;Biz he\u00e7 vaxt bizi qane etm\u0259y\u0259n, yaxud da ki, biz\u0259 hans\u0131sa problem yarada bil\u0259c\u0259k sazi\u015f\u0259 imza atmar\u0131q&#8221;. ARANTV.AZ\u00a0\u00a0AZ\u018fRTAC-a\u00a0istinad\u0259n x\u0259b\u0259r verir ki, bunu Prezident \u0130lham \u018fliyev iyulun 16-da Ceyhun Bayramovu Xarici \u0130\u015fl\u0259r naziri t\u0259yin olunmas\u0131 il\u0259 \u0259laq\u0259dar videoformatda q\u0259bul ed\u0259rk\u0259n \u00e7\u0131x\u0131\u015f\u0131nda deyib. D\u00f6vl\u0259t ba\u015f\u00e7\u0131s\u0131 bildirib: &#8220;Bizim Avropa \u0130ttifaq\u0131 il\u0259 \u0259laq\u0259l\u0259rimiz d\u0259 \u00e7ox m\u00f6hk\u0259m z\u0259mind\u0259 qurulub. Avropa&hellip;","_links":{"self":[{"href":"https:\/\/arantv.az\/index.php?rest_route=\/wp\/v2\/posts\/192285"}],"collection":[{"href":"https:\/\/arantv.az\/index.php?rest_route=\/wp\/v2\/posts"}],"about":[{"href":"https:\/\/arantv.az\/index.php?rest_route=\/wp\/v2\/types\/post"}],"author":[{"embeddable":true,"href":"https:\/\/arantv.az\/index.php?rest_route=\/wp\/v2\/users\/2"}],"replies":[{"embeddable":true,"href":"https:\/\/arantv.az\/index.php?rest_route=%2Fwp%2Fv2%2Fcomments&post=192285"}],"version-history":[{"count":0,"href":"https:\/\/arantv.az\/index.php?rest_route=\/wp\/v2\/posts\/192285\/revisions"}],"wp:featuredmedia":[{"embeddable":true,"href":"https:\/\/arantv.az\/index.php?rest_route=\/wp\/v2\/media\/192286"}],"wp:attachment":[{"href":"https:\/\/arantv.az\/index.php?rest_route=%2Fwp%2Fv2%2Fmedia&parent=192285"}],"wp:term":[{"taxonomy":"category","embeddable":true,"href":"https:\/\/arantv.az\/index.php?rest_route=%2Fwp%2Fv2%2Fcategories&post=192285"},{"taxonomy":"post_tag","embeddable":true,"href":"https:\/\/arantv.az\/index.php?rest_route=%2Fwp%2Fv2%2Ftags&post=192285"}],"curies":[{"name":"wp","href":"https:\/\/api.w.org\/{rel}","templated":true}]}}