{"id":192333,"date":"2020-07-16T16:33:12","date_gmt":"2020-07-16T13:33:12","guid":{"rendered":"http:\/\/arantv.az\/?p=192333"},"modified":"2020-07-16T16:33:12","modified_gmt":"2020-07-16T13:33:12","slug":"prezident-ilham-%c9%99liyevin-hucum-diplomatiyasinin-n%c9%99tic%c9%99sidir-ki-az%c9%99rbaycan-dunyada-soz-sahibi-olan-olk%c9%99y%c9%99-cevrilib","status":"publish","type":"post","link":"https:\/\/arantv.az\/?p=192333","title":{"rendered":"Prezident \u0130lham \u018fliyevin h\u00fccum diplomatiyas\u0131n\u0131n n\u0259tic\u0259sidir ki, Az\u0259rbaycan d\u00fcnyada s\u00f6z sahibi olan \u00f6lk\u0259y\u0259 \u00e7evrilib"},"content":{"rendered":"<p>&#8220;Son g\u00fcnl\u0259r Erm\u0259nistan\u0131n daha da aqressivl\u0259\u015fib v\u0259 Az\u0259rbaycanla d\u00f6vl\u0259t s\u0259rh\u0259dind\u0259 yeni h\u0259rbi t\u0259xribat t\u00f6r\u0259dib. T\u0259bii ki, bu aqressiyan\u0131n qar\u015f\u0131s\u0131 ordumuz t\u0259r\u0259find\u0259n al\u0131n\u0131b v\u0259 d\u00fc\u015fm\u0259n\u0259 sars\u0131d\u0131c\u0131 z\u0259rb\u0259l\u0259r endirilib, \u015f\u0259hidl\u0259rimizin qisas\u0131 al\u0131n\u0131b&#8221;.<\/p>\n<p><strong>ARANTV.AZ\u00a0<\/strong> x\u0259b\u0259r verir ki, bunu\u00a0<a href=\"https:\/\/az.trend.az\/\" target=\"_blank\" rel=\"noopener\">Trend<\/a>-\u0259 Milli M\u0259clisin Elm v\u0259 t\u0259hsil komit\u0259sinin s\u0259dri B\u0259xtiyar \u018fliyev deyib.<\/p>\n<p>B.\u018fliyevin s\u00f6zl\u0259rin\u0259 g\u00f6r\u0259, \u015f\u00fcbh\u0259siz ki, Erm\u0259nistan t\u0259r\u0259find\u0259n t\u00f6r\u0259dil\u0259n h\u0259rbi t\u0259xribat\u0131n s\u0259b\u0259bi Erm\u0259nistanda haz\u0131rda m\u00f6vcud olan siyasi v\u0259 iqtisadi b\u00f6hrand\u0131r:<\/p>\n<p>&#8220;Eyni zamanda, Erm\u0259nistanda demokratik prinsipl\u0259r tamamil\u0259 pozulub, Venesiya Komissiyas\u0131n\u0131n 2019-cu il hesabat\u0131nda bundan \u0259vv\u0259lki siyasi r\u0259hb\u0259rlikl\u0259r oliqarx rejim adland\u0131r\u0131l\u0131r, orada siyasi opponentl\u0259r t\u0259qib olunur v\u0259 diktatura h\u00f6km s\u00fcr\u00fcr.<\/p>\n<p>Ona g\u00f6r\u0259 d\u00fcnya ictimaiyy\u0259ti d\u0259 Erm\u0259nistan\u0131n bu n\u00f6vb\u0259ti t\u0259xribat\u0131n\u0131 pisl\u0259yib, Az\u0259rbaycan\u0131n \u0259razi b\u00fct\u00f6vl\u00fcy\u00fc v\u0259 suverenliyini m\u00fcdafi\u0259 edib. C\u0259nab Prezident \u0130lham \u018fliyevin h\u00fccum diplomatiyas\u0131n\u0131n n\u0259tic\u0259sidir ki, bu g\u00fcn art\u0131q Az\u0259rbaycan d\u00fcnyada s\u00f6z sahibi olan \u00f6lk\u0259y\u0259 \u00e7evrilib, d\u00fcnya miqyasl\u0131 t\u0259dbirl\u0259r\u0259 ev sahibliyi edir v\u0259 ya onlar\u0131n t\u0259\u015f\u0259bb\u00fcs\u00e7\u00fcs\u00fc kimi yeni trendl\u0259ri m\u00fc\u0259yy\u0259nl\u0259\u015fdirir.<\/p>\n<p>Prezident \u0130lham \u018fliyevin s\u0259drliyi il\u0259 Nazirl\u0259r Kabinetinin 2020-ci ilin birinci yar\u0131s\u0131n\u0131n sosial-iqtisadi inki\u015faf\u0131n\u0131n yekunlar\u0131na v\u0259 qar\u015f\u0131da duran v\u0259zif\u0259l\u0259r\u0259 h\u0259sr olunan iclasda \u00e7\u0131x\u0131\u015f\u0131nda deyib: &#8220;Bu \u0259m\u0259liyyat, son g\u00fcnl\u0259r \u0259rzind\u0259 ba\u015f vermi\u015f h\u0259rbi toqqu\u015fma &#8211; bizim n\u00f6vb\u0259ti \u015fanl\u0131 q\u0259l\u0259b\u0259mizdir. Son \u0259m\u0259liyyatda Az\u0259rbaycan Ordusu bir daha \u00f6z \u00fcst\u00fcnl\u00fcy\u00fcn\u00fc g\u00f6st\u0259rdi. 2020-ci il, 12 iyul \u0259m\u0259liyyat\u0131n\u0131n Az\u0259rbaycan Ordusunun \u015fanl\u0131 tarixind\u0259 \u00f6z yeri olacaq. 2018-ci ild\u0259 u\u011furlu Nax\u00e7\u0131van \u0259m\u0259liyyat\u0131 n\u0259tic\u0259sind\u0259 on min hektardan \u00e7ox torpaq sah\u0259si Az\u0259rbaycan Ordusu t\u0259r\u0259find\u0259n g\u00f6t\u00fcr\u00fclm\u00fc\u015f v\u0259 i\u015f\u011fal\u00e7\u0131lar o b\u00f6lg\u0259l\u0259rd\u0259n qovulmu\u015fdur&#8221;.<\/p>\n<p>Son g\u00fcnl\u0259r \u0259rzind\u0259 ba\u015f vermi\u015f toqqu\u015fmalar v\u0259 qanl\u0131 d\u00f6y\u00fc\u015fl\u0259r bir daha Az\u0259rbaycan d\u00f6vl\u0259tinin, ordusunun g\u00fcc\u00fcn\u00fc, xalqla iqtidar aras\u0131ndak\u0131 birliyi g\u00f6st\u0259rdi&#8221;.<\/p>\n<p>Komit\u0259 s\u0259dri vur\u011fulay\u0131b ki, d\u00fcnyada &#8220;COVID-19&#8221; pandemiyas\u0131n\u0131n bir \u00e7ox d\u00f6vl\u0259tl\u0259rin, o c\u00fcml\u0259d\u0259n Erm\u0259nistan\u0131n onsuz da olmayan iqtisadiyyat\u0131n\u0131 iflic etdiyi halda, Az\u0259rbaycan iqtisadiyyat\u0131 az da olsa son alt\u0131 ayda inki\u015faf edib. Baxmayaraq ki, neftin qiym\u0259ti k\u0259skin \u015f\u0259kild\u0259 d\u00fc\u015f\u00fcb, u\u011furlu islahatlar inki\u015faf\u0131 t\u0259min edib.<\/p>\n<p>Az\u0259rbaycan\u0131n bu u\u011furlar\u0131n\u0131 g\u00f6z\u00fc g\u00f6t\u00fcrm\u0259y\u0259n, h\u0259zm ed\u0259 bilm\u0259y\u0259n xarici q\u00fcvv\u0259l\u0259r biz\u0259 m\u00fcxt\u0259lif \u00e7irkin vasit\u0259l\u0259rl\u0259 t\u0259sir etm\u0259y\u0259, n\u0259yis\u0259 diqt\u0259 etm\u0259y\u0259, s\u00fcverenliyimizi m\u0259hdudla\u015fd\u0131rma\u011fa \u00e7al\u0131\u015f\u0131rlar. Lakin bu t\u0259sirl\u0259r art\u0131q he\u00e7 n\u0259yi d\u0259yi\u015f\u0259 bilm\u0259y\u0259c\u0259k. Xalq\u0131n d\u0259st\u0259yini qazanm\u0131\u015f Prezidentin siyasi irad\u0259si ortadad\u0131r v\u0259 bu irad\u0259 xalq\u0131n irad\u0259sinin t\u0259zah\u00fcr\u00fcd\u00fcr. G\u00fccl\u00fc, m\u00fcst\u0259qil, s\u00fcveren Az\u0259rbaycan Respublikas\u0131 il\u0259 dost olanlar qazanacaqlar. Bunu \u0259ks\u0259r sa\u011flam d\u00fc\u015f\u00fcnc\u0259li insanlar d\u0259rk edirl\u0259r.<\/p>\n<p>T\u0259\u0259ss\u00fcf hissi il\u0259 qeyd etm\u0259k ist\u0259rdik ki, \u00f6lk\u0259mizd\u0259 1990-c\u0131 ill\u0259rin \u0259vv\u0259ll\u0259rind\u0259 xalq\u0131m\u0131z\u0131 a\u011f\u0131r b\u0259lalara d\u00fc\u00e7ar olmas\u0131n\u0131n, faci\u0259l\u0259r ya\u015famas\u0131n\u0131n baiskarlar\u0131 bu g\u00fcn d\u0259 \u00f6z \u00e7irkin, xain \u0259m\u0259ll\u0259rind\u0259n \u0259l \u00e7\u0259km\u0259y\u0259r\u0259k, iftira, b\u00f6htan v\u0259 \u015fantaj vasit\u0259sil\u0259 insanlar\u0131m\u0131za t\u0259sir etm\u0259y\u0259, siyasi sabitliyi pozma\u011fa c\u0259hd edirl\u0259r. Bu x\u0259st\u0259 t\u0259x\u0259yy\u00fcll\u00fc nankorlar\u0131n d\u00f6vl\u0259timiz\u0259, xalq\u0131m\u0131za qar\u015f\u0131 iyr\u0259nc m\u00fcbariz\u0259si q\u0131sas\u00e7\u0131l\u0131q v\u0259 &#8220;natamaml\u0131q kompleksind\u0259n&#8221; qaynaqlan\u0131r. Xalq\u0131ndan, d\u00f6vl\u0259tind\u0259n, v\u0259t\u0259nind\u0259n qisas alma\u011fa \u00e7al\u0131\u015fanlar\u0131n bir ad\u0131 var &#8211; V\u0259t\u0259n xaini! \u0130ndiki tarixi m\u0259qamda h\u0259r k\u0259si \u00f6z ad\u0131 il\u0259 \u00e7a\u011f\u0131rma\u011f\u0131n vaxt\u0131d\u0131r.<\/p>\n<p>Az\u0259rbaycan\u0131n 43 siyasi partiyas\u0131 v\u0259t\u0259nin \u00e7\u0259tin g\u00fcn\u00fcnd\u0259 d\u00f6vl\u0259t ba\u015f\u00e7\u0131s\u0131n\u0131n u\u011furlu siyas\u0259tini d\u0259st\u0259kl\u0259y\u0259r\u0259k birg\u0259 b\u0259yanat imzalamaqla xalqa \u00f6z xidm\u0259tini g\u00f6st\u0259rir. B\u0259s, bu b\u0259yanat\u0131 imzalamayanlar n\u0259 ist\u0259yirl\u0259r? Ancaq unutmas\u0131nlar ki, xalq onlar\u0131 ba\u011f\u0131\u015flamayacaq! Xalq\u0131n g\u00f6z\u00fc t\u0259r\u0259zidir!<\/p>\n<p>Daim xalqla bir yerd\u0259 olan, onun qay\u011f\u0131lar\u0131 il\u0259 ya\u015fayan Prezident \u0130lham \u018fliyev\u0259 xalq\u0131n sonsuz inam\u0131 v\u0259 m\u0259h\u0259bb\u0259ti var. \u00c7\u00fcnki O, b\u00fct\u00fcn vacib m\u0259s\u0259l\u0259l\u0259ri xalq il\u0259 b\u00f6l\u00fc\u015f\u00fcr, h\u0259m m\u0259sl\u0259h\u0259tl\u0259\u015fir, h\u0259m \u00f6z fikirl\u0259rini, \u00f6z siyas\u0259tini deyir v\u0259 eyni zamanda, xalq\u0131 narahat ed\u0259n probleml\u0259ri d\u0259rind\u0259n t\u0259hlil edir v\u0259 q\u0259rarlar q\u0259bul edir. Ona g\u00f6r\u0259 d\u0259 xalq-iqtidar birliyi sars\u0131lmazd\u0131r. Bu birlik bizi q\u0259l\u0259b\u0259y\u0259 apar\u0131r!&#8221;.<\/p>\n","protected":false},"excerpt":{"rendered":"<p>&#8220;Son g\u00fcnl\u0259r Erm\u0259nistan\u0131n daha da aqressivl\u0259\u015fib v\u0259 Az\u0259rbaycanla d\u00f6vl\u0259t s\u0259rh\u0259dind\u0259 yeni h\u0259rbi t\u0259xribat t\u00f6r\u0259dib. T\u0259bii ki, bu aqressiyan\u0131n qar\u015f\u0131s\u0131 ordumuz t\u0259r\u0259find\u0259n al\u0131n\u0131b v\u0259 d\u00fc\u015fm\u0259n\u0259 sars\u0131d\u0131c\u0131 z\u0259rb\u0259l\u0259r endirilib, \u015f\u0259hidl\u0259rimizin qisas\u0131 al\u0131n\u0131b&#8221;. ARANTV.AZ\u00a0 x\u0259b\u0259r verir ki, bunu\u00a0Trend-\u0259 Milli M\u0259clisin Elm v\u0259 t\u0259hsil komit\u0259sinin s\u0259dri B\u0259xtiyar \u018fliyev deyib. B.\u018fliyevin s\u00f6zl\u0259rin\u0259 g\u00f6r\u0259, \u015f\u00fcbh\u0259siz ki, Erm\u0259nistan t\u0259r\u0259find\u0259n t\u00f6r\u0259dil\u0259n h\u0259rbi t\u0259xribat\u0131n s\u0259b\u0259bi Erm\u0259nistanda haz\u0131rda m\u00f6vcud olan siyasi v\u0259 iqtisadi b\u00f6hrand\u0131r: &#8220;Eyni zamanda, Erm\u0259nistanda demokratik prinsipl\u0259r tamamil\u0259 pozulub, Venesiya Komissiyas\u0131n\u0131n 2019-cu il hesabat\u0131nda bundan \u0259vv\u0259lki siyasi r\u0259hb\u0259rlikl\u0259r oliqarx rejim adland\u0131r\u0131l\u0131r, orada siyasi opponentl\u0259r t\u0259qib olunur v\u0259 diktatura&hellip;<\/p>\n","protected":false},"author":2,"featured_media":192334,"comment_status":"closed","ping_status":"closed","sticky":false,"template":"","format":"standard","meta":{"om_disable_all_campaigns":false,"_monsterinsights_skip_tracking":false,"_monsterinsights_sitenote_active":false,"_monsterinsights_sitenote_note":"","_monsterinsights_sitenote_category":0},"categories":[4],"tags":[],"aioseo_notices":[],"gutentor_comment":0,"rttpg_featured_image_url":{"full":["https:\/\/arantv.az\/wp-content\/uploads\/2020\/07\/866074.jpg",800,600,false],"landscape":["https:\/\/arantv.az\/wp-content\/uploads\/2020\/07\/866074.jpg",800,600,false],"portraits":["https:\/\/arantv.az\/wp-content\/uploads\/2020\/07\/866074.jpg",800,600,false],"thumbnail":["https:\/\/arantv.az\/wp-content\/uploads\/2020\/07\/866074-150x150.jpg",150,150,true],"medium":["https:\/\/arantv.az\/wp-content\/uploads\/2020\/07\/866074-300x225.jpg",300,225,true],"large":["https:\/\/arantv.az\/wp-content\/uploads\/2020\/07\/866074.jpg",640,480,false],"1536x1536":["https:\/\/arantv.az\/wp-content\/uploads\/2020\/07\/866074.jpg",800,600,false],"2048x2048":["https:\/\/arantv.az\/wp-content\/uploads\/2020\/07\/866074.jpg",800,600,false],"post-thumbnail":["https:\/\/arantv.az\/wp-content\/uploads\/2020\/07\/866074-240x172.jpg",240,172,true],"advps-thumb-one":["https:\/\/arantv.az\/wp-content\/uploads\/2020\/07\/866074.jpg",800,600,false]},"rttpg_author":{"display_name":"V\u00fcsal Rafiqo\u011flu","author_link":"https:\/\/arantv.az\/?author=2"},"rttpg_comment":0,"rttpg_category":"<a href=\"https:\/\/arantv.az\/?cat=4\" rel=\"category\">Siyas\u0259t<\/a>","rttpg_excerpt":"&#8220;Son g\u00fcnl\u0259r Erm\u0259nistan\u0131n daha da aqressivl\u0259\u015fib v\u0259 Az\u0259rbaycanla d\u00f6vl\u0259t s\u0259rh\u0259dind\u0259 yeni h\u0259rbi t\u0259xribat t\u00f6r\u0259dib. T\u0259bii ki, bu aqressiyan\u0131n qar\u015f\u0131s\u0131 ordumuz t\u0259r\u0259find\u0259n al\u0131n\u0131b v\u0259 d\u00fc\u015fm\u0259n\u0259 sars\u0131d\u0131c\u0131 z\u0259rb\u0259l\u0259r endirilib, \u015f\u0259hidl\u0259rimizin qisas\u0131 al\u0131n\u0131b&#8221;. ARANTV.AZ\u00a0 x\u0259b\u0259r verir ki, bunu\u00a0Trend-\u0259 Milli M\u0259clisin Elm v\u0259 t\u0259hsil komit\u0259sinin s\u0259dri B\u0259xtiyar \u018fliyev deyib. B.\u018fliyevin s\u00f6zl\u0259rin\u0259 g\u00f6r\u0259, \u015f\u00fcbh\u0259siz ki, Erm\u0259nistan t\u0259r\u0259find\u0259n t\u00f6r\u0259dil\u0259n h\u0259rbi t\u0259xribat\u0131n&hellip;","_links":{"self":[{"href":"https:\/\/arantv.az\/index.php?rest_route=\/wp\/v2\/posts\/192333"}],"collection":[{"href":"https:\/\/arantv.az\/index.php?rest_route=\/wp\/v2\/posts"}],"about":[{"href":"https:\/\/arantv.az\/index.php?rest_route=\/wp\/v2\/types\/post"}],"author":[{"embeddable":true,"href":"https:\/\/arantv.az\/index.php?rest_route=\/wp\/v2\/users\/2"}],"replies":[{"embeddable":true,"href":"https:\/\/arantv.az\/index.php?rest_route=%2Fwp%2Fv2%2Fcomments&post=192333"}],"version-history":[{"count":0,"href":"https:\/\/arantv.az\/index.php?rest_route=\/wp\/v2\/posts\/192333\/revisions"}],"wp:featuredmedia":[{"embeddable":true,"href":"https:\/\/arantv.az\/index.php?rest_route=\/wp\/v2\/media\/192334"}],"wp:attachment":[{"href":"https:\/\/arantv.az\/index.php?rest_route=%2Fwp%2Fv2%2Fmedia&parent=192333"}],"wp:term":[{"taxonomy":"category","embeddable":true,"href":"https:\/\/arantv.az\/index.php?rest_route=%2Fwp%2Fv2%2Fcategories&post=192333"},{"taxonomy":"post_tag","embeddable":true,"href":"https:\/\/arantv.az\/index.php?rest_route=%2Fwp%2Fv2%2Ftags&post=192333"}],"curies":[{"name":"wp","href":"https:\/\/api.w.org\/{rel}","templated":true}]}}