{"id":192337,"date":"2020-07-16T16:34:19","date_gmt":"2020-07-16T13:34:19","guid":{"rendered":"http:\/\/arantv.az\/?p=192337"},"modified":"2020-07-16T16:34:19","modified_gmt":"2020-07-16T13:34:19","slug":"az%c9%99rbaycan-prezidenti-biz-erm%c9%99nistanla-imitasiya-namin%c9%99-danisiqlar-aparmaq-m%c9%99nasiz-videokonfranslar-kecirm%c9%99k-fikrind%c9%99-deyilik","status":"publish","type":"post","link":"https:\/\/arantv.az\/?p=192337","title":{"rendered":"Az\u0259rbaycan Prezidenti: Biz Erm\u0259nistanla imitasiya namin\u0259 dan\u0131\u015f\u0131qlar aparmaq, m\u0259nas\u0131z videokonfranslar ke\u00e7irm\u0259k fikrind\u0259 deyilik"},"content":{"rendered":"<p><strong>Biz Erm\u0259nistanla imitasiya namin\u0259 dan\u0131\u015f\u0131qlar aparmaq, m\u0259nas\u0131z videokonfranslar ke\u00e7irm\u0259k fikrind\u0259 deyilik<\/strong><\/p>\n<p><strong>ARANTV.AZ\u00a0\u00a0<\/strong><a href=\"http:\/\/azertag.az\/\" target=\"_blank\" rel=\"noopener\">AZ\u018fRTAC<\/a>-a istinad\u0259n bildirir ki,\u00a0bunu Prezident \u0130lham \u018fliyev iyulun 16-da Ceyhun Bayramovu Xarici \u0130\u015fl\u0259r naziri t\u0259yin olunmas\u0131 il\u0259 \u0259laq\u0259dar videoformatda q\u0259bul ed\u0259rk\u0259n \u00e7\u0131x\u0131\u015f\u0131nda deyib.<\/p>\n<p>D\u00f6vl\u0259t ba\u015f\u00e7\u0131s\u0131 bildirib:<\/p>\n<p>&#8220;O ki qald\u0131, dan\u0131\u015f\u0131qlara, m\u0259n bir daha dem\u0259k ist\u0259yir\u0259m ki, biz imitasiya namin\u0259 dan\u0131\u015f\u0131qlar aparmaq, m\u0259nas\u0131z videokonfranslar ke\u00e7irm\u0259k fikrind\u0259 deyilik. Bunun m\u0259nas\u0131 olmal\u0131d\u0131r. M\u0259n demi\u015f\u0259m ki, Minsk qrupunun i\u015fi \u00e7ox f\u0259al olmal\u0131d\u0131r v\u0259 onlar\u0131n mandat\u0131 \u00e7\u0259r\u00e7iv\u0259sind\u0259 t\u0259kc\u0259 t\u0259mas x\u0259ttind\u0259, yaxud da ki, d\u00f6vl\u0259t s\u0259rh\u0259dind\u0259 at\u0259\u015fk\u0259sin t\u0259min edilm\u0259si m\u0259s\u0259l\u0259si yox, mahiyy\u0259t \u00fczr\u0259 dan\u0131\u015f\u0131qlar apar\u0131lmal\u0131d\u0131r v\u0259 bunun \u00fc\u00e7\u00fcn art\u0131q uzun ill\u0259r \u0259rzind\u0259 formala\u015fm\u0131\u015f baza var. Ancaq Erm\u0259nistan \u00f6z destruktiv add\u0131mlar\u0131, qeyri-konstruktiv b\u0259yanatlar\u0131, s\u0259rh\u0259dd\u0259 v\u0259 t\u0259mas x\u0259ttind\u0259 t\u00f6r\u0259tdikl\u0259ri h\u0259rbi cinay\u0259tl\u0259ri il\u0259 b\u00fct\u00fcn bu dan\u0131\u015f\u0131qlar konstruksiyas\u0131n\u0131 m\u0259hv edir. Erm\u0259nistan dan\u0131\u015f\u0131qlar format\u0131n\u0131 d\u0259yi\u015fm\u0259k, dan\u0131\u015f\u0131qlar\u0131n mahiyy\u0259tini pozmaq ist\u0259yir. Y\u0259ni, faktiki olaraq bu g\u00fcn Erm\u0259nistan dan\u0131\u015f\u0131qlar prosesini da\u011f\u0131d\u0131r v\u0259 bunu h\u0259r k\u0259s g\u00f6r\u00fcr. Sad\u0259c\u0259 olaraq, Erm\u0259nistan r\u0259hb\u0259rliyinin a\u00e7\u0131qlamalar\u0131na fikir verm\u0259k kifay\u0259tdir. Onlar\u0131n h\u0259rbi r\u0259hb\u0259rliyi bizi h\u0259d\u0259l\u0259m\u0259y\u0259 \u00e7al\u0131\u015f\u0131r. Bizi yeni torpaqlar\u0131n i\u015f\u011fal\u0131 il\u0259 h\u0259d\u0259l\u0259m\u0259k ist\u0259yir. Ancaq bunlara bu g\u00fcnl\u0259rd\u0259 veril\u0259n d\u0259rs hesab edir\u0259m ki, uzun m\u00fcdd\u0259t onlar\u0131n yadda\u015f\u0131ndan silinm\u0259y\u0259c\u0259k. Az\u0259rbaycan \u00f6z \u0259razi b\u00fct\u00f6vl\u00fcy\u00fcn\u00fc b\u0259rpa ed\u0259c\u0259k. Az\u0259rbaycan xalq\u0131n\u0131n s\u0259brinin h\u0259ddi var. Ona g\u00f6r\u0259 dan\u0131\u015f\u0131qlar mahiyy\u0259t \u00fczr\u0259 apar\u0131lmal\u0131d\u0131r. \u018fg\u0259r biz g\u00f6rs\u0259k ki, bu dan\u0131\u015f\u0131qlar \u0259h\u0259miyy\u0259tsizdir, onda buna uy\u011fun \u015f\u0259kild\u0259 \u00f6z add\u0131mlar\u0131m\u0131z\u0131 da ataca\u011f\u0131q v\u0259 b\u0259yanatlar\u0131m\u0131z\u0131 da ver\u0259c\u0259yik&#8221;.<\/p>\n","protected":false},"excerpt":{"rendered":"<p>Biz Erm\u0259nistanla imitasiya namin\u0259 dan\u0131\u015f\u0131qlar aparmaq, m\u0259nas\u0131z videokonfranslar ke\u00e7irm\u0259k fikrind\u0259 deyilik ARANTV.AZ\u00a0\u00a0AZ\u018fRTAC-a istinad\u0259n bildirir ki,\u00a0bunu Prezident \u0130lham \u018fliyev iyulun 16-da Ceyhun Bayramovu Xarici \u0130\u015fl\u0259r naziri t\u0259yin olunmas\u0131 il\u0259 \u0259laq\u0259dar videoformatda q\u0259bul ed\u0259rk\u0259n \u00e7\u0131x\u0131\u015f\u0131nda deyib. D\u00f6vl\u0259t ba\u015f\u00e7\u0131s\u0131 bildirib: &#8220;O ki qald\u0131, dan\u0131\u015f\u0131qlara, m\u0259n bir daha dem\u0259k ist\u0259yir\u0259m ki, biz imitasiya namin\u0259 dan\u0131\u015f\u0131qlar aparmaq, m\u0259nas\u0131z videokonfranslar ke\u00e7irm\u0259k fikrind\u0259 deyilik. Bunun m\u0259nas\u0131 olmal\u0131d\u0131r. M\u0259n demi\u015f\u0259m ki, Minsk qrupunun i\u015fi \u00e7ox f\u0259al olmal\u0131d\u0131r v\u0259 onlar\u0131n mandat\u0131 \u00e7\u0259r\u00e7iv\u0259sind\u0259 t\u0259kc\u0259 t\u0259mas x\u0259ttind\u0259, yaxud da ki, d\u00f6vl\u0259t s\u0259rh\u0259dind\u0259 at\u0259\u015fk\u0259sin t\u0259min edilm\u0259si m\u0259s\u0259l\u0259si yox, mahiyy\u0259t \u00fczr\u0259 dan\u0131\u015f\u0131qlar apar\u0131lmal\u0131d\u0131r&hellip;<\/p>\n","protected":false},"author":2,"featured_media":192338,"comment_status":"closed","ping_status":"closed","sticky":false,"template":"","format":"standard","meta":{"om_disable_all_campaigns":false,"_monsterinsights_skip_tracking":false,"_monsterinsights_sitenote_active":false,"_monsterinsights_sitenote_note":"","_monsterinsights_sitenote_category":0},"categories":[4],"tags":[],"aioseo_notices":[],"gutentor_comment":0,"rttpg_featured_image_url":{"full":["https:\/\/arantv.az\/wp-content\/uploads\/2020\/07\/866054_02-3.jpg",831,669,false],"landscape":["https:\/\/arantv.az\/wp-content\/uploads\/2020\/07\/866054_02-3.jpg",831,669,false],"portraits":["https:\/\/arantv.az\/wp-content\/uploads\/2020\/07\/866054_02-3.jpg",831,669,false],"thumbnail":["https:\/\/arantv.az\/wp-content\/uploads\/2020\/07\/866054_02-3-150x150.jpg",150,150,true],"medium":["https:\/\/arantv.az\/wp-content\/uploads\/2020\/07\/866054_02-3-300x242.jpg",300,242,true],"large":["https:\/\/arantv.az\/wp-content\/uploads\/2020\/07\/866054_02-3.jpg",640,515,false],"1536x1536":["https:\/\/arantv.az\/wp-content\/uploads\/2020\/07\/866054_02-3.jpg",831,669,false],"2048x2048":["https:\/\/arantv.az\/wp-content\/uploads\/2020\/07\/866054_02-3.jpg",831,669,false],"post-thumbnail":["https:\/\/arantv.az\/wp-content\/uploads\/2020\/07\/866054_02-3-240x172.jpg",240,172,true],"advps-thumb-one":["https:\/\/arantv.az\/wp-content\/uploads\/2020\/07\/866054_02-3-831x620.jpg",831,620,true]},"rttpg_author":{"display_name":"V\u00fcsal Rafiqo\u011flu","author_link":"https:\/\/arantv.az\/?author=2"},"rttpg_comment":0,"rttpg_category":"<a href=\"https:\/\/arantv.az\/?cat=4\" rel=\"category\">Siyas\u0259t<\/a>","rttpg_excerpt":"Biz Erm\u0259nistanla imitasiya namin\u0259 dan\u0131\u015f\u0131qlar aparmaq, m\u0259nas\u0131z videokonfranslar ke\u00e7irm\u0259k fikrind\u0259 deyilik ARANTV.AZ\u00a0\u00a0AZ\u018fRTAC-a istinad\u0259n bildirir ki,\u00a0bunu Prezident \u0130lham \u018fliyev iyulun 16-da Ceyhun Bayramovu Xarici \u0130\u015fl\u0259r naziri t\u0259yin olunmas\u0131 il\u0259 \u0259laq\u0259dar videoformatda q\u0259bul ed\u0259rk\u0259n \u00e7\u0131x\u0131\u015f\u0131nda deyib. D\u00f6vl\u0259t ba\u015f\u00e7\u0131s\u0131 bildirib: &#8220;O ki qald\u0131, dan\u0131\u015f\u0131qlara, m\u0259n bir daha dem\u0259k ist\u0259yir\u0259m ki, biz imitasiya namin\u0259 dan\u0131\u015f\u0131qlar aparmaq, m\u0259nas\u0131z videokonfranslar ke\u00e7irm\u0259k&hellip;","_links":{"self":[{"href":"https:\/\/arantv.az\/index.php?rest_route=\/wp\/v2\/posts\/192337"}],"collection":[{"href":"https:\/\/arantv.az\/index.php?rest_route=\/wp\/v2\/posts"}],"about":[{"href":"https:\/\/arantv.az\/index.php?rest_route=\/wp\/v2\/types\/post"}],"author":[{"embeddable":true,"href":"https:\/\/arantv.az\/index.php?rest_route=\/wp\/v2\/users\/2"}],"replies":[{"embeddable":true,"href":"https:\/\/arantv.az\/index.php?rest_route=%2Fwp%2Fv2%2Fcomments&post=192337"}],"version-history":[{"count":0,"href":"https:\/\/arantv.az\/index.php?rest_route=\/wp\/v2\/posts\/192337\/revisions"}],"wp:featuredmedia":[{"embeddable":true,"href":"https:\/\/arantv.az\/index.php?rest_route=\/wp\/v2\/media\/192338"}],"wp:attachment":[{"href":"https:\/\/arantv.az\/index.php?rest_route=%2Fwp%2Fv2%2Fmedia&parent=192337"}],"wp:term":[{"taxonomy":"category","embeddable":true,"href":"https:\/\/arantv.az\/index.php?rest_route=%2Fwp%2Fv2%2Fcategories&post=192337"},{"taxonomy":"post_tag","embeddable":true,"href":"https:\/\/arantv.az\/index.php?rest_route=%2Fwp%2Fv2%2Ftags&post=192337"}],"curies":[{"name":"wp","href":"https:\/\/api.w.org\/{rel}","templated":true}]}}