{"id":192341,"date":"2020-07-16T16:38:41","date_gmt":"2020-07-16T13:38:41","guid":{"rendered":"http:\/\/arantv.az\/?p=192341"},"modified":"2020-07-16T16:38:41","modified_gmt":"2020-07-16T13:38:41","slug":"yasamaldaki-golun-yerind%c9%99-bina-tikil%c9%99c%c9%99k-aciqlamavideo","status":"publish","type":"post","link":"https:\/\/arantv.az\/?p=192341","title":{"rendered":"Yasamaldak\u0131 g\u00f6l\u00fcn yerind\u0259 bina tikil\u0259c\u0259k? &#8211; A\u00c7IQLAMA+V\u0130DEO"},"content":{"rendered":"<p>Bak\u0131n\u0131n Yasamal rayonunda ya\u015fay\u0131\u015f binalar\u0131 t\u0259r\u0259fd\u0259 yerl\u0259\u015f\u0259n g\u00f6l\u00fc qurutma\u011fa \u00e7al\u0131\u015f\u0131rlar.<\/p>\n<p>Bu bar\u0259d\u0259\u00a0Oxu.Az-a videog\u00f6r\u00fcnt\u00fcl\u0259r g\u00f6nd\u0259rilib. V\u0259t\u0259nda\u015f iddia edir ki, g\u00f6r\u00fcnt\u00fcl\u0259r Yasamal rayonu \u0259razisind\u0259 \u201cTri Koron\u0131\u201d kimi tan\u0131nan binalar\u0131n yax\u0131nl\u0131\u011f\u0131ndak\u0131 k\u00fc\u00e7\u0259d\u0259 \u00e7\u0259kilib:<\/p>\n<div id=\"AdviadNativeVideo0\" class=\"AdviadNativeVideo\"><\/div>\n<p>\u201cG\u00f6rd\u00fcy\u00fcn\u00fcz bu g\u00f6l\u00fc d\u0259f\u0259l\u0259rl\u0259 qurutma\u011fa \u00e7al\u0131\u015f\u0131blar. B\u00f6y\u00fck ehtimalla \u0259razid\u0259 in\u015faat i\u015fl\u0259rin\u0259 haz\u0131rla\u015f\u0131rlar. Bir ne\u00e7\u0259 d\u0259f\u0259 buna c\u0259hd edilib, lakin\u00a0n\u0259tic\u0259siz qal\u0131b. Bu d\u0259f\u0259 d\u0259 g\u00f6rd\u00fcy\u00fcn\u00fcz y\u00fck ma\u015f\u0131nlar\u0131 il\u0259 g\u00f6l\u0259 torpaq t\u00f6k\u00fcrl\u0259r. Amma bu \u0259razi h\u0259r hans\u0131 bina tikintisi \u00fc\u00e7\u00fcn yaral\u0131 deyil. G\u0259l\u0259c\u0259kd\u0259 t\u0259hl\u00fck\u0259li ola bil\u0259r\u201d.<\/p>\n<p>M\u0259s\u0259l\u0259 il\u0259 ba\u011fl\u0131 Yasamal Rayon \u0130cra Hakimiyy\u0259tin\u0259 sor\u011fu \u00fcnvanlad\u0131q. Sor\u011fumuza cavab olaraq bildirildi ki, s\u00f6z\u00fcged\u0259n \u0259razid\u0259 \u00e7\u0259kildiyi iddia edil\u0259n g\u00f6r\u00fcnt\u00fcl\u0259r k\u00f6hn\u0259dir.<\/p>\n<div><iframe loading=\"lazy\" src=\"https:\/\/player.baku.tv\/embed\/21936\" width=\"560\" height=\"315\" frameborder=\"0\" allowfullscreen=\"allowfullscreen\" data-mce-fragment=\"1\"><\/iframe><\/div>\n<p>&nbsp;<\/p>\n","protected":false},"excerpt":{"rendered":"<p>Bak\u0131n\u0131n Yasamal rayonunda ya\u015fay\u0131\u015f binalar\u0131 t\u0259r\u0259fd\u0259 yerl\u0259\u015f\u0259n g\u00f6l\u00fc qurutma\u011fa \u00e7al\u0131\u015f\u0131rlar. Bu bar\u0259d\u0259\u00a0Oxu.Az-a videog\u00f6r\u00fcnt\u00fcl\u0259r g\u00f6nd\u0259rilib. V\u0259t\u0259nda\u015f iddia edir ki, g\u00f6r\u00fcnt\u00fcl\u0259r Yasamal rayonu \u0259razisind\u0259 \u201cTri Koron\u0131\u201d kimi tan\u0131nan binalar\u0131n yax\u0131nl\u0131\u011f\u0131ndak\u0131 k\u00fc\u00e7\u0259d\u0259 \u00e7\u0259kilib: \u201cG\u00f6rd\u00fcy\u00fcn\u00fcz bu g\u00f6l\u00fc d\u0259f\u0259l\u0259rl\u0259 qurutma\u011fa \u00e7al\u0131\u015f\u0131blar. B\u00f6y\u00fck ehtimalla \u0259razid\u0259 in\u015faat i\u015fl\u0259rin\u0259 haz\u0131rla\u015f\u0131rlar. Bir ne\u00e7\u0259 d\u0259f\u0259 buna c\u0259hd edilib, lakin\u00a0n\u0259tic\u0259siz qal\u0131b. Bu d\u0259f\u0259 d\u0259 g\u00f6rd\u00fcy\u00fcn\u00fcz y\u00fck ma\u015f\u0131nlar\u0131 il\u0259 g\u00f6l\u0259 torpaq t\u00f6k\u00fcrl\u0259r. Amma bu \u0259razi h\u0259r hans\u0131 bina tikintisi \u00fc\u00e7\u00fcn yaral\u0131 deyil. G\u0259l\u0259c\u0259kd\u0259 t\u0259hl\u00fck\u0259li ola bil\u0259r\u201d. M\u0259s\u0259l\u0259 il\u0259 ba\u011fl\u0131 Yasamal Rayon \u0130cra Hakimiyy\u0259tin\u0259 sor\u011fu \u00fcnvanlad\u0131q. Sor\u011fumuza cavab olaraq bildirildi ki, s\u00f6z\u00fcged\u0259n \u0259razid\u0259&hellip;<\/p>\n","protected":false},"author":2,"featured_media":192342,"comment_status":"closed","ping_status":"closed","sticky":false,"template":"","format":"standard","meta":{"om_disable_all_campaigns":false,"_monsterinsights_skip_tracking":false,"_monsterinsights_sitenote_active":false,"_monsterinsights_sitenote_note":"","_monsterinsights_sitenote_category":0},"categories":[26],"tags":[],"aioseo_notices":[],"gutentor_comment":0,"rttpg_featured_image_url":{"full":["https:\/\/arantv.az\/wp-content\/uploads\/2020\/07\/108594069_1167295863627076_6922401896646937412_n.jpg",620,349,false],"landscape":["https:\/\/arantv.az\/wp-content\/uploads\/2020\/07\/108594069_1167295863627076_6922401896646937412_n.jpg",620,349,false],"portraits":["https:\/\/arantv.az\/wp-content\/uploads\/2020\/07\/108594069_1167295863627076_6922401896646937412_n.jpg",620,349,false],"thumbnail":["https:\/\/arantv.az\/wp-content\/uploads\/2020\/07\/108594069_1167295863627076_6922401896646937412_n-150x150.jpg",150,150,true],"medium":["https:\/\/arantv.az\/wp-content\/uploads\/2020\/07\/108594069_1167295863627076_6922401896646937412_n-300x169.jpg",300,169,true],"large":["https:\/\/arantv.az\/wp-content\/uploads\/2020\/07\/108594069_1167295863627076_6922401896646937412_n.jpg",620,349,false],"1536x1536":["https:\/\/arantv.az\/wp-content\/uploads\/2020\/07\/108594069_1167295863627076_6922401896646937412_n.jpg",620,349,false],"2048x2048":["https:\/\/arantv.az\/wp-content\/uploads\/2020\/07\/108594069_1167295863627076_6922401896646937412_n.jpg",620,349,false],"post-thumbnail":["https:\/\/arantv.az\/wp-content\/uploads\/2020\/07\/108594069_1167295863627076_6922401896646937412_n-240x172.jpg",240,172,true],"advps-thumb-one":["https:\/\/arantv.az\/wp-content\/uploads\/2020\/07\/108594069_1167295863627076_6922401896646937412_n.jpg",620,349,false]},"rttpg_author":{"display_name":"V\u00fcsal Rafiqo\u011flu","author_link":"https:\/\/arantv.az\/?author=2"},"rttpg_comment":0,"rttpg_category":"<a href=\"https:\/\/arantv.az\/?cat=26\" rel=\"category\">Sosial<\/a>","rttpg_excerpt":"Bak\u0131n\u0131n Yasamal rayonunda ya\u015fay\u0131\u015f binalar\u0131 t\u0259r\u0259fd\u0259 yerl\u0259\u015f\u0259n g\u00f6l\u00fc qurutma\u011fa \u00e7al\u0131\u015f\u0131rlar. Bu bar\u0259d\u0259\u00a0Oxu.Az-a videog\u00f6r\u00fcnt\u00fcl\u0259r g\u00f6nd\u0259rilib. V\u0259t\u0259nda\u015f iddia edir ki, g\u00f6r\u00fcnt\u00fcl\u0259r Yasamal rayonu \u0259razisind\u0259 \u201cTri Koron\u0131\u201d kimi tan\u0131nan binalar\u0131n yax\u0131nl\u0131\u011f\u0131ndak\u0131 k\u00fc\u00e7\u0259d\u0259 \u00e7\u0259kilib: \u201cG\u00f6rd\u00fcy\u00fcn\u00fcz bu g\u00f6l\u00fc d\u0259f\u0259l\u0259rl\u0259 qurutma\u011fa \u00e7al\u0131\u015f\u0131blar. B\u00f6y\u00fck ehtimalla \u0259razid\u0259 in\u015faat i\u015fl\u0259rin\u0259 haz\u0131rla\u015f\u0131rlar. Bir ne\u00e7\u0259 d\u0259f\u0259 buna c\u0259hd edilib, lakin\u00a0n\u0259tic\u0259siz qal\u0131b. Bu d\u0259f\u0259 d\u0259 g\u00f6rd\u00fcy\u00fcn\u00fcz y\u00fck&hellip;","_links":{"self":[{"href":"https:\/\/arantv.az\/index.php?rest_route=\/wp\/v2\/posts\/192341"}],"collection":[{"href":"https:\/\/arantv.az\/index.php?rest_route=\/wp\/v2\/posts"}],"about":[{"href":"https:\/\/arantv.az\/index.php?rest_route=\/wp\/v2\/types\/post"}],"author":[{"embeddable":true,"href":"https:\/\/arantv.az\/index.php?rest_route=\/wp\/v2\/users\/2"}],"replies":[{"embeddable":true,"href":"https:\/\/arantv.az\/index.php?rest_route=%2Fwp%2Fv2%2Fcomments&post=192341"}],"version-history":[{"count":0,"href":"https:\/\/arantv.az\/index.php?rest_route=\/wp\/v2\/posts\/192341\/revisions"}],"wp:featuredmedia":[{"embeddable":true,"href":"https:\/\/arantv.az\/index.php?rest_route=\/wp\/v2\/media\/192342"}],"wp:attachment":[{"href":"https:\/\/arantv.az\/index.php?rest_route=%2Fwp%2Fv2%2Fmedia&parent=192341"}],"wp:term":[{"taxonomy":"category","embeddable":true,"href":"https:\/\/arantv.az\/index.php?rest_route=%2Fwp%2Fv2%2Fcategories&post=192341"},{"taxonomy":"post_tag","embeddable":true,"href":"https:\/\/arantv.az\/index.php?rest_route=%2Fwp%2Fv2%2Ftags&post=192341"}],"curies":[{"name":"wp","href":"https:\/\/api.w.org\/{rel}","templated":true}]}}