{"id":192357,"date":"2020-07-16T17:37:42","date_gmt":"2020-07-16T14:37:42","guid":{"rendered":"http:\/\/arantv.az\/?p=192357"},"modified":"2020-07-16T17:37:42","modified_gmt":"2020-07-16T14:37:42","slug":"tovuzda-dusm%c9%99n-t%c9%99xribati-il%c9%99-dagidilmis-evl%c9%99r%c9%99-baxis-kecirilib-video","status":"publish","type":"post","link":"https:\/\/arantv.az\/?p=192357","title":{"rendered":"Tovuzda d\u00fc\u015fm\u0259n t\u0259xribat\u0131 il\u0259 da\u011f\u0131d\u0131lm\u0131\u015f evl\u0259r\u0259 bax\u0131\u015f ke\u00e7irilib &#8211; V\u0130DEO"},"content":{"rendered":"<article class=\"news\">\n<div class=\"news-inner\">\n<p>Baku TV\u00a0c\u0259bh\u0259 zonas\u0131ndan canl\u0131 ba\u011flant\u0131 h\u0259yata ke\u00e7irib.<\/p>\n<div id=\"AdviadNativeVideo0\" class=\"AdviadNativeVideo\"><\/div>\n<p>Tovuzda ba\u015f ver\u0259n \u0259n son m\u0259lumatlar\u0131 \u00e7atd\u0131ran Baku TV-nin x\u00fcsusi m\u00fcxbiri \u015eamxal C\u0259lilo\u011flu bildirib ki, Tovuz Rayon \u0130cra Hakimiyy\u0259ti art\u0131q d\u00fc\u015fm\u0259n at\u0259\u015fi n\u0259tic\u0259sind\u0259 da\u011f\u0131lm\u0131\u015f evl\u0259r\u0259 bax\u0131\u015f ke\u00e7irib, d\u0259ymi\u015f ziyan hesablan\u0131r.<\/p>\n<p>\u018ftrafl\u0131 videonu t\u0259qdim edirik:<\/p>\n<div><iframe loading=\"lazy\" src=\"https:\/\/www.youtube.com\/embed\/uMpsA9zREmc\" width=\"560\" height=\"315\" frameborder=\"0\" allowfullscreen=\"allowfullscreen\" data-mce-fragment=\"1\"><\/iframe><\/div>\n<\/div>\n<\/article>\n<h2 class=\"news-share-title\"><\/h2>\n","protected":false},"excerpt":{"rendered":"<p>Baku TV\u00a0c\u0259bh\u0259 zonas\u0131ndan canl\u0131 ba\u011flant\u0131 h\u0259yata ke\u00e7irib. Tovuzda ba\u015f ver\u0259n \u0259n son m\u0259lumatlar\u0131 \u00e7atd\u0131ran Baku TV-nin x\u00fcsusi m\u00fcxbiri \u015eamxal C\u0259lilo\u011flu bildirib ki, Tovuz Rayon \u0130cra Hakimiyy\u0259ti art\u0131q d\u00fc\u015fm\u0259n at\u0259\u015fi n\u0259tic\u0259sind\u0259 da\u011f\u0131lm\u0131\u015f evl\u0259r\u0259 bax\u0131\u015f ke\u00e7irib, d\u0259ymi\u015f ziyan hesablan\u0131r. \u018ftrafl\u0131 videonu t\u0259qdim edirik:<\/p>\n","protected":false},"author":2,"featured_media":192358,"comment_status":"closed","ping_status":"closed","sticky":false,"template":"","format":"standard","meta":{"om_disable_all_campaigns":false,"_monsterinsights_skip_tracking":false,"_monsterinsights_sitenote_active":false,"_monsterinsights_sitenote_note":"","_monsterinsights_sitenote_category":0},"categories":[19],"tags":[],"aioseo_notices":[],"gutentor_comment":0,"rttpg_featured_image_url":{"full":["https:\/\/arantv.az\/wp-content\/uploads\/2020\/07\/da\u00c4_\u00c4\u00b1lma.jpg",590,394,false],"landscape":["https:\/\/arantv.az\/wp-content\/uploads\/2020\/07\/da\u00c4_\u00c4\u00b1lma.jpg",590,394,false],"portraits":["https:\/\/arantv.az\/wp-content\/uploads\/2020\/07\/da\u00c4_\u00c4\u00b1lma.jpg",590,394,false],"thumbnail":["https:\/\/arantv.az\/wp-content\/uploads\/2020\/07\/da\u00c4_\u00c4\u00b1lma-150x150.jpg",150,150,true],"medium":["https:\/\/arantv.az\/wp-content\/uploads\/2020\/07\/da\u00c4_\u00c4\u00b1lma-300x200.jpg",300,200,true],"large":["https:\/\/arantv.az\/wp-content\/uploads\/2020\/07\/da\u00c4_\u00c4\u00b1lma.jpg",590,394,false],"1536x1536":["https:\/\/arantv.az\/wp-content\/uploads\/2020\/07\/da\u00c4_\u00c4\u00b1lma.jpg",590,394,false],"2048x2048":["https:\/\/arantv.az\/wp-content\/uploads\/2020\/07\/da\u00c4_\u00c4\u00b1lma.jpg",590,394,false],"post-thumbnail":["https:\/\/arantv.az\/wp-content\/uploads\/2020\/07\/da\u00c4_\u00c4\u00b1lma-240x172.jpg",240,172,true],"advps-thumb-one":["https:\/\/arantv.az\/wp-content\/uploads\/2020\/07\/da\u00c4_\u00c4\u00b1lma.jpg",590,394,false]},"rttpg_author":{"display_name":"V\u00fcsal Rafiqo\u011flu","author_link":"https:\/\/arantv.az\/?author=2"},"rttpg_comment":0,"rttpg_category":"<a href=\"https:\/\/arantv.az\/?cat=19\" rel=\"category\">G\u00fcnd\u0259m<\/a>","rttpg_excerpt":"Baku TV\u00a0c\u0259bh\u0259 zonas\u0131ndan canl\u0131 ba\u011flant\u0131 h\u0259yata ke\u00e7irib. Tovuzda ba\u015f ver\u0259n \u0259n son m\u0259lumatlar\u0131 \u00e7atd\u0131ran Baku TV-nin x\u00fcsusi m\u00fcxbiri \u015eamxal C\u0259lilo\u011flu bildirib ki, Tovuz Rayon \u0130cra Hakimiyy\u0259ti art\u0131q d\u00fc\u015fm\u0259n at\u0259\u015fi n\u0259tic\u0259sind\u0259 da\u011f\u0131lm\u0131\u015f evl\u0259r\u0259 bax\u0131\u015f ke\u00e7irib, d\u0259ymi\u015f ziyan hesablan\u0131r. \u018ftrafl\u0131 videonu t\u0259qdim edirik:","_links":{"self":[{"href":"https:\/\/arantv.az\/index.php?rest_route=\/wp\/v2\/posts\/192357"}],"collection":[{"href":"https:\/\/arantv.az\/index.php?rest_route=\/wp\/v2\/posts"}],"about":[{"href":"https:\/\/arantv.az\/index.php?rest_route=\/wp\/v2\/types\/post"}],"author":[{"embeddable":true,"href":"https:\/\/arantv.az\/index.php?rest_route=\/wp\/v2\/users\/2"}],"replies":[{"embeddable":true,"href":"https:\/\/arantv.az\/index.php?rest_route=%2Fwp%2Fv2%2Fcomments&post=192357"}],"version-history":[{"count":0,"href":"https:\/\/arantv.az\/index.php?rest_route=\/wp\/v2\/posts\/192357\/revisions"}],"wp:featuredmedia":[{"embeddable":true,"href":"https:\/\/arantv.az\/index.php?rest_route=\/wp\/v2\/media\/192358"}],"wp:attachment":[{"href":"https:\/\/arantv.az\/index.php?rest_route=%2Fwp%2Fv2%2Fmedia&parent=192357"}],"wp:term":[{"taxonomy":"category","embeddable":true,"href":"https:\/\/arantv.az\/index.php?rest_route=%2Fwp%2Fv2%2Fcategories&post=192357"},{"taxonomy":"post_tag","embeddable":true,"href":"https:\/\/arantv.az\/index.php?rest_route=%2Fwp%2Fv2%2Ftags&post=192357"}],"curies":[{"name":"wp","href":"https:\/\/api.w.org\/{rel}","templated":true}]}}