{"id":192365,"date":"2020-07-16T17:39:59","date_gmt":"2020-07-16T14:39:59","guid":{"rendered":"http:\/\/arantv.az\/?p=192365"},"modified":"2020-07-16T17:39:59","modified_gmt":"2020-07-16T14:39:59","slug":"az%c9%99rbaycanli-doyuscu-milli-ordu-ucun-qeydiyyata-alindi-video","status":"publish","type":"post","link":"https:\/\/arantv.az\/?p=192365","title":{"rendered":"Az\u0259rbaycanl\u0131 d\u00f6y\u00fc\u015f\u00e7\u00fc Milli Ordu \u00fc\u00e7\u00fcn qeydiyyata al\u0131nd\u0131 &#8211; V\u0130DEO"},"content":{"rendered":"<p>\u00d6lk\u0259 ba\u015f\u00e7\u0131s\u0131 \u0130lham \u018fliyevin \u00e7\u0131x\u0131\u015f\u0131ndan sonra Milli Orduya k\u00f6n\u00fcll\u00fc \u015f\u0259kild\u0259 yaz\u0131lmaq \u00fc\u00e7\u00fcn d\u00f6rd min n\u0259f\u0259r qeydiyyatdan ke\u00e7ib.<\/p>\n<p>Bunu bu g\u00fcn S\u0259f\u0259rb\u0259rlik v\u0259 H\u0259rbi Xidm\u0259t\u0259 \u00c7a\u011f\u0131r\u0131\u015f \u00fczr\u0259 D\u00f6vl\u0259t Xidm\u0259tinin r\u0259isi, general-leytenant Arzu R\u0259himov deyib.<\/p>\n<div id=\"AdviadNativeVideo0\" class=\"AdviadNativeVideo\"><\/div>\n<p><b>ARANTV.AZ\u00a0<\/b> x\u0259b\u0259r verir ki, k\u00f6n\u00fcll\u00fc h\u0259rbi xidm\u0259t\u0259 yaz\u0131lanlar aras\u0131nda az\u0259rbaycanl\u0131 MMA d\u00f6y\u00fc\u015f\u00e7\u00fcs\u00fc Aq\u015fin Babayev d\u0259 var.<\/p>\n<p>O, qeydiyyatda oldu\u011fu Salyan royununun h\u0259rbi komissarl\u0131\u011f\u0131nda olub. Bununla da Aq\u015fin Babayev h\u0259rbi komissarl\u0131qda k\u00f6n\u00fcll\u00fc orduya yaz\u0131lmaq \u00fc\u00e7\u00fcn qeydiyyatdan ke\u00e7ib.<\/p>\n<div><iframe loading=\"lazy\" src=\"https:\/\/player.baku.tv\/embed\/21934\" width=\"560\" height=\"315\" frameborder=\"0\" allowfullscreen=\"allowfullscreen\" data-mce-fragment=\"1\"><\/iframe><\/div>\n<p>&nbsp;<\/p>\n<p>Oxu.Az<\/p>\n","protected":false},"excerpt":{"rendered":"<p>\u00d6lk\u0259 ba\u015f\u00e7\u0131s\u0131 \u0130lham \u018fliyevin \u00e7\u0131x\u0131\u015f\u0131ndan sonra Milli Orduya k\u00f6n\u00fcll\u00fc \u015f\u0259kild\u0259 yaz\u0131lmaq \u00fc\u00e7\u00fcn d\u00f6rd min n\u0259f\u0259r qeydiyyatdan ke\u00e7ib. Bunu bu g\u00fcn S\u0259f\u0259rb\u0259rlik v\u0259 H\u0259rbi Xidm\u0259t\u0259 \u00c7a\u011f\u0131r\u0131\u015f \u00fczr\u0259 D\u00f6vl\u0259t Xidm\u0259tinin r\u0259isi, general-leytenant Arzu R\u0259himov deyib. ARANTV.AZ\u00a0 x\u0259b\u0259r verir ki, k\u00f6n\u00fcll\u00fc h\u0259rbi xidm\u0259t\u0259 yaz\u0131lanlar aras\u0131nda az\u0259rbaycanl\u0131 MMA d\u00f6y\u00fc\u015f\u00e7\u00fcs\u00fc Aq\u015fin Babayev d\u0259 var. O, qeydiyyatda oldu\u011fu Salyan royununun h\u0259rbi komissarl\u0131\u011f\u0131nda olub. Bununla da Aq\u015fin Babayev h\u0259rbi komissarl\u0131qda k\u00f6n\u00fcll\u00fc orduya yaz\u0131lmaq \u00fc\u00e7\u00fcn qeydiyyatdan ke\u00e7ib. &nbsp; Oxu.Az<\/p>\n","protected":false},"author":2,"featured_media":192366,"comment_status":"closed","ping_status":"closed","sticky":false,"template":"","format":"standard","meta":{"om_disable_all_campaigns":false,"_monsterinsights_skip_tracking":false,"_monsterinsights_sitenote_active":false,"_monsterinsights_sitenote_note":"","_monsterinsights_sitenote_category":0},"categories":[6],"tags":[],"aioseo_notices":[],"gutentor_comment":0,"rttpg_featured_image_url":{"full":["https:\/\/arantv.az\/wp-content\/uploads\/2020\/07\/53659147_442236713184099_8766645326079011986_n.jpg",620,412,false],"landscape":["https:\/\/arantv.az\/wp-content\/uploads\/2020\/07\/53659147_442236713184099_8766645326079011986_n.jpg",620,412,false],"portraits":["https:\/\/arantv.az\/wp-content\/uploads\/2020\/07\/53659147_442236713184099_8766645326079011986_n.jpg",620,412,false],"thumbnail":["https:\/\/arantv.az\/wp-content\/uploads\/2020\/07\/53659147_442236713184099_8766645326079011986_n-150x150.jpg",150,150,true],"medium":["https:\/\/arantv.az\/wp-content\/uploads\/2020\/07\/53659147_442236713184099_8766645326079011986_n-300x199.jpg",300,199,true],"large":["https:\/\/arantv.az\/wp-content\/uploads\/2020\/07\/53659147_442236713184099_8766645326079011986_n.jpg",620,412,false],"1536x1536":["https:\/\/arantv.az\/wp-content\/uploads\/2020\/07\/53659147_442236713184099_8766645326079011986_n.jpg",620,412,false],"2048x2048":["https:\/\/arantv.az\/wp-content\/uploads\/2020\/07\/53659147_442236713184099_8766645326079011986_n.jpg",620,412,false],"post-thumbnail":["https:\/\/arantv.az\/wp-content\/uploads\/2020\/07\/53659147_442236713184099_8766645326079011986_n-240x172.jpg",240,172,true],"advps-thumb-one":["https:\/\/arantv.az\/wp-content\/uploads\/2020\/07\/53659147_442236713184099_8766645326079011986_n.jpg",620,412,false]},"rttpg_author":{"display_name":"V\u00fcsal Rafiqo\u011flu","author_link":"https:\/\/arantv.az\/?author=2"},"rttpg_comment":0,"rttpg_category":"<a href=\"https:\/\/arantv.az\/?cat=6\" rel=\"category\">\u0130dman<\/a>","rttpg_excerpt":"\u00d6lk\u0259 ba\u015f\u00e7\u0131s\u0131 \u0130lham \u018fliyevin \u00e7\u0131x\u0131\u015f\u0131ndan sonra Milli Orduya k\u00f6n\u00fcll\u00fc \u015f\u0259kild\u0259 yaz\u0131lmaq \u00fc\u00e7\u00fcn d\u00f6rd min n\u0259f\u0259r qeydiyyatdan ke\u00e7ib. Bunu bu g\u00fcn S\u0259f\u0259rb\u0259rlik v\u0259 H\u0259rbi Xidm\u0259t\u0259 \u00c7a\u011f\u0131r\u0131\u015f \u00fczr\u0259 D\u00f6vl\u0259t Xidm\u0259tinin r\u0259isi, general-leytenant Arzu R\u0259himov deyib. ARANTV.AZ\u00a0 x\u0259b\u0259r verir ki, k\u00f6n\u00fcll\u00fc h\u0259rbi xidm\u0259t\u0259 yaz\u0131lanlar aras\u0131nda az\u0259rbaycanl\u0131 MMA d\u00f6y\u00fc\u015f\u00e7\u00fcs\u00fc Aq\u015fin Babayev d\u0259 var. O, qeydiyyatda oldu\u011fu Salyan royununun h\u0259rbi&hellip;","_links":{"self":[{"href":"https:\/\/arantv.az\/index.php?rest_route=\/wp\/v2\/posts\/192365"}],"collection":[{"href":"https:\/\/arantv.az\/index.php?rest_route=\/wp\/v2\/posts"}],"about":[{"href":"https:\/\/arantv.az\/index.php?rest_route=\/wp\/v2\/types\/post"}],"author":[{"embeddable":true,"href":"https:\/\/arantv.az\/index.php?rest_route=\/wp\/v2\/users\/2"}],"replies":[{"embeddable":true,"href":"https:\/\/arantv.az\/index.php?rest_route=%2Fwp%2Fv2%2Fcomments&post=192365"}],"version-history":[{"count":0,"href":"https:\/\/arantv.az\/index.php?rest_route=\/wp\/v2\/posts\/192365\/revisions"}],"wp:featuredmedia":[{"embeddable":true,"href":"https:\/\/arantv.az\/index.php?rest_route=\/wp\/v2\/media\/192366"}],"wp:attachment":[{"href":"https:\/\/arantv.az\/index.php?rest_route=%2Fwp%2Fv2%2Fmedia&parent=192365"}],"wp:term":[{"taxonomy":"category","embeddable":true,"href":"https:\/\/arantv.az\/index.php?rest_route=%2Fwp%2Fv2%2Fcategories&post=192365"},{"taxonomy":"post_tag","embeddable":true,"href":"https:\/\/arantv.az\/index.php?rest_route=%2Fwp%2Fv2%2Ftags&post=192365"}],"curies":[{"name":"wp","href":"https:\/\/api.w.org\/{rel}","templated":true}]}}