{"id":192373,"date":"2020-07-16T17:43:03","date_gmt":"2020-07-16T14:43:03","guid":{"rendered":"http:\/\/arantv.az\/?p=192373"},"modified":"2020-07-16T17:43:03","modified_gmt":"2020-07-16T14:43:03","slug":"s%c9%99hidimiz-torpaga-tapsirildi-foto","status":"publish","type":"post","link":"https:\/\/arantv.az\/?p=192373","title":{"rendered":"\u015e\u0259hidimiz torpa\u011fa tap\u015f\u0131r\u0131ld\u0131 &#8211; FOTO"},"content":{"rendered":"<p>\u0130yulun 16-da, s\u0259h\u0259r saat 05:45-d\u0259n ba\u015flayaraq Az\u0259rbaycan &#8211; Erm\u0259nistan d\u00f6vl\u0259t s\u0259rh\u0259dinin Tovuz rayonu istiqam\u0259tind\u0259 ke\u00e7iril\u0259n aktiv d\u00f6y\u00fc\u015fl\u0259r zaman\u0131 \u015f\u0259hid olan Az\u0259rbaycan Ordusunun m\u00fcdd\u0259td\u0259n art\u0131q h\u0259qiqi h\u0259rbi xidm\u0259t h\u0259rbi qulluq\u00e7usu \u0259sg\u0259r \u0130smay\u0131lov Nazim \u018ffqan o\u011flu \u015f\u0259hid olub.<\/p>\n<p><b>ARANTV.AZ\u00a0<\/b> x\u0259b\u0259r verir ki, \u015f\u0259hid A\u011fstafa rayonunun Kolx\u0259lf\u0259li k\u0259nd sakini \u0130smay\u0131lov Nazim o\u011flunun n\u0259\u015fi \u0259vv\u0259lc\u0259 onun evin\u0259 g\u0259tirilib.<\/p>\n<p>Daha sonra is\u0259 o, do\u011fuldu\u011fu rayonda torpa\u011fa tap\u015f\u0131r\u0131l\u0131b.<\/p>\n<div id=\"AdviadNativeVideo0\" class=\"AdviadNativeVideo\"><\/div>\n<p>M\u0259rasimd\u0259 deputat Q\u0259nir\u0259 Pa\u015fayeva, A\u011fstafa Rayon \u0130cra Hakimiyy\u0259tinin ba\u015f\u00e7\u0131s\u0131 v\u0259 dig\u0259r d\u00f6vl\u0259t qurumlar\u0131n\u0131n r\u0259smil\u0259ri i\u015ftirak edib.<\/p>\n<p>Qeyd ed\u0259k ki,\u00a0 iyulun 12-d\u0259 Erm\u0259nistan silahl\u0131 q\u00fcvv\u0259l\u0259rinin b\u00f6lm\u0259l\u0259ri Az\u0259rbaycan &#8211; Erm\u0259nistan d\u00f6vl\u0259t s\u0259rh\u0259dinin Tovuz istiqam\u0259tind\u0259 m\u00f6vqel\u0259rimizi \u0259l\u0259 ke\u00e7irm\u0259k m\u0259qs\u0259dil\u0259 artilleriya at\u0259\u015find\u0259n istifad\u0259 ed\u0259r\u0259k, h\u00fccuma ke\u00e7m\u0259y\u0259 c\u0259hd g\u00f6st\u0259rib.<\/p>\n<p>D\u00fc\u015fm\u0259n h\u00fccumunun qar\u015f\u0131s\u0131n\u0131 alark\u0259n d\u00f6y\u00fc\u015fd\u0259 Az\u0259rbaycan Ordusunun h\u0259rbi qulluq\u00e7ular\u0131 &#8211; \u00e7avu\u015f Sad\u0131qov V\u00fcqar L\u0259tif o\u011flu, ba\u015f \u0259sg\u0259r M\u0259mm\u0259dov El\u015fad D\u00f6nm\u0259z o\u011flu, ba\u015f leytenant Mahmudov R\u0259\u015fad R\u0259\u015fid o\u011flu, h\u0259rbi qulluq\u00e7umuz \u0259sg\u0259r Da\u015fd\u0259mirov X\u0259yyam M\u0259h\u0259mm\u0259d o\u011flu \u015f\u0259hid olub.<\/p>\n<p>\u00d6t\u0259n g\u00fcn is\u0259 d\u00f6y\u00fc\u015f zaman\u0131 m\u00fcdafi\u0259nin \u00f6n x\u0259ttind\u0259 olan general-mayor H\u0259\u015fimov Polad \u0130sray\u0131l o\u011flu, polkovnik Mirz\u0259yev \u0130lqar Anzor o\u011flu, mayor \u018fhm\u0259dov Namiq Hajan o\u011flu, mayor Novruzov Anar G\u00fclverdi o\u011flu, gizir Zeynall\u0131 \u0130lqar Ayaz o\u011flu, gizir Babayev Ya\u015far Vasif o\u011flu v\u0259 m\u00fcdd\u0259td\u0259n art\u0131q h\u0259qiqi xidm\u0259t h\u0259rbi qulluq\u00e7usu, \u0259sg\u0259r Mustafazad\u0259 El\u00e7in Arif o\u011flu \u015f\u0259hid olub.<\/p>\n<div class=\"gallery\">\n<div class=\"gallery-i\"><img src=\"https:\/\/cdn.oxu.az\/uploads\/W1siZiIsIjIwMjAvMDcvMTYvMTcvNTEvMDUvODRhZDc2YTgtNTM3Ni00NTljLTlhZjMtYzQ5MTAxNWRmYzgyLzEwOTg0MDc0OF83MzA5MjgyNjQxNDY3OTlfNzg2Njk4NDYxNjkxNjcyMjE0Nl9uLmpwZyJdLFsicCIsImVuY29kZSIsImpwZyIsIi1xdWFsaXR5IDgwIl0sWyJwIiwidGh1bWIiLCI1OTB4NTkwXHUwMDNlIl1d?sha=8eeec18cf9463d6c\" alt=\"\" \/><\/div>\n<div>Oxu.Az<\/div>\n<\/div>\n","protected":false},"excerpt":{"rendered":"<p>\u0130yulun 16-da, s\u0259h\u0259r saat 05:45-d\u0259n ba\u015flayaraq Az\u0259rbaycan &#8211; Erm\u0259nistan d\u00f6vl\u0259t s\u0259rh\u0259dinin Tovuz rayonu istiqam\u0259tind\u0259 ke\u00e7iril\u0259n aktiv d\u00f6y\u00fc\u015fl\u0259r zaman\u0131 \u015f\u0259hid olan Az\u0259rbaycan Ordusunun m\u00fcdd\u0259td\u0259n art\u0131q h\u0259qiqi h\u0259rbi xidm\u0259t h\u0259rbi qulluq\u00e7usu \u0259sg\u0259r \u0130smay\u0131lov Nazim \u018ffqan o\u011flu \u015f\u0259hid olub. ARANTV.AZ\u00a0 x\u0259b\u0259r verir ki, \u015f\u0259hid A\u011fstafa rayonunun Kolx\u0259lf\u0259li k\u0259nd sakini \u0130smay\u0131lov Nazim o\u011flunun n\u0259\u015fi \u0259vv\u0259lc\u0259 onun evin\u0259 g\u0259tirilib. Daha sonra is\u0259 o, do\u011fuldu\u011fu rayonda torpa\u011fa tap\u015f\u0131r\u0131l\u0131b. M\u0259rasimd\u0259 deputat Q\u0259nir\u0259 Pa\u015fayeva, A\u011fstafa Rayon \u0130cra Hakimiyy\u0259tinin ba\u015f\u00e7\u0131s\u0131 v\u0259 dig\u0259r d\u00f6vl\u0259t qurumlar\u0131n\u0131n r\u0259smil\u0259ri i\u015ftirak edib. Qeyd ed\u0259k ki,\u00a0 iyulun 12-d\u0259 Erm\u0259nistan silahl\u0131 q\u00fcvv\u0259l\u0259rinin b\u00f6lm\u0259l\u0259ri Az\u0259rbaycan &#8211; Erm\u0259nistan&hellip;<\/p>\n","protected":false},"author":2,"featured_media":192374,"comment_status":"closed","ping_status":"closed","sticky":false,"template":"","format":"standard","meta":{"om_disable_all_campaigns":false,"_monsterinsights_skip_tracking":false,"_monsterinsights_sitenote_active":false,"_monsterinsights_sitenote_note":"","_monsterinsights_sitenote_category":0},"categories":[19],"tags":[],"aioseo_notices":[],"gutentor_comment":0,"rttpg_featured_image_url":{"full":["https:\/\/arantv.az\/wp-content\/uploads\/2020\/07\/FotoJet-12.jpg",620,382,false],"landscape":["https:\/\/arantv.az\/wp-content\/uploads\/2020\/07\/FotoJet-12.jpg",620,382,false],"portraits":["https:\/\/arantv.az\/wp-content\/uploads\/2020\/07\/FotoJet-12.jpg",620,382,false],"thumbnail":["https:\/\/arantv.az\/wp-content\/uploads\/2020\/07\/FotoJet-12-150x150.jpg",150,150,true],"medium":["https:\/\/arantv.az\/wp-content\/uploads\/2020\/07\/FotoJet-12-300x185.jpg",300,185,true],"large":["https:\/\/arantv.az\/wp-content\/uploads\/2020\/07\/FotoJet-12.jpg",620,382,false],"1536x1536":["https:\/\/arantv.az\/wp-content\/uploads\/2020\/07\/FotoJet-12.jpg",620,382,false],"2048x2048":["https:\/\/arantv.az\/wp-content\/uploads\/2020\/07\/FotoJet-12.jpg",620,382,false],"post-thumbnail":["https:\/\/arantv.az\/wp-content\/uploads\/2020\/07\/FotoJet-12-240x172.jpg",240,172,true],"advps-thumb-one":["https:\/\/arantv.az\/wp-content\/uploads\/2020\/07\/FotoJet-12.jpg",620,382,false]},"rttpg_author":{"display_name":"V\u00fcsal Rafiqo\u011flu","author_link":"https:\/\/arantv.az\/?author=2"},"rttpg_comment":0,"rttpg_category":"<a href=\"https:\/\/arantv.az\/?cat=19\" rel=\"category\">G\u00fcnd\u0259m<\/a>","rttpg_excerpt":"\u0130yulun 16-da, s\u0259h\u0259r saat 05:45-d\u0259n ba\u015flayaraq Az\u0259rbaycan &#8211; Erm\u0259nistan d\u00f6vl\u0259t s\u0259rh\u0259dinin Tovuz rayonu istiqam\u0259tind\u0259 ke\u00e7iril\u0259n aktiv d\u00f6y\u00fc\u015fl\u0259r zaman\u0131 \u015f\u0259hid olan Az\u0259rbaycan Ordusunun m\u00fcdd\u0259td\u0259n art\u0131q h\u0259qiqi h\u0259rbi xidm\u0259t h\u0259rbi qulluq\u00e7usu \u0259sg\u0259r \u0130smay\u0131lov Nazim \u018ffqan o\u011flu \u015f\u0259hid olub. ARANTV.AZ\u00a0 x\u0259b\u0259r verir ki, \u015f\u0259hid A\u011fstafa rayonunun Kolx\u0259lf\u0259li k\u0259nd sakini \u0130smay\u0131lov Nazim o\u011flunun n\u0259\u015fi \u0259vv\u0259lc\u0259 onun evin\u0259 g\u0259tirilib. Daha&hellip;","_links":{"self":[{"href":"https:\/\/arantv.az\/index.php?rest_route=\/wp\/v2\/posts\/192373"}],"collection":[{"href":"https:\/\/arantv.az\/index.php?rest_route=\/wp\/v2\/posts"}],"about":[{"href":"https:\/\/arantv.az\/index.php?rest_route=\/wp\/v2\/types\/post"}],"author":[{"embeddable":true,"href":"https:\/\/arantv.az\/index.php?rest_route=\/wp\/v2\/users\/2"}],"replies":[{"embeddable":true,"href":"https:\/\/arantv.az\/index.php?rest_route=%2Fwp%2Fv2%2Fcomments&post=192373"}],"version-history":[{"count":0,"href":"https:\/\/arantv.az\/index.php?rest_route=\/wp\/v2\/posts\/192373\/revisions"}],"wp:featuredmedia":[{"embeddable":true,"href":"https:\/\/arantv.az\/index.php?rest_route=\/wp\/v2\/media\/192374"}],"wp:attachment":[{"href":"https:\/\/arantv.az\/index.php?rest_route=%2Fwp%2Fv2%2Fmedia&parent=192373"}],"wp:term":[{"taxonomy":"category","embeddable":true,"href":"https:\/\/arantv.az\/index.php?rest_route=%2Fwp%2Fv2%2Fcategories&post=192373"},{"taxonomy":"post_tag","embeddable":true,"href":"https:\/\/arantv.az\/index.php?rest_route=%2Fwp%2Fv2%2Ftags&post=192373"}],"curies":[{"name":"wp","href":"https:\/\/api.w.org\/{rel}","templated":true}]}}