{"id":192377,"date":"2020-07-16T18:34:34","date_gmt":"2020-07-16T15:34:34","guid":{"rendered":"http:\/\/arantv.az\/?p=192377"},"modified":"2020-07-16T18:34:34","modified_gmt":"2020-07-16T15:34:34","slug":"polsada-erm%c9%99nil%c9%99rin-t%c9%99xribat-c%c9%99hdini-bosa-cixdi-foto","status":"publish","type":"post","link":"https:\/\/arantv.az\/?p=192377","title":{"rendered":"Pol\u015fada erm\u0259nil\u0259rin t\u0259xribat c\u0259hdini bo\u015fa \u00e7\u0131xd\u0131 &#8211; FOTO"},"content":{"rendered":"<p>\u0130yulun 16-da Az\u0259rbaycan\u0131n Pol\u015fadak\u0131 S\u0259firliyinin qar\u015f\u0131s\u0131nda erm\u0259ni vandallar\u0131n\u0131n icaz\u0259siz aksiya ke\u00e7irm\u0259sinin qar\u015f\u0131s\u0131 al\u0131n\u0131b.<\/p>\n<p>Pol\u015fa Az\u0259rbaycanl\u0131lar\u0131 \u015euras\u0131n\u0131n s\u0259dri F\u0259rid C\u0259f\u0259rov Oxu.Az-a bildirib ki, bu \u00f6lk\u0259d\u0259 ya\u015fayan erm\u0259nil\u0259rin sosial media \u015f\u0259b\u0259k\u0259l\u0259rind\u0259 yaratd\u0131qlar\u0131 qruplar\u0131n iyulun 16-da Az\u0259rbaycan\u0131n Var\u015favadak\u0131 S\u0259firliyinin binas\u0131n\u0131n qar\u015f\u0131s\u0131nda icaz\u0259siz aksiya ke\u00e7irm\u0259k v\u0259 vandalizm aktlar\u0131 h\u0259yata ke\u00e7irm\u0259k \u00e7a\u011f\u0131r\u0131\u015flar\u0131ndan x\u0259b\u0259r tutan kimi bu bar\u0259d\u0259 s\u0259firliyimizi m\u0259lumatland\u0131r\u0131b. Az\u0259rbaycan S\u0259firliyi is\u0259 d\u0259rhal g\u00f6zl\u0259nil\u0259n t\u0259xribatla ba\u011fl\u0131 yerli polisi x\u0259b\u0259rdar edib.<\/p>\n<p>Pol\u015fa Az\u0259rbaycanl\u0131lar\u0131 \u015euras\u0131, Pol\u015fa Az\u0259rbaycanl\u0131lar\u0131n\u0131n Koordinasiya \u015euras\u0131 v\u0259 Pol\u015fa Az\u0259rbaycanl\u0131lar\u0131 Assosiasiyas\u0131n\u0131n \u00fczvl\u0259ri, el\u0259c\u0259 d\u0259 bu \u00f6lk\u0259d\u0259 t\u0259hsil alan az\u0259rbaycanl\u0131 g\u0259ncl\u0259r v\u0259 soyda\u015flar\u0131m\u0131z\u0131n polyak dostlar\u0131 bir araya g\u0259l\u0259r\u0259k, S\u0259firliyimizin binas\u0131n\u0131n qar\u015f\u0131s\u0131na topla\u015f\u0131blar. Bel\u0259likl\u0259, Az\u0259rbaycan S\u0259firliyinin binas\u0131 \u00f6n\u00fcnd\u0259 vandal aktlar\u0131 t\u00f6r\u0259tm\u0259k ist\u0259y\u0259n 30 erm\u0259ninin yolunu \u0259ll\u0259rind\u0259 Az\u0259rbaycan bayraqlar\u0131 olan 150 az\u0259rbaycanl\u0131 g\u0259nc k\u0259sib.<\/p>\n<div id=\"AdviadNativeVideo0\" class=\"AdviadNativeVideo\"><\/div>\n<p>G\u0259ncl\u0259rimizin S\u0259firliyin binas\u0131n\u0131 \u0259hat\u0259 etdikl\u0259rini g\u00f6r\u0259n erm\u0259nil\u0259r planla\u015fd\u0131rd\u0131qlar\u0131 t\u0259xribat\u0131 h\u0259yata ke\u00e7ir\u0259 bilm\u0259yibl\u0259r. Yerli polisin aksiya\u00e7\u0131lar\u0131n aras\u0131nda m\u00f6vqe tutmalar\u0131na baxmayaraq, binaya yax\u0131nla\u015fma\u011fa c\u0259hd ed\u0259n erm\u0259nil\u0259r\u0259 soyda\u015flar\u0131m\u0131z\u00a0 \u0259ng\u0259l olublar. Polis erm\u0259nil\u0259ri d\u0259rhal \u0259razid\u0259n uzaqla\u015fd\u0131r\u0131b.<\/p>\n<p>V\u0259t\u0259np\u0259rv\u0259r soyda\u015flar\u0131m\u0131z is\u0259 Tovuz t\u0259xribat\u0131na, Erm\u0259nistan\u0131n torpaqlar\u0131m\u0131z\u0131 i\u015f\u011fal etm\u0259sin\u0259 etiraz \u015f\u00fcarlar\u0131 yaz\u0131lm\u0131\u015f plakatlar\u0131 qald\u0131r\u0131b, Az\u0259rbaycan\u0131n d\u00f6vl\u0259t himnini, \u201c\u018fsg\u0259r mar\u015f\u0131\u201dn\u0131 ifa edib, c\u0259ngi s\u0259dalar\u0131 alt\u0131nda \u015f\u00fcarlar s\u0259sl\u0259ndiribl\u0259r. Az\u0259rbaycan Ordusunu d\u0259st\u0259kl\u0259dikl\u0259rini vur\u011fulayan aksiya\u00e7\u0131lar V\u0259t\u0259nimizin \u0259razi b\u00fct\u00f6vl\u00fcy\u00fcn\u00fcn t\u0259min olunmas\u0131, torpaqlar\u0131m\u0131z\u0131 i\u015f\u011faldan azad edilm\u0259si \u00fc\u00e7\u00fcn Prezident, Ali Ba\u015f Komandan \u0130lham \u018fliyevin ist\u0259nil\u0259n zaman elan ed\u0259c\u0259yi s\u0259f\u0259rb\u0259rliy\u0259 haz\u0131r olduqlar\u0131n\u0131 b\u0259yan edibl\u0259r.<\/p>\n<div class=\"gallery\">\n<div class=\"gallery-i\"><img src=\"https:\/\/cdn.oxu.az\/uploads\/W1siZiIsIjIwMjAvMDcvMTYvMTkvMTcvMDUvYjhlODZlZDYtYTQ2OC00YTVkLWIwNTItNDI1NWY0YTljZDAwL3BvbMWfYS5qcGciXSxbInAiLCJlbmNvZGUiLCJqcGciLCItcXVhbGl0eSA4MCJdLFsicCIsInRodW1iIiwiNTkweDU5MFx1MDAzZSJdXQ?sha=2ec7c01fbc01ce44\" alt=\"\" \/><\/p>\n<div class=\"gallery-i-caption\"><\/div>\n<\/div>\n<div class=\"gallery-i\"><img src=\"https:\/\/cdn.oxu.az\/uploads\/W1siZiIsIjIwMjAvMDcvMTYvMTkvMTcvMDkvYzRkN2M5MzgtY2FmNS00ZWRhLThlZDMtOTE1ZGFlOTIxOWU2L3BvbMWfYTIuanBnIl0sWyJwIiwiZW5jb2RlIiwianBnIiwiLXF1YWxpdHkgODAiXSxbInAiLCJ0aHVtYiIsIjU5MHg1OTBcdTAwM2UiXV0?sha=9d9df68a24a1dd56\" alt=\"\" \/><\/p>\n<div class=\"gallery-i-caption\"><\/div>\n<\/div>\n<div class=\"gallery-i\"><img src=\"https:\/\/cdn.oxu.az\/uploads\/W1siZiIsIjIwMjAvMDcvMTYvMTkvMTcvMTQvNTllYjNlM2YtYzc4Ni00NzFlLTkwNjYtNzViMjhhZmIxNDgyL3BvbMWfYTEuanBnIl0sWyJwIiwiZW5jb2RlIiwianBnIiwiLXF1YWxpdHkgODAiXSxbInAiLCJ0aHVtYiIsIjU5MHg1OTBcdTAwM2UiXV0?sha=0a1edc929ca55cab\" alt=\"\" \/><\/div>\n<\/div>\n","protected":false},"excerpt":{"rendered":"<p>\u0130yulun 16-da Az\u0259rbaycan\u0131n Pol\u015fadak\u0131 S\u0259firliyinin qar\u015f\u0131s\u0131nda erm\u0259ni vandallar\u0131n\u0131n icaz\u0259siz aksiya ke\u00e7irm\u0259sinin qar\u015f\u0131s\u0131 al\u0131n\u0131b. Pol\u015fa Az\u0259rbaycanl\u0131lar\u0131 \u015euras\u0131n\u0131n s\u0259dri F\u0259rid C\u0259f\u0259rov Oxu.Az-a bildirib ki, bu \u00f6lk\u0259d\u0259 ya\u015fayan erm\u0259nil\u0259rin sosial media \u015f\u0259b\u0259k\u0259l\u0259rind\u0259 yaratd\u0131qlar\u0131 qruplar\u0131n iyulun 16-da Az\u0259rbaycan\u0131n Var\u015favadak\u0131 S\u0259firliyinin binas\u0131n\u0131n qar\u015f\u0131s\u0131nda icaz\u0259siz aksiya ke\u00e7irm\u0259k v\u0259 vandalizm aktlar\u0131 h\u0259yata ke\u00e7irm\u0259k \u00e7a\u011f\u0131r\u0131\u015flar\u0131ndan x\u0259b\u0259r tutan kimi bu bar\u0259d\u0259 s\u0259firliyimizi m\u0259lumatland\u0131r\u0131b. Az\u0259rbaycan S\u0259firliyi is\u0259 d\u0259rhal g\u00f6zl\u0259nil\u0259n t\u0259xribatla ba\u011fl\u0131 yerli polisi x\u0259b\u0259rdar edib. Pol\u015fa Az\u0259rbaycanl\u0131lar\u0131 \u015euras\u0131, Pol\u015fa Az\u0259rbaycanl\u0131lar\u0131n\u0131n Koordinasiya \u015euras\u0131 v\u0259 Pol\u015fa Az\u0259rbaycanl\u0131lar\u0131 Assosiasiyas\u0131n\u0131n \u00fczvl\u0259ri, el\u0259c\u0259 d\u0259 bu \u00f6lk\u0259d\u0259 t\u0259hsil alan az\u0259rbaycanl\u0131 g\u0259ncl\u0259r v\u0259 soyda\u015flar\u0131m\u0131z\u0131n polyak dostlar\u0131 bir&hellip;<\/p>\n","protected":false},"author":2,"featured_media":192378,"comment_status":"closed","ping_status":"closed","sticky":false,"template":"","format":"standard","meta":{"om_disable_all_campaigns":false,"_monsterinsights_skip_tracking":false,"_monsterinsights_sitenote_active":false,"_monsterinsights_sitenote_note":"","_monsterinsights_sitenote_category":0},"categories":[26],"tags":[],"aioseo_notices":[],"gutentor_comment":0,"rttpg_featured_image_url":{"full":["https:\/\/arantv.az\/wp-content\/uploads\/2020\/07\/pol\u00c5_a-3.jpg",620,349,false],"landscape":["https:\/\/arantv.az\/wp-content\/uploads\/2020\/07\/pol\u00c5_a-3.jpg",620,349,false],"portraits":["https:\/\/arantv.az\/wp-content\/uploads\/2020\/07\/pol\u00c5_a-3.jpg",620,349,false],"thumbnail":["https:\/\/arantv.az\/wp-content\/uploads\/2020\/07\/pol\u00c5_a-3-150x150.jpg",150,150,true],"medium":["https:\/\/arantv.az\/wp-content\/uploads\/2020\/07\/pol\u00c5_a-3-300x169.jpg",300,169,true],"large":["https:\/\/arantv.az\/wp-content\/uploads\/2020\/07\/pol\u00c5_a-3.jpg",620,349,false],"1536x1536":["https:\/\/arantv.az\/wp-content\/uploads\/2020\/07\/pol\u00c5_a-3.jpg",620,349,false],"2048x2048":["https:\/\/arantv.az\/wp-content\/uploads\/2020\/07\/pol\u00c5_a-3.jpg",620,349,false],"post-thumbnail":["https:\/\/arantv.az\/wp-content\/uploads\/2020\/07\/pol\u00c5_a-3-240x172.jpg",240,172,true],"advps-thumb-one":["https:\/\/arantv.az\/wp-content\/uploads\/2020\/07\/pol\u00c5_a-3.jpg",620,349,false]},"rttpg_author":{"display_name":"V\u00fcsal Rafiqo\u011flu","author_link":"https:\/\/arantv.az\/?author=2"},"rttpg_comment":0,"rttpg_category":"<a href=\"https:\/\/arantv.az\/?cat=26\" rel=\"category\">Sosial<\/a>","rttpg_excerpt":"\u0130yulun 16-da Az\u0259rbaycan\u0131n Pol\u015fadak\u0131 S\u0259firliyinin qar\u015f\u0131s\u0131nda erm\u0259ni vandallar\u0131n\u0131n icaz\u0259siz aksiya ke\u00e7irm\u0259sinin qar\u015f\u0131s\u0131 al\u0131n\u0131b. Pol\u015fa Az\u0259rbaycanl\u0131lar\u0131 \u015euras\u0131n\u0131n s\u0259dri F\u0259rid C\u0259f\u0259rov Oxu.Az-a bildirib ki, bu \u00f6lk\u0259d\u0259 ya\u015fayan erm\u0259nil\u0259rin sosial media \u015f\u0259b\u0259k\u0259l\u0259rind\u0259 yaratd\u0131qlar\u0131 qruplar\u0131n iyulun 16-da Az\u0259rbaycan\u0131n Var\u015favadak\u0131 S\u0259firliyinin binas\u0131n\u0131n qar\u015f\u0131s\u0131nda icaz\u0259siz aksiya ke\u00e7irm\u0259k v\u0259 vandalizm aktlar\u0131 h\u0259yata ke\u00e7irm\u0259k \u00e7a\u011f\u0131r\u0131\u015flar\u0131ndan x\u0259b\u0259r tutan kimi bu bar\u0259d\u0259 s\u0259firliyimizi m\u0259lumatland\u0131r\u0131b. Az\u0259rbaycan&hellip;","_links":{"self":[{"href":"https:\/\/arantv.az\/index.php?rest_route=\/wp\/v2\/posts\/192377"}],"collection":[{"href":"https:\/\/arantv.az\/index.php?rest_route=\/wp\/v2\/posts"}],"about":[{"href":"https:\/\/arantv.az\/index.php?rest_route=\/wp\/v2\/types\/post"}],"author":[{"embeddable":true,"href":"https:\/\/arantv.az\/index.php?rest_route=\/wp\/v2\/users\/2"}],"replies":[{"embeddable":true,"href":"https:\/\/arantv.az\/index.php?rest_route=%2Fwp%2Fv2%2Fcomments&post=192377"}],"version-history":[{"count":0,"href":"https:\/\/arantv.az\/index.php?rest_route=\/wp\/v2\/posts\/192377\/revisions"}],"wp:featuredmedia":[{"embeddable":true,"href":"https:\/\/arantv.az\/index.php?rest_route=\/wp\/v2\/media\/192378"}],"wp:attachment":[{"href":"https:\/\/arantv.az\/index.php?rest_route=%2Fwp%2Fv2%2Fmedia&parent=192377"}],"wp:term":[{"taxonomy":"category","embeddable":true,"href":"https:\/\/arantv.az\/index.php?rest_route=%2Fwp%2Fv2%2Fcategories&post=192377"},{"taxonomy":"post_tag","embeddable":true,"href":"https:\/\/arantv.az\/index.php?rest_route=%2Fwp%2Fv2%2Ftags&post=192377"}],"curies":[{"name":"wp","href":"https:\/\/api.w.org\/{rel}","templated":true}]}}