{"id":192397,"date":"2020-07-16T18:39:58","date_gmt":"2020-07-16T15:39:58","guid":{"rendered":"http:\/\/arantv.az\/?p=192397"},"modified":"2020-07-16T18:39:58","modified_gmt":"2020-07-16T15:39:58","slug":"nikol-pasinyan-t%c9%99cili-minsk%c9%99-ucdu","status":"publish","type":"post","link":"https:\/\/arantv.az\/?p=192397","title":{"rendered":"Nikol Pa\u015finyan t\u0259cili Minsk\u0259 u\u00e7du"},"content":{"rendered":"<p>H\u0259rbi avant\u00fcrada u\u011fursuzlu\u011fa d\u00fc\u00e7ar olan Erm\u0259nistan\u0131n ba\u015f naziri Nikol Pa\u015finyan Rusiya v\u0259 Belarus t\u0259r\u0259find\u0259n yard\u0131m almaq \u00fcmidi il\u0259 Minsk\u0259 u\u00e7ub.<\/p>\n<div id=\"AdviadNativeVideo0\" class=\"AdviadNativeVideo\"><\/div>\n<p>AT\u018fT v\u0259 KTMT-d\u0259n he\u00e7 bir yard\u0131m almad\u0131\u011f\u0131 \u00fc\u00e7\u00fcn \u00e7\u0131x\u0131lmaz v\u0259ziyy\u0259td\u0259 qalan, Az\u0259rbaycan-Erm\u0259nistan s\u0259rh\u0259dind\u0259 t\u0259xribatlara ba\u015flayan ba\u015f nazir yard\u0131m \u00fc\u00e7\u00fcn t\u0259l\u0259sir.<\/p>\n<p>Qeyd ed\u0259k ki, iyulun 2-d\u0259 Erm\u0259nistan silahl\u0131 q\u00fcvv\u0259l\u0259rinin b\u00f6lm\u0259l\u0259ri Az\u0259rbaycan Ordusunun Tovuz rayonu istiqam\u0259tind\u0259ki m\u00f6vqel\u0259rin\u0259 aterilleriya z\u0259rb\u0259l\u0259ri il\u0259 h\u00fccum etm\u0259y\u0259 \u00e7al\u0131\u015f\u0131b.<\/p>\n","protected":false},"excerpt":{"rendered":"<p>H\u0259rbi avant\u00fcrada u\u011fursuzlu\u011fa d\u00fc\u00e7ar olan Erm\u0259nistan\u0131n ba\u015f naziri Nikol Pa\u015finyan Rusiya v\u0259 Belarus t\u0259r\u0259find\u0259n yard\u0131m almaq \u00fcmidi il\u0259 Minsk\u0259 u\u00e7ub. AT\u018fT v\u0259 KTMT-d\u0259n he\u00e7 bir yard\u0131m almad\u0131\u011f\u0131 \u00fc\u00e7\u00fcn \u00e7\u0131x\u0131lmaz v\u0259ziyy\u0259td\u0259 qalan, Az\u0259rbaycan-Erm\u0259nistan s\u0259rh\u0259dind\u0259 t\u0259xribatlara ba\u015flayan ba\u015f nazir yard\u0131m \u00fc\u00e7\u00fcn t\u0259l\u0259sir. Qeyd ed\u0259k ki, iyulun 2-d\u0259 Erm\u0259nistan silahl\u0131 q\u00fcvv\u0259l\u0259rinin b\u00f6lm\u0259l\u0259ri Az\u0259rbaycan Ordusunun Tovuz rayonu istiqam\u0259tind\u0259ki m\u00f6vqel\u0259rin\u0259 aterilleriya z\u0259rb\u0259l\u0259ri il\u0259 h\u00fccum etm\u0259y\u0259 \u00e7al\u0131\u015f\u0131b.<\/p>\n","protected":false},"author":2,"featured_media":192398,"comment_status":"closed","ping_status":"closed","sticky":false,"template":"","format":"standard","meta":{"om_disable_all_campaigns":false,"_monsterinsights_skip_tracking":false,"_monsterinsights_sitenote_active":false,"_monsterinsights_sitenote_note":"","_monsterinsights_sitenote_category":0},"categories":[19],"tags":[],"aioseo_notices":[],"gutentor_comment":0,"rttpg_featured_image_url":{"full":["https:\/\/arantv.az\/wp-content\/uploads\/2020\/07\/110053329_311017166946544_6754633773741118912_n.jpg",620,345,false],"landscape":["https:\/\/arantv.az\/wp-content\/uploads\/2020\/07\/110053329_311017166946544_6754633773741118912_n.jpg",620,345,false],"portraits":["https:\/\/arantv.az\/wp-content\/uploads\/2020\/07\/110053329_311017166946544_6754633773741118912_n.jpg",620,345,false],"thumbnail":["https:\/\/arantv.az\/wp-content\/uploads\/2020\/07\/110053329_311017166946544_6754633773741118912_n-150x150.jpg",150,150,true],"medium":["https:\/\/arantv.az\/wp-content\/uploads\/2020\/07\/110053329_311017166946544_6754633773741118912_n-300x167.jpg",300,167,true],"large":["https:\/\/arantv.az\/wp-content\/uploads\/2020\/07\/110053329_311017166946544_6754633773741118912_n.jpg",620,345,false],"1536x1536":["https:\/\/arantv.az\/wp-content\/uploads\/2020\/07\/110053329_311017166946544_6754633773741118912_n.jpg",620,345,false],"2048x2048":["https:\/\/arantv.az\/wp-content\/uploads\/2020\/07\/110053329_311017166946544_6754633773741118912_n.jpg",620,345,false],"post-thumbnail":["https:\/\/arantv.az\/wp-content\/uploads\/2020\/07\/110053329_311017166946544_6754633773741118912_n-240x172.jpg",240,172,true],"advps-thumb-one":["https:\/\/arantv.az\/wp-content\/uploads\/2020\/07\/110053329_311017166946544_6754633773741118912_n.jpg",620,345,false]},"rttpg_author":{"display_name":"V\u00fcsal Rafiqo\u011flu","author_link":"https:\/\/arantv.az\/?author=2"},"rttpg_comment":0,"rttpg_category":"<a href=\"https:\/\/arantv.az\/?cat=19\" rel=\"category\">G\u00fcnd\u0259m<\/a>","rttpg_excerpt":"H\u0259rbi avant\u00fcrada u\u011fursuzlu\u011fa d\u00fc\u00e7ar olan Erm\u0259nistan\u0131n ba\u015f naziri Nikol Pa\u015finyan Rusiya v\u0259 Belarus t\u0259r\u0259find\u0259n yard\u0131m almaq \u00fcmidi il\u0259 Minsk\u0259 u\u00e7ub. AT\u018fT v\u0259 KTMT-d\u0259n he\u00e7 bir yard\u0131m almad\u0131\u011f\u0131 \u00fc\u00e7\u00fcn \u00e7\u0131x\u0131lmaz v\u0259ziyy\u0259td\u0259 qalan, Az\u0259rbaycan-Erm\u0259nistan s\u0259rh\u0259dind\u0259 t\u0259xribatlara ba\u015flayan ba\u015f nazir yard\u0131m \u00fc\u00e7\u00fcn t\u0259l\u0259sir. Qeyd ed\u0259k ki, iyulun 2-d\u0259 Erm\u0259nistan silahl\u0131 q\u00fcvv\u0259l\u0259rinin b\u00f6lm\u0259l\u0259ri Az\u0259rbaycan Ordusunun Tovuz rayonu istiqam\u0259tind\u0259ki m\u00f6vqel\u0259rin\u0259&hellip;","_links":{"self":[{"href":"https:\/\/arantv.az\/index.php?rest_route=\/wp\/v2\/posts\/192397"}],"collection":[{"href":"https:\/\/arantv.az\/index.php?rest_route=\/wp\/v2\/posts"}],"about":[{"href":"https:\/\/arantv.az\/index.php?rest_route=\/wp\/v2\/types\/post"}],"author":[{"embeddable":true,"href":"https:\/\/arantv.az\/index.php?rest_route=\/wp\/v2\/users\/2"}],"replies":[{"embeddable":true,"href":"https:\/\/arantv.az\/index.php?rest_route=%2Fwp%2Fv2%2Fcomments&post=192397"}],"version-history":[{"count":0,"href":"https:\/\/arantv.az\/index.php?rest_route=\/wp\/v2\/posts\/192397\/revisions"}],"wp:featuredmedia":[{"embeddable":true,"href":"https:\/\/arantv.az\/index.php?rest_route=\/wp\/v2\/media\/192398"}],"wp:attachment":[{"href":"https:\/\/arantv.az\/index.php?rest_route=%2Fwp%2Fv2%2Fmedia&parent=192397"}],"wp:term":[{"taxonomy":"category","embeddable":true,"href":"https:\/\/arantv.az\/index.php?rest_route=%2Fwp%2Fv2%2Fcategories&post=192397"},{"taxonomy":"post_tag","embeddable":true,"href":"https:\/\/arantv.az\/index.php?rest_route=%2Fwp%2Fv2%2Ftags&post=192397"}],"curies":[{"name":"wp","href":"https:\/\/api.w.org\/{rel}","templated":true}]}}