{"id":192402,"date":"2020-07-16T18:41:06","date_gmt":"2020-07-16T15:41:06","guid":{"rendered":"http:\/\/arantv.az\/?p=192402"},"modified":"2020-07-16T18:41:06","modified_gmt":"2020-07-16T15:41:06","slug":"erm%c9%99ni-t%c9%99xribatlarina-daha-bir-etiraz-finlandiyadan-g%c9%99ldi","status":"publish","type":"post","link":"https:\/\/arantv.az\/?p=192402","title":{"rendered":"Erm\u0259ni t\u0259xribatlar\u0131na daha bir etiraz Finlandiyadan g\u0259ldi"},"content":{"rendered":"<p><strong>Finlandiya Az\u0259rbaycanl\u0131lar\u0131 Assosiasiyas\u0131 Erm\u0259nistan-Az\u0259rbaycan d\u00f6vl\u0259t s\u0259rh\u0259dind\u0259 erm\u0259nil\u0259rin t\u00f6r\u0259tdikl\u0259ri t\u0259xribatlara qar\u015f\u0131 etiraz b\u0259yanat\u0131 yay\u0131b.<\/strong><\/p>\n<p>Bu bar\u0259d\u0259\u00a0<a href=\"http:\/\/trend.az\/\" target=\"_blank\" rel=\"noopener\">Trend<\/a>-\u0259 a\u00e7\u0131qlamas\u0131nda assosiasiyan\u0131n h\u0259ms\u0259dri Arzu Oqtay bildirib. O qeyd edib ki, 30 il\u0259 yax\u0131n Az\u0259rbaycana qar\u015f\u0131 ba\u015flatd\u0131\u011f\u0131 t\u0259cav\u00fczkar siyas\u0259tini \u00f6lk\u0259nin t\u0259hl\u00fck\u0259sizlik strategiyas\u0131nda \u0259ks etdir\u0259n Erm\u0259nistan m\u00fcnaqi\u015f\u0259nin n\u0259tic\u0259l\u0259rini aradan qald\u0131rmaq, i\u015f\u011fal\u00e7\u0131 q\u00fcvv\u0259l\u0259rini Az\u0259rbaycan\u0131n beyn\u0259lxalq s\u0259viyy\u0259d\u0259 tan\u0131nm\u0131\u015f \u0259razil\u0259rind\u0259n \u00e7\u0131xarmaq \u0259v\u0259zin\u0259, yeni m\u00f6vqel\u0259r \u0259l\u0259 ke\u00e7irm\u0259k, g\u0259rginliyi art\u0131rmaq niyy\u0259tini 12 iyulda Erm\u0259nistan-Az\u0259rbaycan s\u0259rh\u0259dind\u0259 artilleriya qur\u011fular\u0131ndan istifad\u0259 ed\u0259r\u0259k Az\u0259rbaycan silahl\u0131 q\u00fcvv\u0259l\u0259rinin m\u00f6vqel\u0259rin\u0259 h\u00fccum edilm\u0259kl\u0259 a\u00e7\u0131q \u015f\u0259kild\u0259 bir daha n\u00fcmayi\u015f etdirdi:<\/p>\n<p>&#8220;Ali Ba\u015f Komandan c\u0259nab \u0130lham \u018fliyevin t\u0259l\u0259b v\u0259 g\u00f6st\u0259ri\u015fl\u0259ri \u0259sas\u0131nda \u0259n m\u00fcasir silah v\u0259 texnika il\u0259 t\u0259min edil\u0259n, h\u0259rt\u0259r\u0259fli t\u0259chizata malik olan C\u0259nubi Qafqazda \u0259n g\u00fccl\u00fc ordu say\u0131lan Az\u0259rbaycan Ordusu Erm\u0259nistan-Az\u0259rbaycan s\u0259rh\u0259dind\u0259 Erm\u0259nistan t\u0259r\u0259find\u0259n t\u00f6r\u0259dil\u0259n t\u0259xribatlar\u0131n qar\u015f\u0131s\u0131n\u0131 h\u0259r zaman b\u00f6y\u00fck m\u0259tinl\u0259 al\u0131r. 2016-c\u0131 ilin Aprel d\u00f6y\u00fc\u015fl\u0259ri Az\u0259rbaycan Ordusunun d\u00f6y\u00fc\u015f haz\u0131rl\u0131\u011f\u0131n\u0131n s\u0259viyy\u0259sini, \u015f\u0259xsi hey\u0259tin m\u0259n\u0259vi ruhunu, ordu il\u0259 xalq\u0131n birliyini, torpaqlar\u0131m\u0131z\u0131 i\u015f\u011faldan azad etm\u0259y\u0259 qadir oldu\u011fumuzu t\u0259sdiql\u0259mi\u015fdi.<\/p>\n<p>Biz xaricd\u0259 ya\u015fayan az\u0259rbaycanl\u0131lar da V\u0259t\u0259nimizin bu dar g\u00fcn\u00fcnd\u0259 v\u0259t\u0259nda\u015fl\u0131q borcumuzu yerin\u0259 yetirm\u0259k m\u0259qs\u0259di il\u0259 Ali Ba\u015f Komandan c\u0259nab \u0130lham \u018fliyevin \u0259traf\u0131nda yumruq kimi birl\u0259\u015f\u0259r\u0259k \u00fcz\u0259rimiz\u0259 d\u00fc\u015f\u0259n v\u0259t\u0259nda\u015fl\u0131q borcumuzu yerin\u0259 yetirm\u0259liyik, bu m\u00fcharib\u0259d\u0259 k\u0259narda qalmamal\u0131y\u0131q. Az\u0259rbaycan\u0131n h\u0259r bir v\u0259t\u0259nda\u015f\u0131 \u00fc\u00e7\u00fcn bir ucal\u0131q var &#8211; V\u0259t\u0259n ucal\u0131\u011f\u0131, bir m\u00fcq\u0259dd\u0259slik var &#8211; V\u0259t\u0259n m\u00fcq\u0259dd\u0259sliyi, bir and var &#8211; V\u0259t\u0259n and\u0131. Bu anda sadiq olaraq b\u00fct\u00fcn beyn\u0259lxalq qurumlara etiraz\u0131m\u0131z\u0131 bildir\u0259r\u0259k Erm\u0259nistanin t\u0259cav\u00fczkar h\u0259r\u0259k\u0259tl\u0259rin\u0259 h\u00fcquqi qiym\u0259t verilm\u0259sini t\u0259l\u0259b edirik&#8221;.<\/p>\n","protected":false},"excerpt":{"rendered":"<p>Finlandiya Az\u0259rbaycanl\u0131lar\u0131 Assosiasiyas\u0131 Erm\u0259nistan-Az\u0259rbaycan d\u00f6vl\u0259t s\u0259rh\u0259dind\u0259 erm\u0259nil\u0259rin t\u00f6r\u0259tdikl\u0259ri t\u0259xribatlara qar\u015f\u0131 etiraz b\u0259yanat\u0131 yay\u0131b. Bu bar\u0259d\u0259\u00a0Trend-\u0259 a\u00e7\u0131qlamas\u0131nda assosiasiyan\u0131n h\u0259ms\u0259dri Arzu Oqtay bildirib. O qeyd edib ki, 30 il\u0259 yax\u0131n Az\u0259rbaycana qar\u015f\u0131 ba\u015flatd\u0131\u011f\u0131 t\u0259cav\u00fczkar siyas\u0259tini \u00f6lk\u0259nin t\u0259hl\u00fck\u0259sizlik strategiyas\u0131nda \u0259ks etdir\u0259n Erm\u0259nistan m\u00fcnaqi\u015f\u0259nin n\u0259tic\u0259l\u0259rini aradan qald\u0131rmaq, i\u015f\u011fal\u00e7\u0131 q\u00fcvv\u0259l\u0259rini Az\u0259rbaycan\u0131n beyn\u0259lxalq s\u0259viyy\u0259d\u0259 tan\u0131nm\u0131\u015f \u0259razil\u0259rind\u0259n \u00e7\u0131xarmaq \u0259v\u0259zin\u0259, yeni m\u00f6vqel\u0259r \u0259l\u0259 ke\u00e7irm\u0259k, g\u0259rginliyi art\u0131rmaq niyy\u0259tini 12 iyulda Erm\u0259nistan-Az\u0259rbaycan s\u0259rh\u0259dind\u0259 artilleriya qur\u011fular\u0131ndan istifad\u0259 ed\u0259r\u0259k Az\u0259rbaycan silahl\u0131 q\u00fcvv\u0259l\u0259rinin m\u00f6vqel\u0259rin\u0259 h\u00fccum edilm\u0259kl\u0259 a\u00e7\u0131q \u015f\u0259kild\u0259 bir daha n\u00fcmayi\u015f etdirdi: &#8220;Ali Ba\u015f Komandan c\u0259nab \u0130lham \u018fliyevin t\u0259l\u0259b v\u0259 g\u00f6st\u0259ri\u015fl\u0259ri \u0259sas\u0131nda \u0259n&hellip;<\/p>\n","protected":false},"author":2,"featured_media":192403,"comment_status":"closed","ping_status":"closed","sticky":false,"template":"","format":"standard","meta":{"om_disable_all_campaigns":false,"_monsterinsights_skip_tracking":false,"_monsterinsights_sitenote_active":false,"_monsterinsights_sitenote_note":"","_monsterinsights_sitenote_category":0},"categories":[4],"tags":[],"aioseo_notices":[],"gutentor_comment":0,"rttpg_featured_image_url":{"full":["https:\/\/arantv.az\/wp-content\/uploads\/2020\/07\/866115_1.jpg",982,635,false],"landscape":["https:\/\/arantv.az\/wp-content\/uploads\/2020\/07\/866115_1.jpg",982,635,false],"portraits":["https:\/\/arantv.az\/wp-content\/uploads\/2020\/07\/866115_1.jpg",982,635,false],"thumbnail":["https:\/\/arantv.az\/wp-content\/uploads\/2020\/07\/866115_1-150x150.jpg",150,150,true],"medium":["https:\/\/arantv.az\/wp-content\/uploads\/2020\/07\/866115_1-300x194.jpg",300,194,true],"large":["https:\/\/arantv.az\/wp-content\/uploads\/2020\/07\/866115_1.jpg",640,414,false],"1536x1536":["https:\/\/arantv.az\/wp-content\/uploads\/2020\/07\/866115_1.jpg",982,635,false],"2048x2048":["https:\/\/arantv.az\/wp-content\/uploads\/2020\/07\/866115_1.jpg",982,635,false],"post-thumbnail":["https:\/\/arantv.az\/wp-content\/uploads\/2020\/07\/866115_1-240x172.jpg",240,172,true],"advps-thumb-one":["https:\/\/arantv.az\/wp-content\/uploads\/2020\/07\/866115_1-982x620.jpg",982,620,true]},"rttpg_author":{"display_name":"V\u00fcsal Rafiqo\u011flu","author_link":"https:\/\/arantv.az\/?author=2"},"rttpg_comment":0,"rttpg_category":"<a href=\"https:\/\/arantv.az\/?cat=4\" rel=\"category\">Siyas\u0259t<\/a>","rttpg_excerpt":"Finlandiya Az\u0259rbaycanl\u0131lar\u0131 Assosiasiyas\u0131 Erm\u0259nistan-Az\u0259rbaycan d\u00f6vl\u0259t s\u0259rh\u0259dind\u0259 erm\u0259nil\u0259rin t\u00f6r\u0259tdikl\u0259ri t\u0259xribatlara qar\u015f\u0131 etiraz b\u0259yanat\u0131 yay\u0131b. Bu bar\u0259d\u0259\u00a0Trend-\u0259 a\u00e7\u0131qlamas\u0131nda assosiasiyan\u0131n h\u0259ms\u0259dri Arzu Oqtay bildirib. O qeyd edib ki, 30 il\u0259 yax\u0131n Az\u0259rbaycana qar\u015f\u0131 ba\u015flatd\u0131\u011f\u0131 t\u0259cav\u00fczkar siyas\u0259tini \u00f6lk\u0259nin t\u0259hl\u00fck\u0259sizlik strategiyas\u0131nda \u0259ks etdir\u0259n Erm\u0259nistan m\u00fcnaqi\u015f\u0259nin n\u0259tic\u0259l\u0259rini aradan qald\u0131rmaq, i\u015f\u011fal\u00e7\u0131 q\u00fcvv\u0259l\u0259rini Az\u0259rbaycan\u0131n beyn\u0259lxalq s\u0259viyy\u0259d\u0259 tan\u0131nm\u0131\u015f \u0259razil\u0259rind\u0259n \u00e7\u0131xarmaq \u0259v\u0259zin\u0259, yeni m\u00f6vqel\u0259r \u0259l\u0259&hellip;","_links":{"self":[{"href":"https:\/\/arantv.az\/index.php?rest_route=\/wp\/v2\/posts\/192402"}],"collection":[{"href":"https:\/\/arantv.az\/index.php?rest_route=\/wp\/v2\/posts"}],"about":[{"href":"https:\/\/arantv.az\/index.php?rest_route=\/wp\/v2\/types\/post"}],"author":[{"embeddable":true,"href":"https:\/\/arantv.az\/index.php?rest_route=\/wp\/v2\/users\/2"}],"replies":[{"embeddable":true,"href":"https:\/\/arantv.az\/index.php?rest_route=%2Fwp%2Fv2%2Fcomments&post=192402"}],"version-history":[{"count":0,"href":"https:\/\/arantv.az\/index.php?rest_route=\/wp\/v2\/posts\/192402\/revisions"}],"wp:featuredmedia":[{"embeddable":true,"href":"https:\/\/arantv.az\/index.php?rest_route=\/wp\/v2\/media\/192403"}],"wp:attachment":[{"href":"https:\/\/arantv.az\/index.php?rest_route=%2Fwp%2Fv2%2Fmedia&parent=192402"}],"wp:term":[{"taxonomy":"category","embeddable":true,"href":"https:\/\/arantv.az\/index.php?rest_route=%2Fwp%2Fv2%2Fcategories&post=192402"},{"taxonomy":"post_tag","embeddable":true,"href":"https:\/\/arantv.az\/index.php?rest_route=%2Fwp%2Fv2%2Ftags&post=192402"}],"curies":[{"name":"wp","href":"https:\/\/api.w.org\/{rel}","templated":true}]}}