{"id":192410,"date":"2020-07-16T18:48:34","date_gmt":"2020-07-16T15:48:34","guid":{"rendered":"http:\/\/arantv.az\/?p=192410"},"modified":"2020-07-16T18:48:34","modified_gmt":"2020-07-16T15:48:34","slug":"biz-birlikd%c9%99-gucluyuk-2","status":"publish","type":"post","link":"https:\/\/arantv.az\/?p=192410","title":{"rendered":"\u201cBiz birlikd\u0259 g\u00fccl\u00fcy\u00fck\u201d"},"content":{"rendered":"<p><strong>Nizami Rayon Sosial-\u0130ctimai Maarifl\u0259ndirm\u0259 \u0130ctimai Birliyi QHT \u015euras\u0131n\u0131n d\u0259st\u0259yi il\u0259 yeni sosial layih\u0259y\u0259 start verib<\/strong><\/p>\n<p>&nbsp;<\/p>\n<p>Nizami Rayon Sosial-\u0130ctimai Maarifl\u0259ndirm\u0259 \u0130ctimai Birliyi Az\u0259rbaycan Respublikas\u0131n\u0131n Prezidenti yan\u0131nda Qeyri-H\u00f6kum\u0259t T\u0259\u015fkilatlar\u0131na D\u00f6vl\u0259t D\u0259st\u0259yi \u015euras\u0131n\u0131n maliyy\u0259 d\u0259st\u0259yi il\u0259 yeni sosial layih\u0259y\u0259 start verib.\u00a0Layih\u0259nin \u0259sas ideyas\u0131 koronavirus pandemiyas\u0131 d\u00f6n\u0259mind\u0259 azt\u0259minatl\u0131 ail\u0259l\u0259r\u0259 yard\u0131m etm\u0259k, onlara g\u00fcnd\u0259lik t\u0259l\u0259bat\u0131 olan m\u0259hsullar\u0131 \u00e7atd\u0131rmaqd\u0131r.<\/p>\n<p>Bu \u00fcmumb\u0259\u015f\u0259ri b\u0259ladan xilas olma\u011f\u0131n yolu evd\u0259 qalmaqd\u0131r, qorunmaqd\u0131r. T\u0259bii ki, bel\u0259 bir v\u0259ziyy\u0259td\u0259 karantin rejiminin m\u0259nfi t\u0259sirl\u0259rind\u0259n ir\u0259li g\u0259l\u0259r\u0259k bir \u00e7ox ail\u0259l\u0259r \u0259n\u0259n\u0259vi i\u015f yerl\u0259rini itiribl\u0259r v\u0259 bu g\u00fcn onlar\u0131n k\u00f6m\u0259y\u0259 ehtiyac\u0131 var. X\u00fcsusil\u0259 d\u0259 \u00e7oxu\u015faql\u0131, azt\u0259minatl\u0131 ail\u0259l\u0259rin g\u00fcnd\u0259lik \u0259rzaq m\u0259hsullar\u0131 il\u0259 t\u0259min olunmas\u0131 aktuall\u0131q k\u0259sb edir. Bu m\u0259nada layih\u0259 \u00e7\u0259r\u00e7iv\u0259sind\u0259 azt\u0259minatl\u0131 ail\u0259l\u0259rin \u0259rzaq t\u0259minat\u0131 h\u0259yata ke\u00e7iril\u0259c\u0259k. Qar\u015f\u0131ya qoyulmu\u015f m\u0259qs\u0259d\u0259 nail olmaq \u00fc\u00e7\u00fcn is\u0259 azt\u0259minatl\u0131 ail\u0259l\u0259r qrupunu m\u00fc\u0259yy\u0259nl\u0259\u015fdiril\u0259c\u0259k, onlar\u0131n ehtiyac duyduqlar\u0131 \u0259rzaq m\u0259hsullar\u0131 kompleksl\u0259\u015fdiril\u0259c\u0259k v\u0259 q\u0131sa zaman \u00e7\u0259r\u00e7iv\u0259sind\u0259 azt\u0259minatl\u0131 ail\u0259l\u0259r\u0259 \u0259rzaq yard\u0131mlar\u0131n\u0131 \u00e7atd\u0131r\u0131lacaq.<\/p>\n<p>Layih\u0259 \u00e7\u0259r\u00e7iv\u0259sind\u0259 Bak\u0131 \u015f\u0259h\u0259ri, Nizami rayonu \u0259razisind\u0259ki 200 minlik \u0259hali aras\u0131ndan 130 \u0259n kas\u0131b, \u00e7oxu\u015faql\u0131, \u0259lil azt\u0259minatl\u0131 ail\u0259l\u0259r \u00fc\u00e7\u00fcn \u0259rzaq yard\u0131mlar\u0131n\u0131n \u00e7atd\u0131r\u0131lmas\u0131 n\u0259z\u0259rd\u0259 tutulur. \u00c7\u00fcnki, indiki pandemiya zaman\u0131nda s\u00f6z\u00fcged\u0259n kateqoriyadan olan azt\u0259minatl\u0131 ail\u0259l\u0259rin daha \u00e7ox d\u0259st\u0259y\u0259 v\u0259 maarifl\u0259nm\u0259y\u0259 ehtiyac duyur.<\/p>\n<p>Layih\u0259nin sentyabr ay\u0131n\u0131n 1-d\u0259k realla\u015fd\u0131r\u0131lmas\u0131 planla\u015fd\u0131r\u0131l\u0131r.<\/p>\n","protected":false},"excerpt":{"rendered":"<p>Nizami Rayon Sosial-\u0130ctimai Maarifl\u0259ndirm\u0259 \u0130ctimai Birliyi QHT \u015euras\u0131n\u0131n d\u0259st\u0259yi il\u0259 yeni sosial layih\u0259y\u0259 start verib &nbsp; Nizami Rayon Sosial-\u0130ctimai Maarifl\u0259ndirm\u0259 \u0130ctimai Birliyi Az\u0259rbaycan Respublikas\u0131n\u0131n Prezidenti yan\u0131nda Qeyri-H\u00f6kum\u0259t T\u0259\u015fkilatlar\u0131na D\u00f6vl\u0259t D\u0259st\u0259yi \u015euras\u0131n\u0131n maliyy\u0259 d\u0259st\u0259yi il\u0259 yeni sosial layih\u0259y\u0259 start verib.\u00a0Layih\u0259nin \u0259sas ideyas\u0131 koronavirus pandemiyas\u0131 d\u00f6n\u0259mind\u0259 azt\u0259minatl\u0131 ail\u0259l\u0259r\u0259 yard\u0131m etm\u0259k, onlara g\u00fcnd\u0259lik t\u0259l\u0259bat\u0131 olan m\u0259hsullar\u0131 \u00e7atd\u0131rmaqd\u0131r. Bu \u00fcmumb\u0259\u015f\u0259ri b\u0259ladan xilas olma\u011f\u0131n yolu evd\u0259 qalmaqd\u0131r, qorunmaqd\u0131r. T\u0259bii ki, bel\u0259 bir v\u0259ziyy\u0259td\u0259 karantin rejiminin m\u0259nfi t\u0259sirl\u0259rind\u0259n ir\u0259li g\u0259l\u0259r\u0259k bir \u00e7ox ail\u0259l\u0259r \u0259n\u0259n\u0259vi i\u015f yerl\u0259rini itiribl\u0259r v\u0259 bu g\u00fcn onlar\u0131n k\u00f6m\u0259y\u0259 ehtiyac\u0131 var. X\u00fcsusil\u0259 d\u0259&hellip;<\/p>\n","protected":false},"author":2,"featured_media":192411,"comment_status":"closed","ping_status":"closed","sticky":false,"template":"","format":"standard","meta":{"om_disable_all_campaigns":false,"_monsterinsights_skip_tracking":false,"_monsterinsights_sitenote_active":false,"_monsterinsights_sitenote_note":"","_monsterinsights_sitenote_category":0},"categories":[26],"tags":[],"aioseo_notices":[],"gutentor_comment":0,"rttpg_featured_image_url":{"full":["https:\/\/arantv.az\/wp-content\/uploads\/2020\/07\/9fc64354159491121346307392710454794.jpg",975,540,false],"landscape":["https:\/\/arantv.az\/wp-content\/uploads\/2020\/07\/9fc64354159491121346307392710454794.jpg",975,540,false],"portraits":["https:\/\/arantv.az\/wp-content\/uploads\/2020\/07\/9fc64354159491121346307392710454794.jpg",975,540,false],"thumbnail":["https:\/\/arantv.az\/wp-content\/uploads\/2020\/07\/9fc64354159491121346307392710454794-150x150.jpg",150,150,true],"medium":["https:\/\/arantv.az\/wp-content\/uploads\/2020\/07\/9fc64354159491121346307392710454794-300x166.jpg",300,166,true],"large":["https:\/\/arantv.az\/wp-content\/uploads\/2020\/07\/9fc64354159491121346307392710454794.jpg",640,354,false],"1536x1536":["https:\/\/arantv.az\/wp-content\/uploads\/2020\/07\/9fc64354159491121346307392710454794.jpg",975,540,false],"2048x2048":["https:\/\/arantv.az\/wp-content\/uploads\/2020\/07\/9fc64354159491121346307392710454794.jpg",975,540,false],"post-thumbnail":["https:\/\/arantv.az\/wp-content\/uploads\/2020\/07\/9fc64354159491121346307392710454794-240x172.jpg",240,172,true],"advps-thumb-one":["https:\/\/arantv.az\/wp-content\/uploads\/2020\/07\/9fc64354159491121346307392710454794.jpg",975,540,false]},"rttpg_author":{"display_name":"V\u00fcsal Rafiqo\u011flu","author_link":"https:\/\/arantv.az\/?author=2"},"rttpg_comment":0,"rttpg_category":"<a href=\"https:\/\/arantv.az\/?cat=26\" rel=\"category\">Sosial<\/a>","rttpg_excerpt":"Nizami Rayon Sosial-\u0130ctimai Maarifl\u0259ndirm\u0259 \u0130ctimai Birliyi QHT \u015euras\u0131n\u0131n d\u0259st\u0259yi il\u0259 yeni sosial layih\u0259y\u0259 start verib &nbsp; Nizami Rayon Sosial-\u0130ctimai Maarifl\u0259ndirm\u0259 \u0130ctimai Birliyi Az\u0259rbaycan Respublikas\u0131n\u0131n Prezidenti yan\u0131nda Qeyri-H\u00f6kum\u0259t T\u0259\u015fkilatlar\u0131na D\u00f6vl\u0259t D\u0259st\u0259yi \u015euras\u0131n\u0131n maliyy\u0259 d\u0259st\u0259yi il\u0259 yeni sosial layih\u0259y\u0259 start verib.\u00a0Layih\u0259nin \u0259sas ideyas\u0131 koronavirus pandemiyas\u0131 d\u00f6n\u0259mind\u0259 azt\u0259minatl\u0131 ail\u0259l\u0259r\u0259 yard\u0131m etm\u0259k, onlara g\u00fcnd\u0259lik t\u0259l\u0259bat\u0131 olan m\u0259hsullar\u0131 \u00e7atd\u0131rmaqd\u0131r. Bu&hellip;","_links":{"self":[{"href":"https:\/\/arantv.az\/index.php?rest_route=\/wp\/v2\/posts\/192410"}],"collection":[{"href":"https:\/\/arantv.az\/index.php?rest_route=\/wp\/v2\/posts"}],"about":[{"href":"https:\/\/arantv.az\/index.php?rest_route=\/wp\/v2\/types\/post"}],"author":[{"embeddable":true,"href":"https:\/\/arantv.az\/index.php?rest_route=\/wp\/v2\/users\/2"}],"replies":[{"embeddable":true,"href":"https:\/\/arantv.az\/index.php?rest_route=%2Fwp%2Fv2%2Fcomments&post=192410"}],"version-history":[{"count":0,"href":"https:\/\/arantv.az\/index.php?rest_route=\/wp\/v2\/posts\/192410\/revisions"}],"wp:featuredmedia":[{"embeddable":true,"href":"https:\/\/arantv.az\/index.php?rest_route=\/wp\/v2\/media\/192411"}],"wp:attachment":[{"href":"https:\/\/arantv.az\/index.php?rest_route=%2Fwp%2Fv2%2Fmedia&parent=192410"}],"wp:term":[{"taxonomy":"category","embeddable":true,"href":"https:\/\/arantv.az\/index.php?rest_route=%2Fwp%2Fv2%2Fcategories&post=192410"},{"taxonomy":"post_tag","embeddable":true,"href":"https:\/\/arantv.az\/index.php?rest_route=%2Fwp%2Fv2%2Ftags&post=192410"}],"curies":[{"name":"wp","href":"https:\/\/api.w.org\/{rel}","templated":true}]}}