{"id":192422,"date":"2020-07-16T18:57:01","date_gmt":"2020-07-16T15:57:01","guid":{"rendered":"http:\/\/arantv.az\/?p=192422"},"modified":"2020-07-16T18:57:01","modified_gmt":"2020-07-16T15:57:01","slug":"ceyhun-bayramovun-yeni-missiyasi-bas-diplomatdan-gozl%c9%99ntimiz-t%c9%99hlil","status":"publish","type":"post","link":"https:\/\/arantv.az\/?p=192422","title":{"rendered":"Ceyhun Bayramovun yeni missiyas\u0131: Ba\u015f diplomatdan g\u00f6zl\u0259ntimiz &#8211; T\u018fHL\u0130L"},"content":{"rendered":"<p>Az\u0259rbaycan\u0131n yeni Xarici \u0130\u015fl\u0259r naziri Ceyhun Bayramov oldu. Prezident \u0130lham \u018fliyev bir ne\u00e7\u0259 saat \u0259vv\u0259l T\u0259hsil naziri Ceyhun Bayramovun Az\u0259rbaycan\u0131n Xarici i\u015fl\u0259r naziri t\u0259yin edilm\u0259si haqq\u0131nda s\u0259r\u0259ncam imzalay\u0131b.<\/p>\n<p>\u018flb\u0259tt\u0259, d\u00f6vl\u0259tin \u0259n strateji postlar\u0131ndan biri olan Xarici \u0130\u015fl\u0259r naziri v\u0259zif\u0259sin\u0259 kimin t\u0259yin olunaca\u011f\u0131 maraqla g\u00f6zl\u0259nilirdi. \u0130ki h\u0259ft\u0259 \u0259vv\u0259l X\u0130N-d\u0259 ke\u00e7iril\u0259n \u0259m\u0259liyyat, h\u0259bsl\u0259r v\u0259 x\u00fcsus\u0259n d\u0259 \u00f6t\u0259n g\u00fcn Prezidentin m\u0259lum \u00e7\u0131x\u0131\u015f\u0131ndan sonra h\u0259r k\u0259s\u0259 ayd\u0131n idi ki, Elmar M\u0259mm\u0259dyarov v\u0259zif\u0259sind\u0259n azad edil\u0259c\u0259k. V\u0259 t\u0259bii ki, h\u0259r k\u0259sin diqq\u0259tind\u0259 olan yeni nazirin kimliyi idi. \u00c7\u00fcnki faktiki olaraq m\u00fcharib\u0259d\u0259 olan \u00f6lk\u0259nin xarici siyas\u0259ti t\u0259cr\u00fcb\u0259li, etibarl\u0131 v\u0259 \u0259n \u0259sas\u0131 v\u0259t\u0259np\u0259rv\u0259r m\u0259mura tap\u015f\u0131r\u0131lmal\u0131d\u0131r.<\/p>\n<p>\u00d6lk\u0259 prezidenti art\u0131q se\u00e7imini edib. Son iki ild\u0259 t\u0259hsil naziri v\u0259zif\u0259sini tutan, ondan \u0259vv\u0259l is\u0259 d\u00f6rd il nazirin m\u00fcavini v\u0259zif\u0259sind\u0259 i\u015fl\u0259mi\u015f Ceyhun Bayramov bundan sonra Az\u0259rbaycan\u0131n xarici siyas\u0259tini h\u0259yata ke\u00e7ir\u0259n orqana r\u0259hb\u0259rlik ed\u0259c\u0259k.<\/p>\n<div id=\"AdviadNativeVideo0\" class=\"AdviadNativeVideo\"><\/div>\n<p>Yuxar\u0131da da qeyd etdiyimiz kimi, Xarici \u0130\u015fl\u0259r Nazirliyi kimi, strateji \u0259h\u0259miyy\u0259t da\u015f\u0131yan d\u00f6vl\u0259t orqan\u0131na r\u0259hb\u0259rlik \u00fc\u00e7\u00fcn x\u00fcsusi keyfiyy\u0259tl\u0259r t\u0259l\u0259b olunur. Bu s\u0259b\u0259bd\u0259n d\u0259 t\u0259yinatdan d\u0259rhal sonra Ceyhun Bayramovun diplomatiya il\u0259 \u0259laq\u0259si, xarici dil bilgil\u0259ri kimi suallar ortaya at\u0131l\u0131b.<\/p>\n<p>M\u0259lumdur ki, nazir v\u0259zif\u0259si h\u0259m d\u0259 b\u00fct\u00f6v bir komandaya r\u0259hb\u0259rlik, onun f\u0259aliyy\u0259tinin t\u0259\u015fkil olunmas\u0131, y\u0259ni ba\u015fqa s\u00f6zl\u0259 t\u0259\u015fkilat\u00e7\u0131l\u0131q, menecerlikdir. \u00c7\u00fcnki 50-d\u0259n \u00e7ox \u00f6lk\u0259d\u0259 s\u0259firlik, diplomatik n\u00fcmay\u0259nd\u0259liyi il\u0259 birlikd\u0259 X\u0130N b\u00f6y\u00fck bir diplomatiya ordusudur, onun f\u0259aliyy\u0259tinin q\u00fcsursuz t\u0259\u015fkil olunmas\u0131 \u00fc\u00e7\u00fcn karyeral\u0131 diplomatdan daha \u00e7ox g\u00fccl\u00fc t\u0259\u015fkilat\u00e7\u0131 r\u0259hb\u0259r\u0259 ehtiyac var.<\/p>\n<p>\u0130ki illik T\u0259hsil Nazirliyi kimi m\u00fcr\u0259kk\u0259b v\u0259 \u00e7\u0259tin bir sah\u0259d\u0259ki f\u0259aliyy\u0259ti g\u00f6st\u0259rdi ki, Ceyhun Bayramov bacar\u0131ql\u0131 menecer v\u0259 komanda i\u015fini t\u0259\u015fkil ed\u0259 bil\u0259n m\u0259murdur. G\u00f6r\u00fcn\u00fcr, son ill\u0259rd\u0259 prezidentin son \u00e7\u0131x\u0131\u015f\u0131nda da dediyi kimi ciddi n\u00f6qsanlarla yadda qalan X\u0130N-i yenid\u0259n qurmaq da laz\u0131m olacaq. Buna g\u00f6r\u0259 d\u0259 yeni t\u0259yinatda bu amil d\u0259 rol oynay\u0131b. T\u0259hsil Nazirliyinin \u0259m\u0259kda\u015flar\u0131 C.Bayramovu son d\u0259r\u0259c\u0259 m\u0259suliyy\u0259tli, t\u0259l\u0259bkar v\u0259 \u00f6z \u00fcz\u0259rind\u0259 i\u015fl\u0259y\u0259n r\u0259hb\u0259r kimi xarakteriz\u0259 edir. R\u0259hb\u0259rlik etdiyi sah\u0259l\u0259rd\u0259 nizam-intizama x\u00fcsusi diqq\u0259t ver\u0259n naziri h\u0259m d\u0259 t\u0259vaz\u00f6kar, \u0259n \u0259sas\u0131 m\u00fct\u0259x\u0259ssisl\u0259rin r\u0259yin\u0259 \u0259h\u0259miyy\u0259t ver\u0259n insan kimi s\u0259ciyy\u0259l\u0259ndirirl\u0259r. Bu is\u0259 X\u0130N r\u0259hb\u0259ri \u00fc\u00e7\u00fcn \u0259lahidd\u0259 vacib x\u00fcsusiyy\u0259tl\u0259rdir.<\/p>\n<p>Yeni nazirin diplomatiya sah\u0259sind\u0259 t\u0259cr\u00fcb\u0259sin\u0259 g\u0259linc\u0259, d\u00fcnya t\u0259cr\u00fcb\u0259sind\u0259 \u0259ks\u0259riyy\u0259tind\u0259 xarici i\u015fl\u0259r naziri h\u0259mi\u015f\u0259 diplomatiya sah\u0259sind\u0259n g\u0259lmir. Bunun onlarla parlaq n\u00fcmun\u0259l\u0259ri m\u00f6vcuddur. Yeni nazir Ceyhun Bayramov X\u0130N sistemind\u0259 \u00e7al\u0131\u015fmasa da, beyn\u0259lxalq h\u00fcquq \u00fczr\u0259 ekspertdir. Uzun ill\u0259r beyn\u0259lxalq s\u0259viyy\u0259d\u0259 tan\u0131nm\u0131\u015f Az\u0259rbaycan\u0131n apar\u0131c\u0131 h\u00fcquq \u015firk\u0259ti OMN\u0130-nin r\u0259hb\u0259ri kimi \u00f6lk\u0259mizin iqtisadi h\u00fcquq sah\u0259sind\u0259ki maraqlar\u0131n\u0131n t\u0259min edilm\u0259sind\u0259 yax\u0131ndan i\u015ftirak edib. Bu sah\u0259d\u0259 d\u00fcnyan\u0131n apar\u0131c\u0131 \u015firk\u0259tl\u0259ri il\u0259 apar\u0131lan dan\u0131\u015f\u0131qlarda Az\u0259rbaycan d\u00f6vl\u0259t qurumlar\u0131n\u0131n beyn\u0259lxalq h\u00fcquq sah\u0259sind\u0259 m\u0259sl\u0259h\u0259t\u00e7isi kimi \u00e7\u0131x\u0131\u015f edib.<\/p>\n<p>\u00dcst\u0259lik T\u0259hsil naziri kimi bir s\u0131ra d\u00f6vl\u0259tl\u0259raras\u0131, h\u0259m\u00e7inin BMT v\u0259 UNESCO kimi t\u0259\u015fkilatlarla u\u011furlu \u0259m\u0259kda\u015fl\u0131\u011f\u0131n inki\u015faf\u0131n\u0131 t\u0259min etmi\u015fdir. Y\u0259ni yeni nazir beyn\u0259lxalq \u0259laq\u0259l\u0259r sah\u0259sind\u0259, \u00f6lk\u0259mizin xaricd\u0259 t\u0259msil olunmas\u0131 i\u015fin\u0259 yad deyil.<\/p>\n<p>V\u0259 n\u0259hay\u0259t, \u0259n m\u00fch\u00fcm m\u0259qam yeni naziri tan\u0131yan insanlar onun milli ruhlu v\u0259 v\u0259t\u0259np\u0259rv\u0259r olmas\u0131n\u0131 vur\u011fulay\u0131r. Z\u0259nnimc\u0259, bu g\u00fcn m\u00fcharib\u0259 ed\u0259n \u00f6lk\u0259d\u0259 v\u0259zif\u0259 t\u0259yinat\u0131nda daha m\u00fch\u00fcm m\u0259hz budur. C.Bayramov ziyal\u0131 ail\u0259sind\u0259 b\u00f6y\u00fcy\u00fcb, yax\u0131n qohumlar\u0131n\u0131n bir \u00e7oxu Qaraba\u011f d\u00f6y\u00fc\u015fl\u0259rind\u0259, h\u0259m\u00e7inin, Ba\u015fk\u0259nd q\u0259s\u0259b\u0259sinin i\u015f\u011faldan azad edilm\u0259si \u0259m\u0259liyyatlar\u0131nda yax\u0131ndan i\u015ftirak edibl\u0259r. Uzun ill\u0259r \u0259rzind\u0259 Az\u0259rbaycan dili v\u0259 \u0259d\u0259biyyat\u0131n\u0131 t\u0259dris etmi\u015f m\u00fc\u0259llim\u0259 ail\u0259sind\u0259 b\u00f6y\u00fcm\u0259si, do\u011fma dilimizd\u0259 s\u0259lis dan\u0131\u015fmas\u0131 da bu q\u0259bild\u0259n olan keyfiyytdir.<\/p>\n<p>Yeni naziri qar\u015f\u0131da \u00e7ox ciddi i\u015fl\u0259r g\u00f6zl\u0259yir. Son ill\u0259r \u0259tal\u0259td\u0259 olan, bar\u0259sind\u0259 ciddi t\u0259nqidl\u0259r v\u0259 \u015f\u00fcbh\u0259l\u0259r \u0259n \u0259sas\u0131 d\u00f6vl\u0259t ba\u015f\u00e7\u0131s\u0131n\u0131n h\u00fccum diplomasiyas\u0131 il\u0259 ayaqla\u015fmaqda tempi itirmi\u015f olan nazirliyi yenid\u0259n formala\u015fd\u0131rmaq, neqativl\u0259ri tez bir zamanda aradan qald\u0131rmaq. B\u00fct\u00fcn bunlar is\u0259 h\u0259rbi \u0259m\u0259liyyatlar\u0131n davam etdiyi, g\u0259rgin siyasi-diplomatik m\u00fcbariz\u0259 il\u0259 paralel h\u0259yata ke\u00e7iril\u0259c\u0259k. Asan olmayacaq, amma bacaraca\u011f\u0131na inam b\u00f6y\u00fckd\u00fcr.<\/p>\n","protected":false},"excerpt":{"rendered":"<p>Az\u0259rbaycan\u0131n yeni Xarici \u0130\u015fl\u0259r naziri Ceyhun Bayramov oldu. Prezident \u0130lham \u018fliyev bir ne\u00e7\u0259 saat \u0259vv\u0259l T\u0259hsil naziri Ceyhun Bayramovun Az\u0259rbaycan\u0131n Xarici i\u015fl\u0259r naziri t\u0259yin edilm\u0259si haqq\u0131nda s\u0259r\u0259ncam imzalay\u0131b. \u018flb\u0259tt\u0259, d\u00f6vl\u0259tin \u0259n strateji postlar\u0131ndan biri olan Xarici \u0130\u015fl\u0259r naziri v\u0259zif\u0259sin\u0259 kimin t\u0259yin olunaca\u011f\u0131 maraqla g\u00f6zl\u0259nilirdi. \u0130ki h\u0259ft\u0259 \u0259vv\u0259l X\u0130N-d\u0259 ke\u00e7iril\u0259n \u0259m\u0259liyyat, h\u0259bsl\u0259r v\u0259 x\u00fcsus\u0259n d\u0259 \u00f6t\u0259n g\u00fcn Prezidentin m\u0259lum \u00e7\u0131x\u0131\u015f\u0131ndan sonra h\u0259r k\u0259s\u0259 ayd\u0131n idi ki, Elmar M\u0259mm\u0259dyarov v\u0259zif\u0259sind\u0259n azad edil\u0259c\u0259k. V\u0259 t\u0259bii ki, h\u0259r k\u0259sin diqq\u0259tind\u0259 olan yeni nazirin kimliyi idi. \u00c7\u00fcnki faktiki olaraq m\u00fcharib\u0259d\u0259 olan \u00f6lk\u0259nin xarici siyas\u0259ti t\u0259cr\u00fcb\u0259li,&hellip;<\/p>\n","protected":false},"author":2,"featured_media":192423,"comment_status":"closed","ping_status":"closed","sticky":false,"template":"","format":"standard","meta":{"om_disable_all_campaigns":false,"_monsterinsights_skip_tracking":false,"_monsterinsights_sitenote_active":false,"_monsterinsights_sitenote_note":"","_monsterinsights_sitenote_category":0},"categories":[4],"tags":[],"aioseo_notices":[],"gutentor_comment":0,"rttpg_featured_image_url":{"full":["https:\/\/arantv.az\/wp-content\/uploads\/2020\/07\/1560489471_ceyhun_bayramov_new_130718_03.jpg",620,413,false],"landscape":["https:\/\/arantv.az\/wp-content\/uploads\/2020\/07\/1560489471_ceyhun_bayramov_new_130718_03.jpg",620,413,false],"portraits":["https:\/\/arantv.az\/wp-content\/uploads\/2020\/07\/1560489471_ceyhun_bayramov_new_130718_03.jpg",620,413,false],"thumbnail":["https:\/\/arantv.az\/wp-content\/uploads\/2020\/07\/1560489471_ceyhun_bayramov_new_130718_03-150x150.jpg",150,150,true],"medium":["https:\/\/arantv.az\/wp-content\/uploads\/2020\/07\/1560489471_ceyhun_bayramov_new_130718_03-300x200.jpg",300,200,true],"large":["https:\/\/arantv.az\/wp-content\/uploads\/2020\/07\/1560489471_ceyhun_bayramov_new_130718_03.jpg",620,413,false],"1536x1536":["https:\/\/arantv.az\/wp-content\/uploads\/2020\/07\/1560489471_ceyhun_bayramov_new_130718_03.jpg",620,413,false],"2048x2048":["https:\/\/arantv.az\/wp-content\/uploads\/2020\/07\/1560489471_ceyhun_bayramov_new_130718_03.jpg",620,413,false],"post-thumbnail":["https:\/\/arantv.az\/wp-content\/uploads\/2020\/07\/1560489471_ceyhun_bayramov_new_130718_03-240x172.jpg",240,172,true],"advps-thumb-one":["https:\/\/arantv.az\/wp-content\/uploads\/2020\/07\/1560489471_ceyhun_bayramov_new_130718_03.jpg",620,413,false]},"rttpg_author":{"display_name":"V\u00fcsal Rafiqo\u011flu","author_link":"https:\/\/arantv.az\/?author=2"},"rttpg_comment":0,"rttpg_category":"<a href=\"https:\/\/arantv.az\/?cat=4\" rel=\"category\">Siyas\u0259t<\/a>","rttpg_excerpt":"Az\u0259rbaycan\u0131n yeni Xarici \u0130\u015fl\u0259r naziri Ceyhun Bayramov oldu. Prezident \u0130lham \u018fliyev bir ne\u00e7\u0259 saat \u0259vv\u0259l T\u0259hsil naziri Ceyhun Bayramovun Az\u0259rbaycan\u0131n Xarici i\u015fl\u0259r naziri t\u0259yin edilm\u0259si haqq\u0131nda s\u0259r\u0259ncam imzalay\u0131b. \u018flb\u0259tt\u0259, d\u00f6vl\u0259tin \u0259n strateji postlar\u0131ndan biri olan Xarici \u0130\u015fl\u0259r naziri v\u0259zif\u0259sin\u0259 kimin t\u0259yin olunaca\u011f\u0131 maraqla g\u00f6zl\u0259nilirdi. \u0130ki h\u0259ft\u0259 \u0259vv\u0259l X\u0130N-d\u0259 ke\u00e7iril\u0259n \u0259m\u0259liyyat, h\u0259bsl\u0259r v\u0259 x\u00fcsus\u0259n d\u0259 \u00f6t\u0259n&hellip;","_links":{"self":[{"href":"https:\/\/arantv.az\/index.php?rest_route=\/wp\/v2\/posts\/192422"}],"collection":[{"href":"https:\/\/arantv.az\/index.php?rest_route=\/wp\/v2\/posts"}],"about":[{"href":"https:\/\/arantv.az\/index.php?rest_route=\/wp\/v2\/types\/post"}],"author":[{"embeddable":true,"href":"https:\/\/arantv.az\/index.php?rest_route=\/wp\/v2\/users\/2"}],"replies":[{"embeddable":true,"href":"https:\/\/arantv.az\/index.php?rest_route=%2Fwp%2Fv2%2Fcomments&post=192422"}],"version-history":[{"count":0,"href":"https:\/\/arantv.az\/index.php?rest_route=\/wp\/v2\/posts\/192422\/revisions"}],"wp:featuredmedia":[{"embeddable":true,"href":"https:\/\/arantv.az\/index.php?rest_route=\/wp\/v2\/media\/192423"}],"wp:attachment":[{"href":"https:\/\/arantv.az\/index.php?rest_route=%2Fwp%2Fv2%2Fmedia&parent=192422"}],"wp:term":[{"taxonomy":"category","embeddable":true,"href":"https:\/\/arantv.az\/index.php?rest_route=%2Fwp%2Fv2%2Fcategories&post=192422"},{"taxonomy":"post_tag","embeddable":true,"href":"https:\/\/arantv.az\/index.php?rest_route=%2Fwp%2Fv2%2Ftags&post=192422"}],"curies":[{"name":"wp","href":"https:\/\/api.w.org\/{rel}","templated":true}]}}