{"id":192446,"date":"2020-07-16T19:21:42","date_gmt":"2020-07-16T16:21:42","guid":{"rendered":"http:\/\/arantv.az\/?p=192446"},"modified":"2020-07-16T19:21:42","modified_gmt":"2020-07-16T16:21:42","slug":"ask-az%c9%99rbaycan-ictimaiyy%c9%99tin%c9%99-muraci%c9%99t-etdi","status":"publish","type":"post","link":"https:\/\/arantv.az\/?p=192446","title":{"rendered":"ASK Az\u0259rbaycan ictimaiyy\u0259tin\u0259 m\u00fcraci\u0259t etdi"},"content":{"rendered":"<p>M\u0259lum oldu\u011fu kimi, erm\u0259ni vandallar\u0131 n\u00f6vb\u0259ti t\u0259xribata \u0259l ataraq, i\u015f\u011fal\u00e7\u0131l\u0131q siyas\u0259ti yeritdikl\u0259rini bir daha s\u00fcbut etdil\u0259r. Bel\u0259 ki, iyulun 12-d\u0259 g\u00fcnorta saatlar\u0131ndan ba\u015flayaraq, Erm\u0259nistan silahl\u0131 q\u00fcvv\u0259l\u0259rinin b\u00f6lm\u0259l\u0259ri Az\u0259rbaycan-Erm\u0259nistan d\u00f6vl\u0259t s\u0259rh\u0259dinin Tovuz rayonu sah\u0259sind\u0259 at\u0259\u015fk\u0259s rejimini kobud \u015f\u0259kild\u0259 pozaraq, artilleriya qur\u011fular\u0131ndan istifad\u0259 etm\u0259kl\u0259 m\u00f6vqel\u0259rimizi at\u0259\u015f\u0259 tutdular, h\u00fccuma ke\u00e7m\u0259y\u0259 c\u0259hd g\u00f6st\u0259rdil\u0259r.<\/p>\n<p>D\u00fc\u015fm\u0259nin g\u00f6zl\u0259nilm\u0259z z\u0259rb\u0259si n\u0259tic\u0259sind\u0259 Az\u0259rbaycan ordusunun\u00a011 n\u0259f\u0259r h\u0259rbi qulluq\u00e7usu bu d\u00f6y\u00fc\u015fd\u0259 q\u0259hr\u0259mancas\u0131na \u015f\u0259hid oldu. Onlar\u0131n aras\u0131nda \u00f6z igidlikl\u0259ri v\u0259 t\u0259cr\u00fcb\u0259li d\u00f6y\u00fc\u015f tap\u015f\u0131r\u0131qlar\u0131 il\u0259 se\u00e7il\u0259n general-mayor Polad H\u0259\u015fimov, polkovnik \u0130lqar Mirz\u0259yevin d\u0259 olmas\u0131 b\u00fct\u00fcn \u00f6lk\u0259 ictimaiyy\u0259ti kimi, Az\u0259rbaycan sahibkarlar\u0131n\u0131 da d\u0259rind\u0259n sars\u0131td\u0131. Sahibkarlar ad\u0131ndan q\u0259hr\u0259man \u015f\u0259hidl\u0259rimiz\u0259 allahdan r\u0259hm\u0259t dil\u0259yir, onlar\u0131n yax\u0131nlar\u0131na d\u0259rin h\u00fcznl\u0259 ba\u015f sa\u011fl\u0131\u011f\u0131 veririk.<\/p>\n<p>\u018flb\u0259tt\u0259 ki, ordumuzun adekvat t\u0259dbirl\u0259ri n\u0259tic\u0259sind\u0259 d\u00fc\u015fm\u0259n\u0259 laz\u0131mi cavab verildi. Az\u0259rbaycan Ordusu d\u00fc\u015fm\u0259nin m\u0259nfur niyy\u0259tinin qar\u015f\u0131s\u0131n\u0131 q\u0259hr\u0259manl\u0131qla ald\u0131. \u018fks-h\u0259ml\u0259 v\u0259 z\u0259rb\u0259l\u0259rl\u0259 geri qa\u00e7ma\u011fa m\u0259cbur olan erm\u0259nil\u0259r xeyli canl\u0131 itki verdil\u0259r, h\u0259rbi texnika sar\u0131dan t\u0259l\u0259fata m\u0259ruz qald\u0131lar.<\/p>\n<div id=\"AdviadNativeVideo0\" class=\"AdviadNativeVideo\"><\/div>\n<p>Bu hadis\u0259, ilk n\u00f6vb\u0259d\u0259, m\u0259lum h\u0259qiq\u0259tl\u0259ri yenid\u0259n b\u00fct\u00fcn d\u00fcnyaya n\u00fcmayi\u015f etdirdi. Bel\u0259 ki, beyn\u0259lxalq ictimaiyy\u0259t Az\u0259rbaycan\u0131n ist\u0259nil\u0259n an Erm\u0259nistan\u0131 sars\u0131d\u0131c\u0131 m\u0259\u011flubiyy\u0259t\u0259 u\u011fratma\u011fa qadir oldu\u011funu bir daha g\u00f6rd\u00fc.<\/p>\n<p>Bununla ba\u011fl\u0131\u00a0iyulun 13-d\u0259 Az\u0259rbaycan Respublikas\u0131n\u0131n Prezidenti c\u0259nab \u0130lham \u018fliyevin s\u0259drliyi il\u0259 ke\u00e7irilmi\u015f T\u0259hl\u00fck\u0259sizlik \u015euras\u0131n\u0131n iclas\u0131nda d\u00f6vl\u0259timizin ba\u015f\u00e7\u0131s\u0131 \u00e7\u0131x\u0131\u015f ed\u0259r\u0259k bildirdi ki, \u201cBizim i\u015fimiz haqq i\u015fidir v\u0259 Az\u0259rbaycan \u00f6z prinsipial m\u00f6vqeyind\u0259n bir add\u0131m geri atmayacaq\u201d.<\/p>\n<p>T\u0259hl\u00fck\u0259sizlik \u015euras\u0131n\u0131n iclas\u0131nda qeyd olundu ki, Erm\u0259nistan\u0131n n\u00f6vb\u0259ti t\u0259xribat\u0131n\u0131n qar\u015f\u0131s\u0131 q\u0259tiyy\u0259tl\u0259 al\u0131nm\u0131\u015f, adekvat cavab verilib. Erm\u0259nistan t\u0259r\u0259finin b\u00fct\u00fcn c\u0259hdl\u0259ri iflasa u\u011frad\u0131, Az\u0259rbaycan \u00f6z d\u00f6vl\u0259t s\u0259rh\u0259dini qorudu v\u0259 Erm\u0259nistan \u0259sg\u0259rl\u0259ri bir santimetr bel\u0259 Az\u0259rbaycan torpa\u011f\u0131na ke\u00e7\u0259 bilm\u0259dil\u0259r.<\/p>\n<p>Bu \u00e7irkin \u0259m\u0259ll\u0259r\u0259 \u0259l atmaq onlar\u0131n t\u0259cav\u00fczkar siyas\u0259tinin t\u0259zah\u00fcr\u00fcd\u00fcr. Bu siyas\u0259ti m\u0259ntiql\u0259 izah etm\u0259k m\u00fcmk\u00fcn deyil. Az\u0259rbaycan he\u00e7 vaxt i\u015f\u011fal edilmi\u015f torpaqlar\u0131n\u0131n bu v\u0259ziyy\u0259td\u0259 qalmas\u0131 il\u0259 bar\u0131\u015fmayacaq, \u0259lind\u0259n g\u0259l\u0259ni ed\u0259c\u0259k ki, \u00f6z \u0259razi b\u00fct\u00f6vl\u00fcy\u00fcn\u00fc b\u0259rpa etsin.<\/p>\n<p>M\u0259lum oldu\u011fu kimi, Erm\u0259nistanda daxili v\u0259ziyy\u0259t art\u0131q b\u00f6hran h\u0259ddin\u0259 \u00e7at\u0131b.\u00a0Eyni zamanda, \u00f6lk\u0259mizin son vaxtlar \u0259ld\u0259 etdiyi beyn\u0259lxalq u\u011furlar onlar\u0131 \u00e7ox narahat edir v\u0259 onlarda pax\u0131ll\u0131q hissini daha da g\u00fccl\u0259ndirir. X\u00fcsusil\u0259, beyn\u0259lxalq t\u0259\u015fkilatlar \u00e7\u0259r\u00e7iv\u0259sind\u0259 u\u011furlu f\u0259aliyy\u0259timiz, son m\u00fcdd\u0259t \u0259rzind\u0259 b\u00fct\u00fcn apar\u0131c\u0131 beyn\u0259lxalq t\u0259\u015fkilatlar t\u0259r\u0259find\u0259n Erm\u0259nistan-Az\u0259rbaycan Da\u011fl\u0131q Qaraba\u011f m\u00fcnaqi\u015f\u0259si il\u0259 ba\u011fl\u0131 verilmi\u015f a\u00e7\u0131qlamalar, q\u0259bul edilmi\u015f q\u0259rarlar, \u00f6lk\u0259mizin \u0259razi b\u00fct\u00f6vl\u00fcy\u00fcn\u00fcn d\u0259st\u0259kl\u0259nm\u0259si, \u0259lb\u0259tt\u0259 ki, Erm\u0259nistan\u0131n m\u00fcnaqi\u015f\u0259 il\u0259 ba\u011fl\u0131 m\u00f6vqel\u0259rin\u0259 \u00e7ox ciddi z\u0259rb\u0259 vurmaqdad\u0131r.<\/p>\n<p>Bu t\u0259xribat\u0131n dig\u0259r s\u0259b\u0259bi odur ki, son vaxtlar Az\u0259rbaycan beyn\u0259lxalq arenada \u00e7ox b\u00f6y\u00fck u\u011furlara imza at\u0131b. Prezident c\u0259nab \u0130lham \u018fliyevin t\u0259\u015f\u0259bb\u00fcs\u00fc il\u0259 beyn\u0259lxalq t\u0259\u015fkilatlar\u0131n zirv\u0259 g\u00f6r\u00fc\u015fl\u0259ri, BMT Ba\u015f Assambleyas\u0131n\u0131n ke\u00e7irilm\u0259si t\u0259\u015f\u0259bb\u00fcs\u00fcn\u00fc 130-dan \u00e7ox \u00f6lk\u0259 d\u0259st\u0259kl\u0259yib, Erm\u0259nistan bu t\u0259\u015f\u0259bb\u00fcs\u00fcn \u0259leyhin\u0259 \u00e7\u0131xaraq, bir daha \u00f6z\u00fcn\u00fc r\u00fcsvay etdi.<\/p>\n<p>Bu g\u00fcn d\u00fcnyan\u0131n COVID-19 pandemiyas\u0131 il\u0259\u00a0m\u00fcbariz\u0259 apard\u0131\u011f\u0131 bir d\u00f6vrd\u0259 Erm\u0259nistan \u00f6z \u00e7irkin v\u0259 anla\u015f\u0131lmaz siyas\u0259ti il\u0259\u00a0d\u00fcnya \u00f6lk\u0259l\u0259rinin diqq\u0259tini c\u0259lb etm\u0259y\u0259 \u00e7al\u0131\u015f\u0131r.<\/p>\n<p>\u00d6lk\u0259 prezidenti c\u0259nab \u0130lham \u018fliyevin uzaqg\u00f6r\u0259n v\u0259 d\u00fc\u015f\u00fcn\u00fclm\u00fc\u015f siyas\u0259ti n\u0259tic\u0259sind\u0259 Az\u0259rbaycan d\u00fcnya \u00fc\u00e7\u00fcn maraql\u0131 v\u0259 \u0259m\u0259kda\u015fl\u0131\u011fa layiq \u00f6lk\u0259y\u0259 \u00e7evrilmi\u015f, d\u00fcnya d\u00f6vl\u0259tl\u0259rinin maraqlar\u0131 Az\u0259rbaycan\u0131n maraqlar\u0131 il\u0259 \u00fcst-\u00fcst\u0259 d\u00fc\u015f\u00fcr.<\/p>\n<p>M\u0259lum oldu\u011fu kimi, Az\u0259rbaycan-Erm\u0259nistan s\u0259rh\u0259dind\u0259 erm\u0259nil\u0259rin\u00a0t\u0259xribat\u0131 n\u0259tic\u0259sind\u0259 \u015f\u0259hid olan h\u0259rbi qulluq\u00e7ularla ba\u011fl\u0131 14 iyul 2020-ci il tarixd\u0259 \u00f6lk\u0259 \u0259razisind\u0259 Az\u0259rbaycan ordusuna d\u0259st\u0259k k\u00fctl\u0259vi t\u0259dbirl\u0259ri ke\u00e7irilib.<\/p>\n<p>Lakin b\u0259zi anti-Az\u0259rbaycan q\u00fcvv\u0259l\u0259ri bu v\u0259ziyy\u0259td\u0259n istifad\u0259 ed\u0259r\u0259k, bir s\u0131ra qanunsuz h\u0259r\u0259k\u0259tl\u0259r\u0259 yol verm\u0259y\u0259 \u00e7al\u0131\u015f\u0131blar. H\u00fcquq-m\u00fchafiz\u0259 orqanlar\u0131n\u0131n say\u0131ql\u0131\u011f\u0131 n\u0259tic\u0259sind\u0259 bu qanunsuz h\u0259r\u0259k\u0259tl\u0259rin qar\u015f\u0131s\u0131 q\u0259tiyy\u0259tl\u0259\u00a0al\u0131n\u0131b.<\/p>\n<p>Bu g\u00fcnl\u0259rd\u0259 Konfederasiyaya sahibkarlardan \u00e7oxlu sayda m\u00fcraci\u0259t daxil olub. B\u00fct\u00fcn sahibkarlar\u0131m\u0131z d\u00f6vl\u0259timizin, ordumuzun, q\u0259hr\u0259man \u0259sg\u0259rl\u0259rimizin yan\u0131nda olduqlar\u0131n\u0131 b\u0259yan etm\u0259kl\u0259, onlara d\u0259st\u0259k olmaq ist\u0259dikl\u0259rini qeyd edibl\u0259r.<\/p>\n<p>Az\u0259rbaycan sahibkarlar\u0131 d\u00f6vl\u0259t ba\u015f\u00e7\u0131s\u0131 c\u0259nab \u0130lham \u018fliyevin apard\u0131\u011f\u0131 siyas\u0259ti b\u0259y\u0259nir, onun r\u0259hb\u0259rliyi il\u0259 at\u0131lacaq h\u0259r add\u0131mlara d\u0259st\u0259k verm\u0259y\u0259 daim haz\u0131r olduqlar\u0131n\u0131 bildiribl\u0259r. Ordumuzun d\u00fc\u015fm\u0259n\u0259 layiqli cavab verdiyi bir vaxtda\u00a0x\u00fcsusil\u0259 diqq\u0259tli\u00a0olmal\u0131y\u0131q.<\/p>\n<p>Az\u0259rbaycan Sahibkarlar Konfederasiyas\u0131 b\u00fct\u00fcn Az\u0259rbaycan xalq\u0131na, o c\u00fcml\u0259d\u0259n sahibkarlara m\u00fcraci\u0259t ed\u0259r\u0259k, koronavirus pandemiyas\u0131n\u0131n do\u011furdu\u011fu ciddi t\u0259hl\u00fck\u0259ni bir an bel\u0259 unutmama\u011f\u0131, yoluxma riskini d\u0259f\u0259l\u0259rl\u0259 art\u0131ran topla\u015fmalardan \u00e7\u0259kinm\u0259yi, \u00f6z\u00fcn\u00fct\u0259crid qaydalar\u0131na riay\u0259t etm\u0259yi t\u00f6vsiy\u0259 edir.<\/p>\n<p>\u0130nan\u0131r\u0131q ki, siz\u00a0bu m\u00fcraci\u0259ti anlay\u0131\u015fla qar\u015f\u0131layaraq, x\u00fcsusi karantin rejiminin t\u0259l\u0259bl\u0259rin\u0259 \u0259m\u0259l ed\u0259c\u0259k, \u00f6z\u00fcn\u00fcz\u00fcn v\u0259 yax\u0131nlar\u0131n\u0131z\u0131n sa\u011flaml\u0131\u011f\u0131n\u0131n qay\u011f\u0131s\u0131na qalacaqs\u0131n\u0131z.<\/p>\n<p>Biz is\u0259 Az\u0259rbaycan Sahibkarlar Konfederasiyas\u0131 olaraq, koronavirus pandemiyas\u0131na qar\u015f\u0131 \u00e7\u0259tin m\u00fcbariz\u0259 g\u00fcnl\u0259rin\u0259 v\u0259 erm\u0259ni t\u0259xribat\u0131na baxmayaraq, h\u0259mr\u0259ylik n\u00fcmayi\u015f etdir\u0259r\u0259k, \u00f6lk\u0259 Prezidenti c\u0259nab \u0130lham \u018fliyevin r\u0259hb\u0259rliyi alt\u0131nda yeni-yeni iqtisadi u\u011furlara nail olaca\u011f\u0131m\u0131za inan\u0131r v\u0259\u00a0\u0259min edirik ki, d\u00f6vl\u0259timizin daha da g\u00fccl\u0259nm\u0259si, r\u0259qab\u0259t\u0259davaml\u0131 istehsal\u0131n geni\u015fl\u0259ndirilm\u0259si v\u0259 d\u00fcnya miqyas\u0131nda n\u00fcfuzunun daha da artmas\u0131 \u00fc\u00e7\u00fcn b\u00fct\u00fcn g\u00fcc\u00fcm\u00fcz\u00fc s\u0259f\u0259rb\u0259r ed\u0259c\u0259k, \u0259lveri\u015fli biznes m\u00fchitind\u0259n yararlanmaqla \u00f6lk\u0259mizin daha da \u00e7i\u00e7\u0259kl\u0259nm\u0259si, \u0259halinin rifah hal\u0131n\u0131n yax\u015f\u0131la\u015fd\u0131r\u0131lmas\u0131 \u00fc\u00e7\u00fcn var g\u00fcc\u00fcm\u00fczl\u0259 \u00e7al\u0131\u015faca\u011f\u0131q.<\/p>\n<p><strong>M\u0259mm\u0259d Musayev,<\/strong><\/p>\n<p><strong>Az\u0259rbaycan\u00a0 Respublikas\u0131 Sahibkarlar (i\u015f\u0259g\u00f6t\u00fcr\u0259nl\u0259r) T\u0259\u015fkilatlar\u0131 Milli Konfederasiyas\u0131n\u0131n Prezidenti<\/strong><\/p>\n","protected":false},"excerpt":{"rendered":"<p>M\u0259lum oldu\u011fu kimi, erm\u0259ni vandallar\u0131 n\u00f6vb\u0259ti t\u0259xribata \u0259l ataraq, i\u015f\u011fal\u00e7\u0131l\u0131q siyas\u0259ti yeritdikl\u0259rini bir daha s\u00fcbut etdil\u0259r. Bel\u0259 ki, iyulun 12-d\u0259 g\u00fcnorta saatlar\u0131ndan ba\u015flayaraq, Erm\u0259nistan silahl\u0131 q\u00fcvv\u0259l\u0259rinin b\u00f6lm\u0259l\u0259ri Az\u0259rbaycan-Erm\u0259nistan d\u00f6vl\u0259t s\u0259rh\u0259dinin Tovuz rayonu sah\u0259sind\u0259 at\u0259\u015fk\u0259s rejimini kobud \u015f\u0259kild\u0259 pozaraq, artilleriya qur\u011fular\u0131ndan istifad\u0259 etm\u0259kl\u0259 m\u00f6vqel\u0259rimizi at\u0259\u015f\u0259 tutdular, h\u00fccuma ke\u00e7m\u0259y\u0259 c\u0259hd g\u00f6st\u0259rdil\u0259r. D\u00fc\u015fm\u0259nin g\u00f6zl\u0259nilm\u0259z z\u0259rb\u0259si n\u0259tic\u0259sind\u0259 Az\u0259rbaycan ordusunun\u00a011 n\u0259f\u0259r h\u0259rbi qulluq\u00e7usu bu d\u00f6y\u00fc\u015fd\u0259 q\u0259hr\u0259mancas\u0131na \u015f\u0259hid oldu. Onlar\u0131n aras\u0131nda \u00f6z igidlikl\u0259ri v\u0259 t\u0259cr\u00fcb\u0259li d\u00f6y\u00fc\u015f tap\u015f\u0131r\u0131qlar\u0131 il\u0259 se\u00e7il\u0259n general-mayor Polad H\u0259\u015fimov, polkovnik \u0130lqar Mirz\u0259yevin d\u0259 olmas\u0131 b\u00fct\u00fcn \u00f6lk\u0259 ictimaiyy\u0259ti kimi, Az\u0259rbaycan sahibkarlar\u0131n\u0131 da d\u0259rind\u0259n sars\u0131td\u0131.&hellip;<\/p>\n","protected":false},"author":2,"featured_media":192447,"comment_status":"closed","ping_status":"closed","sticky":false,"template":"","format":"standard","meta":{"om_disable_all_campaigns":false,"_monsterinsights_skip_tracking":false,"_monsterinsights_sitenote_active":false,"_monsterinsights_sitenote_note":"","_monsterinsights_sitenote_category":0},"categories":[26],"tags":[],"aioseo_notices":[],"gutentor_comment":0,"rttpg_featured_image_url":{"full":["https:\/\/arantv.az\/wp-content\/uploads\/2020\/07\/ask.jpg",600,400,false],"landscape":["https:\/\/arantv.az\/wp-content\/uploads\/2020\/07\/ask.jpg",600,400,false],"portraits":["https:\/\/arantv.az\/wp-content\/uploads\/2020\/07\/ask.jpg",600,400,false],"thumbnail":["https:\/\/arantv.az\/wp-content\/uploads\/2020\/07\/ask-150x150.jpg",150,150,true],"medium":["https:\/\/arantv.az\/wp-content\/uploads\/2020\/07\/ask-300x200.jpg",300,200,true],"large":["https:\/\/arantv.az\/wp-content\/uploads\/2020\/07\/ask.jpg",600,400,false],"1536x1536":["https:\/\/arantv.az\/wp-content\/uploads\/2020\/07\/ask.jpg",600,400,false],"2048x2048":["https:\/\/arantv.az\/wp-content\/uploads\/2020\/07\/ask.jpg",600,400,false],"post-thumbnail":["https:\/\/arantv.az\/wp-content\/uploads\/2020\/07\/ask-240x172.jpg",240,172,true],"advps-thumb-one":["https:\/\/arantv.az\/wp-content\/uploads\/2020\/07\/ask.jpg",600,400,false]},"rttpg_author":{"display_name":"V\u00fcsal Rafiqo\u011flu","author_link":"https:\/\/arantv.az\/?author=2"},"rttpg_comment":0,"rttpg_category":"<a href=\"https:\/\/arantv.az\/?cat=26\" rel=\"category\">Sosial<\/a>","rttpg_excerpt":"M\u0259lum oldu\u011fu kimi, erm\u0259ni vandallar\u0131 n\u00f6vb\u0259ti t\u0259xribata \u0259l ataraq, i\u015f\u011fal\u00e7\u0131l\u0131q siyas\u0259ti yeritdikl\u0259rini bir daha s\u00fcbut etdil\u0259r. Bel\u0259 ki, iyulun 12-d\u0259 g\u00fcnorta saatlar\u0131ndan ba\u015flayaraq, Erm\u0259nistan silahl\u0131 q\u00fcvv\u0259l\u0259rinin b\u00f6lm\u0259l\u0259ri Az\u0259rbaycan-Erm\u0259nistan d\u00f6vl\u0259t s\u0259rh\u0259dinin Tovuz rayonu sah\u0259sind\u0259 at\u0259\u015fk\u0259s rejimini kobud \u015f\u0259kild\u0259 pozaraq, artilleriya qur\u011fular\u0131ndan istifad\u0259 etm\u0259kl\u0259 m\u00f6vqel\u0259rimizi at\u0259\u015f\u0259 tutdular, h\u00fccuma ke\u00e7m\u0259y\u0259 c\u0259hd g\u00f6st\u0259rdil\u0259r. D\u00fc\u015fm\u0259nin g\u00f6zl\u0259nilm\u0259z z\u0259rb\u0259si n\u0259tic\u0259sind\u0259 Az\u0259rbaycan ordusunun\u00a011&hellip;","_links":{"self":[{"href":"https:\/\/arantv.az\/index.php?rest_route=\/wp\/v2\/posts\/192446"}],"collection":[{"href":"https:\/\/arantv.az\/index.php?rest_route=\/wp\/v2\/posts"}],"about":[{"href":"https:\/\/arantv.az\/index.php?rest_route=\/wp\/v2\/types\/post"}],"author":[{"embeddable":true,"href":"https:\/\/arantv.az\/index.php?rest_route=\/wp\/v2\/users\/2"}],"replies":[{"embeddable":true,"href":"https:\/\/arantv.az\/index.php?rest_route=%2Fwp%2Fv2%2Fcomments&post=192446"}],"version-history":[{"count":0,"href":"https:\/\/arantv.az\/index.php?rest_route=\/wp\/v2\/posts\/192446\/revisions"}],"wp:featuredmedia":[{"embeddable":true,"href":"https:\/\/arantv.az\/index.php?rest_route=\/wp\/v2\/media\/192447"}],"wp:attachment":[{"href":"https:\/\/arantv.az\/index.php?rest_route=%2Fwp%2Fv2%2Fmedia&parent=192446"}],"wp:term":[{"taxonomy":"category","embeddable":true,"href":"https:\/\/arantv.az\/index.php?rest_route=%2Fwp%2Fv2%2Fcategories&post=192446"},{"taxonomy":"post_tag","embeddable":true,"href":"https:\/\/arantv.az\/index.php?rest_route=%2Fwp%2Fv2%2Ftags&post=192446"}],"curies":[{"name":"wp","href":"https:\/\/api.w.org\/{rel}","templated":true}]}}