{"id":192450,"date":"2020-07-17T08:25:57","date_gmt":"2020-07-17T05:25:57","guid":{"rendered":"http:\/\/arantv.az\/?p=192450"},"modified":"2020-07-17T08:25:57","modified_gmt":"2020-07-17T05:25:57","slug":"s%c9%99rt-karantin-rejimi-daha-iki-h%c9%99ft%c9%99-uzadila-bil%c9%99r-r%c9%99smi-video","status":"publish","type":"post","link":"https:\/\/arantv.az\/?p=192450","title":{"rendered":"S\u0259rt karantin rejimi daha iki h\u0259ft\u0259 uzad\u0131la bil\u0259r &#8211; R\u018fSM\u0130 + V\u0130DEO"},"content":{"rendered":"<p>Az\u0259rbaycanda s\u0259rt karantin rejiminin daha iki h\u0259ft\u0259 uzad\u0131lmas\u0131 n\u0259z\u0259rd\u0259 tutulur.<\/p>\n<p>Bu s\u00f6zl\u0259ri AzTV-d\u0259 yay\u0131mlanan \u201cH\u0259d\u0259f\u201d verili\u015fd\u0259 qonaq olan Az\u0259rbaycan Respublikas\u0131 Prezidentinin k\u00f6m\u0259k\u00e7isi, Prezident Administrasiyas\u0131n\u0131n iqtisadi m\u0259s\u0259l\u0259l\u0259r v\u0259 innovativ inki\u015faf siyas\u0259ti \u015f\u00f6b\u0259sinin m\u00fcdiri \u015eahmar M\u00f6vs\u00fcmov deyib.<\/p>\n<article class=\"news\">\n<div class=\"news-inner\">\n<p>\u015eahmar M\u00f6vs\u00fcmov bildirib ki, karantinin uzad\u0131lmas\u0131na m\u0259cburuq.<\/p>\n<p>O \u0259lav\u0259 edib ki, he\u00e7 k\u0259s haz\u0131rda pandemiya \u015f\u0259raitind\u0259 oldu\u011fumuzu v\u0259 karantin rejiminin davam etdiyini unutmamal\u0131d\u0131r.<\/p>\n<p>\u015e.M\u00f6vs\u00fcmov qeyd edib ki, Az\u0259rbaycan s\u0259hiyy\u0259 sistemi pandemiya \u015f\u0259raitin\u0259 uy\u011funla\u015fd\u0131r\u0131l\u0131b.<\/p>\n<div><iframe loading=\"lazy\" src=\"https:\/\/player.baku.tv\/embed\/21958\" width=\"560\" height=\"315\" frameborder=\"0\" allowfullscreen=\"allowfullscreen\" data-mce-fragment=\"1\"><\/iframe><\/div>\n<\/div>\n<\/article>\n<h2 class=\"news-share-title\"><\/h2>\n","protected":false},"excerpt":{"rendered":"<p>Az\u0259rbaycanda s\u0259rt karantin rejiminin daha iki h\u0259ft\u0259 uzad\u0131lmas\u0131 n\u0259z\u0259rd\u0259 tutulur. Bu s\u00f6zl\u0259ri AzTV-d\u0259 yay\u0131mlanan \u201cH\u0259d\u0259f\u201d verili\u015fd\u0259 qonaq olan Az\u0259rbaycan Respublikas\u0131 Prezidentinin k\u00f6m\u0259k\u00e7isi, Prezident Administrasiyas\u0131n\u0131n iqtisadi m\u0259s\u0259l\u0259l\u0259r v\u0259 innovativ inki\u015faf siyas\u0259ti \u015f\u00f6b\u0259sinin m\u00fcdiri \u015eahmar M\u00f6vs\u00fcmov deyib. \u015eahmar M\u00f6vs\u00fcmov bildirib ki, karantinin uzad\u0131lmas\u0131na m\u0259cburuq. O \u0259lav\u0259 edib ki, he\u00e7 k\u0259s haz\u0131rda pandemiya \u015f\u0259raitind\u0259 oldu\u011fumuzu v\u0259 karantin rejiminin davam etdiyini unutmamal\u0131d\u0131r. \u015e.M\u00f6vs\u00fcmov qeyd edib ki, Az\u0259rbaycan s\u0259hiyy\u0259 sistemi pandemiya \u015f\u0259raitin\u0259 uy\u011funla\u015fd\u0131r\u0131l\u0131b.<\/p>\n","protected":false},"author":2,"featured_media":192451,"comment_status":"closed","ping_status":"closed","sticky":false,"template":"","format":"standard","meta":{"om_disable_all_campaigns":false,"_monsterinsights_skip_tracking":false,"_monsterinsights_sitenote_active":false,"_monsterinsights_sitenote_note":"","_monsterinsights_sitenote_category":0},"categories":[19],"tags":[],"aioseo_notices":[],"gutentor_comment":0,"rttpg_featured_image_url":{"full":["https:\/\/arantv.az\/wp-content\/uploads\/2020\/07\/3-1-2.jpg",590,393,false],"landscape":["https:\/\/arantv.az\/wp-content\/uploads\/2020\/07\/3-1-2.jpg",590,393,false],"portraits":["https:\/\/arantv.az\/wp-content\/uploads\/2020\/07\/3-1-2.jpg",590,393,false],"thumbnail":["https:\/\/arantv.az\/wp-content\/uploads\/2020\/07\/3-1-2-150x150.jpg",150,150,true],"medium":["https:\/\/arantv.az\/wp-content\/uploads\/2020\/07\/3-1-2-300x200.jpg",300,200,true],"large":["https:\/\/arantv.az\/wp-content\/uploads\/2020\/07\/3-1-2.jpg",590,393,false],"1536x1536":["https:\/\/arantv.az\/wp-content\/uploads\/2020\/07\/3-1-2.jpg",590,393,false],"2048x2048":["https:\/\/arantv.az\/wp-content\/uploads\/2020\/07\/3-1-2.jpg",590,393,false],"post-thumbnail":["https:\/\/arantv.az\/wp-content\/uploads\/2020\/07\/3-1-2-240x172.jpg",240,172,true],"advps-thumb-one":["https:\/\/arantv.az\/wp-content\/uploads\/2020\/07\/3-1-2.jpg",590,393,false]},"rttpg_author":{"display_name":"V\u00fcsal Rafiqo\u011flu","author_link":"https:\/\/arantv.az\/?author=2"},"rttpg_comment":0,"rttpg_category":"<a href=\"https:\/\/arantv.az\/?cat=19\" rel=\"category\">G\u00fcnd\u0259m<\/a>","rttpg_excerpt":"Az\u0259rbaycanda s\u0259rt karantin rejiminin daha iki h\u0259ft\u0259 uzad\u0131lmas\u0131 n\u0259z\u0259rd\u0259 tutulur. Bu s\u00f6zl\u0259ri AzTV-d\u0259 yay\u0131mlanan \u201cH\u0259d\u0259f\u201d verili\u015fd\u0259 qonaq olan Az\u0259rbaycan Respublikas\u0131 Prezidentinin k\u00f6m\u0259k\u00e7isi, Prezident Administrasiyas\u0131n\u0131n iqtisadi m\u0259s\u0259l\u0259l\u0259r v\u0259 innovativ inki\u015faf siyas\u0259ti \u015f\u00f6b\u0259sinin m\u00fcdiri \u015eahmar M\u00f6vs\u00fcmov deyib. \u015eahmar M\u00f6vs\u00fcmov bildirib ki, karantinin uzad\u0131lmas\u0131na m\u0259cburuq. O \u0259lav\u0259 edib ki, he\u00e7 k\u0259s haz\u0131rda pandemiya \u015f\u0259raitind\u0259 oldu\u011fumuzu v\u0259 karantin rejiminin&hellip;","_links":{"self":[{"href":"https:\/\/arantv.az\/index.php?rest_route=\/wp\/v2\/posts\/192450"}],"collection":[{"href":"https:\/\/arantv.az\/index.php?rest_route=\/wp\/v2\/posts"}],"about":[{"href":"https:\/\/arantv.az\/index.php?rest_route=\/wp\/v2\/types\/post"}],"author":[{"embeddable":true,"href":"https:\/\/arantv.az\/index.php?rest_route=\/wp\/v2\/users\/2"}],"replies":[{"embeddable":true,"href":"https:\/\/arantv.az\/index.php?rest_route=%2Fwp%2Fv2%2Fcomments&post=192450"}],"version-history":[{"count":0,"href":"https:\/\/arantv.az\/index.php?rest_route=\/wp\/v2\/posts\/192450\/revisions"}],"wp:featuredmedia":[{"embeddable":true,"href":"https:\/\/arantv.az\/index.php?rest_route=\/wp\/v2\/media\/192451"}],"wp:attachment":[{"href":"https:\/\/arantv.az\/index.php?rest_route=%2Fwp%2Fv2%2Fmedia&parent=192450"}],"wp:term":[{"taxonomy":"category","embeddable":true,"href":"https:\/\/arantv.az\/index.php?rest_route=%2Fwp%2Fv2%2Fcategories&post=192450"},{"taxonomy":"post_tag","embeddable":true,"href":"https:\/\/arantv.az\/index.php?rest_route=%2Fwp%2Fv2%2Ftags&post=192450"}],"curies":[{"name":"wp","href":"https:\/\/api.w.org\/{rel}","templated":true}]}}