{"id":19246,"date":"2018-10-16T10:51:37","date_gmt":"2018-10-16T07:51:37","guid":{"rendered":"http:\/\/arantv.az\/?p=19246"},"modified":"2018-10-16T10:51:37","modified_gmt":"2018-10-16T07:51:37","slug":"luksemburqda-s%c9%99rq-t%c9%99r%c9%99fdasligi-olk%c9%99l%c9%99rinin-xarici-isl%c9%99r-nazirl%c9%99rinin-gorusu-kecirilib","status":"publish","type":"post","link":"https:\/\/arantv.az\/?p=19246","title":{"rendered":"L\u00fcksemburqda \u015e\u0259rq T\u0259r\u0259fda\u015fl\u0131\u011f\u0131 \u00f6lk\u0259l\u0259rinin xarici i\u015fl\u0259r nazirl\u0259rinin g\u00f6r\u00fc\u015f\u00fc ke\u00e7irilib"},"content":{"rendered":"<p><strong>ARANTV.AZ<\/strong> x\u0259b\u0259r verir ki, Az\u0259rbaycan\u0131n da t\u0259msil olundu\u011fu toplant\u0131da Avropa \u0130ttifaq\u0131 il\u0259 \u00f6lk\u0259miz aras\u0131nda \u0259m\u0259kda\u015fl\u0131qdan dan\u0131\u015f\u0131l\u0131b. Bildirilib ki, 2020-ci il\u0259 q\u0259d\u0259r 20 g\u00f6zl\u0259nil\u0259n n\u0259tic\u0259nin m\u0259qs\u0259dl\u0259rin\u0259 nail olmaq \u00fc\u00e7\u00fcn bir s\u0131ra ir\u0259lil\u0259yi\u015fl\u0259r \u0259ld\u0259 olunub. Bu m\u0259qs\u0259dl\u0259rin b\u0259zil\u0259ri m\u00fch\u00fcm sektorlar \u00fczr\u0259 Az\u0259rbaycan\u0131n Strateji Yol x\u0259rit\u0259l\u0259ri il\u0259 eynilik t\u0259\u015fkil edir. Az\u0259rbaycanda dayanaql\u0131 iqtisadi inki\u015faf v\u0259 sosial-iqtisadi art\u0131m\u0131n t\u0259min edilm\u0259si m\u0259qs\u0259dil\u0259 institusional v\u0259 struktur islahatlar\u0131 davam etdirilir. G\u00f6r\u00fc\u015fd\u0259 C\u0259nub Qaz D\u0259hlizinin dig\u0259r vacib seqmenti olan TANAP-\u0131n t\u0259m\u0259lqoyma m\u0259rasimind\u0259n d\u0259 s\u00f6z a\u00e7\u0131l\u0131b. Bildirilib ki, Trans-Adriatik boru k\u0259m\u0259rinin tikintisi son m\u0259rh\u0259l\u0259d\u0259dir.\u00a0 Diqq\u0259t\u0259 \u00e7atd\u0131r\u0131l\u0131b ki, n\u0259qliyyat sah\u0259sind\u0259 Trans-Avropa N\u0259qliyyat \u015e\u0259b\u0259k\u0259sinin g\u00f6st\u0259rici x\u0259rit\u0259l\u0259rinin son geni\u015fl\u0259nm\u0259si bu g\u00fcn n\u0259qliyyat v\u0259 ticar\u0259t dialoqunun inki\u015faf etdirilm\u0259si m\u0259qs\u0259dil\u0259 m\u00f6hk\u0259m platforma yarada bil\u0259r. Az\u0259rbaycan bu g\u00fcn regionda, o c\u00fcml\u0259d\u0259n A\u0130-nin qon\u015fulu\u011funda yerl\u0259\u015f\u0259n bir s\u0131ra \u0259sas n\u0259qliyyat layih\u0259l\u0259rinin memar\u0131d\u0131r. \u00d6lk\u0259miz t\u0259r\u0259fda\u015flar\u0131 il\u0259 birlikd\u0259 \u015e\u0259rq-Q\u0259rb, \u015eimal-C\u0259nub v\u0259 C\u0259nub-Q\u0259rb d\u0259hlizl\u0259rini t\u0259\u015fviq edir. T\u0259dbird\u0259 Erm\u0259nistan-Az\u0259rbaycan Da\u011fl\u0131q Qaraba\u011f m\u00fcnaqi\u015f\u0259sinin h\u0259llinin b\u00f6lg\u0259nin dayan\u0131ql\u0131 inki\u015faf\u0131 \u00fc\u00e7\u00fcn \u0259n vacib m\u0259s\u0259l\u0259l\u0259rd\u0259n biri oldu\u011funu vur\u011fulan\u0131b.<\/p>\n","protected":false},"excerpt":{"rendered":"<p>ARANTV.AZ x\u0259b\u0259r verir ki, Az\u0259rbaycan\u0131n da t\u0259msil olundu\u011fu toplant\u0131da Avropa \u0130ttifaq\u0131 il\u0259 \u00f6lk\u0259miz aras\u0131nda \u0259m\u0259kda\u015fl\u0131qdan dan\u0131\u015f\u0131l\u0131b. Bildirilib ki, 2020-ci il\u0259 q\u0259d\u0259r 20 g\u00f6zl\u0259nil\u0259n n\u0259tic\u0259nin m\u0259qs\u0259dl\u0259rin\u0259 nail olmaq \u00fc\u00e7\u00fcn bir s\u0131ra ir\u0259lil\u0259yi\u015fl\u0259r \u0259ld\u0259 olunub. Bu m\u0259qs\u0259dl\u0259rin b\u0259zil\u0259ri m\u00fch\u00fcm sektorlar \u00fczr\u0259 Az\u0259rbaycan\u0131n Strateji Yol x\u0259rit\u0259l\u0259ri il\u0259 eynilik t\u0259\u015fkil edir. Az\u0259rbaycanda dayanaql\u0131 iqtisadi inki\u015faf v\u0259 sosial-iqtisadi art\u0131m\u0131n t\u0259min edilm\u0259si m\u0259qs\u0259dil\u0259 institusional v\u0259 struktur islahatlar\u0131 davam etdirilir. G\u00f6r\u00fc\u015fd\u0259 C\u0259nub Qaz D\u0259hlizinin dig\u0259r vacib seqmenti olan TANAP-\u0131n t\u0259m\u0259lqoyma m\u0259rasimind\u0259n d\u0259 s\u00f6z a\u00e7\u0131l\u0131b. Bildirilib ki, Trans-Adriatik boru k\u0259m\u0259rinin tikintisi son m\u0259rh\u0259l\u0259d\u0259dir.\u00a0 Diqq\u0259t\u0259 \u00e7atd\u0131r\u0131l\u0131b ki, n\u0259qliyyat sah\u0259sind\u0259&hellip;<\/p>\n","protected":false},"author":2,"featured_media":19247,"comment_status":"closed","ping_status":"closed","sticky":false,"template":"","format":"standard","meta":{"om_disable_all_campaigns":false,"_monsterinsights_skip_tracking":false,"_monsterinsights_sitenote_active":false,"_monsterinsights_sitenote_note":"","_monsterinsights_sitenote_category":0},"categories":[4],"tags":[],"aioseo_notices":[],"gutentor_comment":0,"rttpg_featured_image_url":{"full":["https:\/\/arantv.az\/wp-content\/uploads\/2018\/10\/dagnqull1lvuujjr0vvhrldj36elm.jpg",567,319,false],"landscape":["https:\/\/arantv.az\/wp-content\/uploads\/2018\/10\/dagnqull1lvuujjr0vvhrldj36elm.jpg",567,319,false],"portraits":["https:\/\/arantv.az\/wp-content\/uploads\/2018\/10\/dagnqull1lvuujjr0vvhrldj36elm.jpg",567,319,false],"thumbnail":["https:\/\/arantv.az\/wp-content\/uploads\/2018\/10\/dagnqull1lvuujjr0vvhrldj36elm-150x150.jpg",150,150,true],"medium":["https:\/\/arantv.az\/wp-content\/uploads\/2018\/10\/dagnqull1lvuujjr0vvhrldj36elm-300x169.jpg",300,169,true],"large":["https:\/\/arantv.az\/wp-content\/uploads\/2018\/10\/dagnqull1lvuujjr0vvhrldj36elm.jpg",567,319,false],"1536x1536":["https:\/\/arantv.az\/wp-content\/uploads\/2018\/10\/dagnqull1lvuujjr0vvhrldj36elm.jpg",567,319,false],"2048x2048":["https:\/\/arantv.az\/wp-content\/uploads\/2018\/10\/dagnqull1lvuujjr0vvhrldj36elm.jpg",567,319,false],"post-thumbnail":["https:\/\/arantv.az\/wp-content\/uploads\/2018\/10\/dagnqull1lvuujjr0vvhrldj36elm-240x172.jpg",240,172,true],"advps-thumb-one":["https:\/\/arantv.az\/wp-content\/uploads\/2018\/10\/dagnqull1lvuujjr0vvhrldj36elm.jpg",567,319,false]},"rttpg_author":{"display_name":"V\u00fcsal Rafiqo\u011flu","author_link":"https:\/\/arantv.az\/?author=2"},"rttpg_comment":0,"rttpg_category":"<a href=\"https:\/\/arantv.az\/?cat=4\" rel=\"category\">Siyas\u0259t<\/a>","rttpg_excerpt":"ARANTV.AZ x\u0259b\u0259r verir ki, Az\u0259rbaycan\u0131n da t\u0259msil olundu\u011fu toplant\u0131da Avropa \u0130ttifaq\u0131 il\u0259 \u00f6lk\u0259miz aras\u0131nda \u0259m\u0259kda\u015fl\u0131qdan dan\u0131\u015f\u0131l\u0131b. Bildirilib ki, 2020-ci il\u0259 q\u0259d\u0259r 20 g\u00f6zl\u0259nil\u0259n n\u0259tic\u0259nin m\u0259qs\u0259dl\u0259rin\u0259 nail olmaq \u00fc\u00e7\u00fcn bir s\u0131ra ir\u0259lil\u0259yi\u015fl\u0259r \u0259ld\u0259 olunub. Bu m\u0259qs\u0259dl\u0259rin b\u0259zil\u0259ri m\u00fch\u00fcm sektorlar \u00fczr\u0259 Az\u0259rbaycan\u0131n Strateji Yol x\u0259rit\u0259l\u0259ri il\u0259 eynilik t\u0259\u015fkil edir. Az\u0259rbaycanda dayanaql\u0131 iqtisadi inki\u015faf v\u0259 sosial-iqtisadi art\u0131m\u0131n t\u0259min&hellip;","_links":{"self":[{"href":"https:\/\/arantv.az\/index.php?rest_route=\/wp\/v2\/posts\/19246"}],"collection":[{"href":"https:\/\/arantv.az\/index.php?rest_route=\/wp\/v2\/posts"}],"about":[{"href":"https:\/\/arantv.az\/index.php?rest_route=\/wp\/v2\/types\/post"}],"author":[{"embeddable":true,"href":"https:\/\/arantv.az\/index.php?rest_route=\/wp\/v2\/users\/2"}],"replies":[{"embeddable":true,"href":"https:\/\/arantv.az\/index.php?rest_route=%2Fwp%2Fv2%2Fcomments&post=19246"}],"version-history":[{"count":0,"href":"https:\/\/arantv.az\/index.php?rest_route=\/wp\/v2\/posts\/19246\/revisions"}],"wp:featuredmedia":[{"embeddable":true,"href":"https:\/\/arantv.az\/index.php?rest_route=\/wp\/v2\/media\/19247"}],"wp:attachment":[{"href":"https:\/\/arantv.az\/index.php?rest_route=%2Fwp%2Fv2%2Fmedia&parent=19246"}],"wp:term":[{"taxonomy":"category","embeddable":true,"href":"https:\/\/arantv.az\/index.php?rest_route=%2Fwp%2Fv2%2Fcategories&post=19246"},{"taxonomy":"post_tag","embeddable":true,"href":"https:\/\/arantv.az\/index.php?rest_route=%2Fwp%2Fv2%2Ftags&post=19246"}],"curies":[{"name":"wp","href":"https:\/\/api.w.org\/{rel}","templated":true}]}}