{"id":192466,"date":"2020-07-17T08:33:03","date_gmt":"2020-07-17T05:33:03","guid":{"rendered":"http:\/\/arantv.az\/?p=192466"},"modified":"2020-07-17T08:33:03","modified_gmt":"2020-07-17T05:33:03","slug":"az%c9%99rbaycanda-yasayis-m%c9%99nt%c9%99q%c9%99l%c9%99ri-sel-sularina-q%c9%99rq-oldu-video","status":"publish","type":"post","link":"https:\/\/arantv.az\/?p=192466","title":{"rendered":"Az\u0259rbaycanda ya\u015fay\u0131\u015f m\u0259nt\u0259q\u0259l\u0259ri sel sular\u0131na q\u0259rq oldu &#8211; V\u0130DEO"},"content":{"rendered":"<p>Qubada leysan ya\u011f\u0131\u015flar\u0131 n\u0259tic\u0259sind\u0259 da\u011f \u00e7aylar\u0131nda \u0259m\u0259l\u0259 g\u0259l\u0259n da\u015fq\u0131nlar yol infrastrukturuna v\u0259 \u015f\u0259xsi t\u0259s\u00fc\u0259rr\u00fcfatlara ciddi ziyan vurub.<\/p>\n<p>Sel, \u0259sas\u0259n, Qudyal\u00e7ay, Qara\u00e7ay, A\u011f\u00e7ay, Ca\u011fac\u0131q \u00e7aylar\u0131n\u0131n ke\u00e7diyi \u0259razil\u0259rd\u0259 daha \u00e7ox da\u011f\u0131nt\u0131lar\u0131na s\u0259b\u0259b olub.<\/p>\n<p>Qara\u00e7ay Quban\u0131n Birinci v\u0259 \u0130kinci N\u00fcg\u0259di k\u0259ndl\u0259rini birl\u0259\u015fdir\u0259n k\u00f6rp\u00fc \u00fc\u00e7\u00fcn t\u0259hl\u00fck\u0259 yarad\u0131b. K\u0259nd sakinl\u0259rin\u0259 m\u0259xsus bir ne\u00e7\u0259 iribuynuzlu heyvan\u0131 da apar\u0131b.<\/p>\n<article class=\"news\">\n<div class=\"news-inner\">\n<p>Rayonun Xan\u0259gah k\u0259ndin\u0259 g\u0259l\u0259n sel is\u0259 daha \u00e7ox ya\u015fay\u0131\u015f m\u0259nt\u0259q\u0259sin\u0259 z\u0259r\u0259r vurub. Selin g\u0259tirdiyi a\u011fac par\u00e7alar\u0131 k\u00f6rp\u00fcn\u00fcn qar\u015f\u0131s\u0131n\u0131 k\u0259sib. N\u0259tic\u0259d\u0259, sel k\u0259ndin i\u00e7in\u0259 do\u011fru axma\u011fa ba\u015flay\u0131b, k\u0259ndin yolunu da\u011f\u0131d\u0131b, ba\u011f v\u0259 bostanlara ciddi ziyan vurub. Xan\u0259gah k\u0259ndind\u0259 d\u0259 sakinl\u0259rin iri v\u0259 x\u0131rdabuynuzlu heyvanlar\u0131 selin qurban\u0131na \u00e7evrilib.<\/p>\n<p>Bundan ba\u015fqa, Yerfi, Qayadal\u0131, Budu\u011f, S\u00f6h\u00fcb, Qalaxudat v\u0259 \u00e7aylar\u0131n \u0259razisin\u0259 aid olan\u00a0dig\u0259r ya\u015fay\u0131\u015f m\u0259nt\u0259q\u0259l\u0259ri z\u0259r\u0259r g\u00f6r\u00fcb.<\/p>\n<p>Haz\u0131rda sakinl\u0259r\u0259 d\u0259y\u0259n z\u0259r\u0259r ara\u015fd\u0131r\u0131l\u0131r v\u0259 selin t\u00f6r\u0259tdiyi f\u0259sadlar\u0131n aradan qald\u0131r\u0131lmas\u0131 istiqam\u0259tind\u0259 i\u015fl\u0259r g\u00f6r\u00fcl\u00fcr.<\/p>\n<p>Daha \u0259trafl\u0131 Baku TV-nin s\u00fcjetind\u0259:<\/p>\n<div><iframe loading=\"lazy\" src=\"https:\/\/player.baku.tv\/embed\/21962\" width=\"560\" height=\"315\" frameborder=\"0\" allowfullscreen=\"allowfullscreen\" data-mce-fragment=\"1\"><\/iframe><\/div>\n<\/div>\n<\/article>\n<h2 class=\"news-share-title\"><\/h2>\n","protected":false},"excerpt":{"rendered":"<p>Qubada leysan ya\u011f\u0131\u015flar\u0131 n\u0259tic\u0259sind\u0259 da\u011f \u00e7aylar\u0131nda \u0259m\u0259l\u0259 g\u0259l\u0259n da\u015fq\u0131nlar yol infrastrukturuna v\u0259 \u015f\u0259xsi t\u0259s\u00fc\u0259rr\u00fcfatlara ciddi ziyan vurub. Sel, \u0259sas\u0259n, Qudyal\u00e7ay, Qara\u00e7ay, A\u011f\u00e7ay, Ca\u011fac\u0131q \u00e7aylar\u0131n\u0131n ke\u00e7diyi \u0259razil\u0259rd\u0259 daha \u00e7ox da\u011f\u0131nt\u0131lar\u0131na s\u0259b\u0259b olub. Qara\u00e7ay Quban\u0131n Birinci v\u0259 \u0130kinci N\u00fcg\u0259di k\u0259ndl\u0259rini birl\u0259\u015fdir\u0259n k\u00f6rp\u00fc \u00fc\u00e7\u00fcn t\u0259hl\u00fck\u0259 yarad\u0131b. K\u0259nd sakinl\u0259rin\u0259 m\u0259xsus bir ne\u00e7\u0259 iribuynuzlu heyvan\u0131 da apar\u0131b. Rayonun Xan\u0259gah k\u0259ndin\u0259 g\u0259l\u0259n sel is\u0259 daha \u00e7ox ya\u015fay\u0131\u015f m\u0259nt\u0259q\u0259sin\u0259 z\u0259r\u0259r vurub. Selin g\u0259tirdiyi a\u011fac par\u00e7alar\u0131 k\u00f6rp\u00fcn\u00fcn qar\u015f\u0131s\u0131n\u0131 k\u0259sib. N\u0259tic\u0259d\u0259, sel k\u0259ndin i\u00e7in\u0259 do\u011fru axma\u011fa ba\u015flay\u0131b, k\u0259ndin yolunu da\u011f\u0131d\u0131b, ba\u011f v\u0259 bostanlara ciddi ziyan vurub. Xan\u0259gah k\u0259ndind\u0259 d\u0259&hellip;<\/p>\n","protected":false},"author":2,"featured_media":192467,"comment_status":"closed","ping_status":"closed","sticky":false,"template":"","format":"standard","meta":{"om_disable_all_campaigns":false,"_monsterinsights_skip_tracking":false,"_monsterinsights_sitenote_active":false,"_monsterinsights_sitenote_note":"","_monsterinsights_sitenote_category":0},"categories":[5],"tags":[],"aioseo_notices":[],"gutentor_comment":0,"rttpg_featured_image_url":{"full":["https:\/\/arantv.az\/wp-content\/uploads\/2020\/07\/sel-1.jpg",620,349,false],"landscape":["https:\/\/arantv.az\/wp-content\/uploads\/2020\/07\/sel-1.jpg",620,349,false],"portraits":["https:\/\/arantv.az\/wp-content\/uploads\/2020\/07\/sel-1.jpg",620,349,false],"thumbnail":["https:\/\/arantv.az\/wp-content\/uploads\/2020\/07\/sel-1-150x150.jpg",150,150,true],"medium":["https:\/\/arantv.az\/wp-content\/uploads\/2020\/07\/sel-1-300x169.jpg",300,169,true],"large":["https:\/\/arantv.az\/wp-content\/uploads\/2020\/07\/sel-1.jpg",620,349,false],"1536x1536":["https:\/\/arantv.az\/wp-content\/uploads\/2020\/07\/sel-1.jpg",620,349,false],"2048x2048":["https:\/\/arantv.az\/wp-content\/uploads\/2020\/07\/sel-1.jpg",620,349,false],"post-thumbnail":["https:\/\/arantv.az\/wp-content\/uploads\/2020\/07\/sel-1-240x172.jpg",240,172,true],"advps-thumb-one":["https:\/\/arantv.az\/wp-content\/uploads\/2020\/07\/sel-1.jpg",620,349,false]},"rttpg_author":{"display_name":"V\u00fcsal Rafiqo\u011flu","author_link":"https:\/\/arantv.az\/?author=2"},"rttpg_comment":0,"rttpg_category":"<a href=\"https:\/\/arantv.az\/?cat=5\" rel=\"category\">Hadis\u0259<\/a>","rttpg_excerpt":"Qubada leysan ya\u011f\u0131\u015flar\u0131 n\u0259tic\u0259sind\u0259 da\u011f \u00e7aylar\u0131nda \u0259m\u0259l\u0259 g\u0259l\u0259n da\u015fq\u0131nlar yol infrastrukturuna v\u0259 \u015f\u0259xsi t\u0259s\u00fc\u0259rr\u00fcfatlara ciddi ziyan vurub. Sel, \u0259sas\u0259n, Qudyal\u00e7ay, Qara\u00e7ay, A\u011f\u00e7ay, Ca\u011fac\u0131q \u00e7aylar\u0131n\u0131n ke\u00e7diyi \u0259razil\u0259rd\u0259 daha \u00e7ox da\u011f\u0131nt\u0131lar\u0131na s\u0259b\u0259b olub. Qara\u00e7ay Quban\u0131n Birinci v\u0259 \u0130kinci N\u00fcg\u0259di k\u0259ndl\u0259rini birl\u0259\u015fdir\u0259n k\u00f6rp\u00fc \u00fc\u00e7\u00fcn t\u0259hl\u00fck\u0259 yarad\u0131b. K\u0259nd sakinl\u0259rin\u0259 m\u0259xsus bir ne\u00e7\u0259 iribuynuzlu heyvan\u0131 da apar\u0131b. Rayonun Xan\u0259gah k\u0259ndin\u0259&hellip;","_links":{"self":[{"href":"https:\/\/arantv.az\/index.php?rest_route=\/wp\/v2\/posts\/192466"}],"collection":[{"href":"https:\/\/arantv.az\/index.php?rest_route=\/wp\/v2\/posts"}],"about":[{"href":"https:\/\/arantv.az\/index.php?rest_route=\/wp\/v2\/types\/post"}],"author":[{"embeddable":true,"href":"https:\/\/arantv.az\/index.php?rest_route=\/wp\/v2\/users\/2"}],"replies":[{"embeddable":true,"href":"https:\/\/arantv.az\/index.php?rest_route=%2Fwp%2Fv2%2Fcomments&post=192466"}],"version-history":[{"count":0,"href":"https:\/\/arantv.az\/index.php?rest_route=\/wp\/v2\/posts\/192466\/revisions"}],"wp:featuredmedia":[{"embeddable":true,"href":"https:\/\/arantv.az\/index.php?rest_route=\/wp\/v2\/media\/192467"}],"wp:attachment":[{"href":"https:\/\/arantv.az\/index.php?rest_route=%2Fwp%2Fv2%2Fmedia&parent=192466"}],"wp:term":[{"taxonomy":"category","embeddable":true,"href":"https:\/\/arantv.az\/index.php?rest_route=%2Fwp%2Fv2%2Fcategories&post=192466"},{"taxonomy":"post_tag","embeddable":true,"href":"https:\/\/arantv.az\/index.php?rest_route=%2Fwp%2Fv2%2Ftags&post=192466"}],"curies":[{"name":"wp","href":"https:\/\/api.w.org\/{rel}","templated":true}]}}