{"id":192474,"date":"2020-07-17T08:35:41","date_gmt":"2020-07-17T05:35:41","guid":{"rendered":"http:\/\/arantv.az\/?p=192474"},"modified":"2020-07-17T08:35:41","modified_gmt":"2020-07-17T05:35:41","slug":"mudafi%c9%99-nazirliyi-erm%c9%99nistan-doyusl%c9%99rd%c9%99-yuz%c9%99-yaxin-h%c9%99rbi-qulluqcusunu-itirib-video","status":"publish","type":"post","link":"https:\/\/arantv.az\/?p=192474","title":{"rendered":"M\u00fcdafi\u0259 Nazirliyi: \u201cErm\u0259nistan d\u00f6y\u00fc\u015fl\u0259rd\u0259 y\u00fcz\u0259 yax\u0131n h\u0259rbi qulluq\u00e7usunu itirib\u201d &#8211; V\u0130DEO"},"content":{"rendered":"<p>\u201cK\u00fctl\u0259vi informasiya vasit\u0259l\u0259rimizd\u0259 Erm\u0259nistan\u0131n \u0130stintaq Komit\u0259sin\u0259 istinad\u0259n son d\u00f6y\u00fc\u015fl\u0259rd\u0259 erm\u0259ni t\u0259r\u0259finin d\u00f6rd n\u0259f\u0259r h\u0259rbi qulluq\u00e7usunu \u00f6l\u00fc v\u0259 36\u00a0 n\u0259f\u0259rini is\u0259 yaral\u0131 olaraq itirm\u0259si bar\u0259d\u0259 m\u0259lumat yay\u0131l\u0131b. Bildiririk ki, bu x\u0259b\u0259r tamamil\u0259 yaland\u0131r v\u0259 reall\u0131\u011f\u0131 \u0259ks etdirmir\u201d.<\/p>\n<p>Bununla ba\u011fl\u0131 M\u00fcdafi\u0259 Nazirliyi m\u0259lumat yay\u0131b.<\/p>\n<article class=\"news\">\n<div class=\"news-inner\">\n<p>Qeyd edilib ki, Tovuz rayonu istiqam\u0259tind\u0259 ged\u0259n d\u00f6y\u00fc\u015fl\u0259rd\u0259 Erm\u0259nistan silahl\u0131 q\u00fcvv\u0259l\u0259rinin b\u00f6lm\u0259l\u0259ri \u00f6l\u00fc v\u0259 yaral\u0131 olaraq y\u00fcz\u0259 yax\u0131n h\u0259rbi qulluq\u00e7usunu itirib:<\/p>\n<p>\u201cH\u0259mi\u015f\u0259 oldu\u011fu kimi, Erm\u0259nistan \u00f6z h\u0259rbi itkil\u0259rini ictimaiyy\u0259tind\u0259n gizl\u0259tm\u0259y\u0259 s\u0259yl\u0259 \u00e7al\u0131\u015f\u0131r. Ancaq bir m\u00fcdd\u0259t sonra h\u0259qiq\u0259t \u00fcz\u0259 \u00e7\u0131xacaq v\u0259 onlar itkil\u0259ri etiraf etm\u0259k m\u0259cburiyy\u0259tind\u0259 qalacaqlar.<\/p>\n<p>Buna g\u00f6r\u0259 d\u0259 Az\u0259rbaycan k\u00fctl\u0259vi informasiya vasit\u0259l\u0259rini Erm\u0259nistan m\u0259tbuat\u0131 t\u0259r\u0259find\u0259n yay\u0131lan yalan m\u0259lumatlar\u0131 tirajlamama\u011fa v\u0259 d\u00fc\u015fm\u0259nin dezinformasiyalar\u0131n\u0131 if\u015fa etm\u0259y\u0259 \u00e7a\u011f\u0131r\u0131r\u0131q\u201d.<\/p>\n<div><iframe loading=\"lazy\" src=\"https:\/\/www.youtube.com\/embed\/gvxmIk_YxaU\" width=\"560\" height=\"315\" frameborder=\"0\" allowfullscreen=\"allowfullscreen\" data-mce-fragment=\"1\"><\/iframe><\/div>\n<\/div>\n<\/article>\n<h2 class=\"news-share-title\"><\/h2>\n","protected":false},"excerpt":{"rendered":"<p>\u201cK\u00fctl\u0259vi informasiya vasit\u0259l\u0259rimizd\u0259 Erm\u0259nistan\u0131n \u0130stintaq Komit\u0259sin\u0259 istinad\u0259n son d\u00f6y\u00fc\u015fl\u0259rd\u0259 erm\u0259ni t\u0259r\u0259finin d\u00f6rd n\u0259f\u0259r h\u0259rbi qulluq\u00e7usunu \u00f6l\u00fc v\u0259 36\u00a0 n\u0259f\u0259rini is\u0259 yaral\u0131 olaraq itirm\u0259si bar\u0259d\u0259 m\u0259lumat yay\u0131l\u0131b. Bildiririk ki, bu x\u0259b\u0259r tamamil\u0259 yaland\u0131r v\u0259 reall\u0131\u011f\u0131 \u0259ks etdirmir\u201d. Bununla ba\u011fl\u0131 M\u00fcdafi\u0259 Nazirliyi m\u0259lumat yay\u0131b. Qeyd edilib ki, Tovuz rayonu istiqam\u0259tind\u0259 ged\u0259n d\u00f6y\u00fc\u015fl\u0259rd\u0259 Erm\u0259nistan silahl\u0131 q\u00fcvv\u0259l\u0259rinin b\u00f6lm\u0259l\u0259ri \u00f6l\u00fc v\u0259 yaral\u0131 olaraq y\u00fcz\u0259 yax\u0131n h\u0259rbi qulluq\u00e7usunu itirib: \u201cH\u0259mi\u015f\u0259 oldu\u011fu kimi, Erm\u0259nistan \u00f6z h\u0259rbi itkil\u0259rini ictimaiyy\u0259tind\u0259n gizl\u0259tm\u0259y\u0259 s\u0259yl\u0259 \u00e7al\u0131\u015f\u0131r. Ancaq bir m\u00fcdd\u0259t sonra h\u0259qiq\u0259t \u00fcz\u0259 \u00e7\u0131xacaq v\u0259 onlar itkil\u0259ri etiraf etm\u0259k m\u0259cburiyy\u0259tind\u0259 qalacaqlar. Buna g\u00f6r\u0259&hellip;<\/p>\n","protected":false},"author":2,"featured_media":192475,"comment_status":"closed","ping_status":"closed","sticky":false,"template":"","format":"standard","meta":{"om_disable_all_campaigns":false,"_monsterinsights_skip_tracking":false,"_monsterinsights_sitenote_active":false,"_monsterinsights_sitenote_note":"","_monsterinsights_sitenote_category":0},"categories":[19],"tags":[],"aioseo_notices":[],"gutentor_comment":0,"rttpg_featured_image_url":{"full":["https:\/\/arantv.az\/wp-content\/uploads\/2020\/07\/1-10.jpg",620,349,false],"landscape":["https:\/\/arantv.az\/wp-content\/uploads\/2020\/07\/1-10.jpg",620,349,false],"portraits":["https:\/\/arantv.az\/wp-content\/uploads\/2020\/07\/1-10.jpg",620,349,false],"thumbnail":["https:\/\/arantv.az\/wp-content\/uploads\/2020\/07\/1-10-150x150.jpg",150,150,true],"medium":["https:\/\/arantv.az\/wp-content\/uploads\/2020\/07\/1-10-300x169.jpg",300,169,true],"large":["https:\/\/arantv.az\/wp-content\/uploads\/2020\/07\/1-10.jpg",620,349,false],"1536x1536":["https:\/\/arantv.az\/wp-content\/uploads\/2020\/07\/1-10.jpg",620,349,false],"2048x2048":["https:\/\/arantv.az\/wp-content\/uploads\/2020\/07\/1-10.jpg",620,349,false],"post-thumbnail":["https:\/\/arantv.az\/wp-content\/uploads\/2020\/07\/1-10-240x172.jpg",240,172,true],"advps-thumb-one":["https:\/\/arantv.az\/wp-content\/uploads\/2020\/07\/1-10.jpg",620,349,false]},"rttpg_author":{"display_name":"V\u00fcsal Rafiqo\u011flu","author_link":"https:\/\/arantv.az\/?author=2"},"rttpg_comment":0,"rttpg_category":"<a href=\"https:\/\/arantv.az\/?cat=19\" rel=\"category\">G\u00fcnd\u0259m<\/a>","rttpg_excerpt":"\u201cK\u00fctl\u0259vi informasiya vasit\u0259l\u0259rimizd\u0259 Erm\u0259nistan\u0131n \u0130stintaq Komit\u0259sin\u0259 istinad\u0259n son d\u00f6y\u00fc\u015fl\u0259rd\u0259 erm\u0259ni t\u0259r\u0259finin d\u00f6rd n\u0259f\u0259r h\u0259rbi qulluq\u00e7usunu \u00f6l\u00fc v\u0259 36\u00a0 n\u0259f\u0259rini is\u0259 yaral\u0131 olaraq itirm\u0259si bar\u0259d\u0259 m\u0259lumat yay\u0131l\u0131b. Bildiririk ki, bu x\u0259b\u0259r tamamil\u0259 yaland\u0131r v\u0259 reall\u0131\u011f\u0131 \u0259ks etdirmir\u201d. Bununla ba\u011fl\u0131 M\u00fcdafi\u0259 Nazirliyi m\u0259lumat yay\u0131b. Qeyd edilib ki, Tovuz rayonu istiqam\u0259tind\u0259 ged\u0259n d\u00f6y\u00fc\u015fl\u0259rd\u0259 Erm\u0259nistan silahl\u0131 q\u00fcvv\u0259l\u0259rinin b\u00f6lm\u0259l\u0259ri \u00f6l\u00fc&hellip;","_links":{"self":[{"href":"https:\/\/arantv.az\/index.php?rest_route=\/wp\/v2\/posts\/192474"}],"collection":[{"href":"https:\/\/arantv.az\/index.php?rest_route=\/wp\/v2\/posts"}],"about":[{"href":"https:\/\/arantv.az\/index.php?rest_route=\/wp\/v2\/types\/post"}],"author":[{"embeddable":true,"href":"https:\/\/arantv.az\/index.php?rest_route=\/wp\/v2\/users\/2"}],"replies":[{"embeddable":true,"href":"https:\/\/arantv.az\/index.php?rest_route=%2Fwp%2Fv2%2Fcomments&post=192474"}],"version-history":[{"count":0,"href":"https:\/\/arantv.az\/index.php?rest_route=\/wp\/v2\/posts\/192474\/revisions"}],"wp:featuredmedia":[{"embeddable":true,"href":"https:\/\/arantv.az\/index.php?rest_route=\/wp\/v2\/media\/192475"}],"wp:attachment":[{"href":"https:\/\/arantv.az\/index.php?rest_route=%2Fwp%2Fv2%2Fmedia&parent=192474"}],"wp:term":[{"taxonomy":"category","embeddable":true,"href":"https:\/\/arantv.az\/index.php?rest_route=%2Fwp%2Fv2%2Fcategories&post=192474"},{"taxonomy":"post_tag","embeddable":true,"href":"https:\/\/arantv.az\/index.php?rest_route=%2Fwp%2Fv2%2Ftags&post=192474"}],"curies":[{"name":"wp","href":"https:\/\/api.w.org\/{rel}","templated":true}]}}