{"id":192478,"date":"2020-07-17T08:39:10","date_gmt":"2020-07-17T05:39:10","guid":{"rendered":"http:\/\/arantv.az\/?p=192478"},"modified":"2020-07-17T08:39:10","modified_gmt":"2020-07-17T05:39:10","slug":"gurcustanli-nazir-erm%c9%99nistan-az%c9%99rbaycan-s%c9%99rh%c9%99dind%c9%99ki-g%c9%99rginlikd%c9%99n-danisdi-video","status":"publish","type":"post","link":"https:\/\/arantv.az\/?p=192478","title":{"rendered":"G\u00fcrc\u00fcstanl\u0131 nazir Erm\u0259nistan-Az\u0259rbaycan s\u0259rh\u0259dind\u0259ki g\u0259rginlikd\u0259n dan\u0131\u015fd\u0131 &#8211; V\u0130DEO"},"content":{"rendered":"<p>\u201cErm\u0259nistan-Az\u0259rbaycan s\u0259rh\u0259dind\u0259 ba\u015f ver\u0259nl\u0259ri aktiv \u015f\u0259kild\u0259 m\u00fc\u015fahid\u0259 edirik\u201d.<\/p>\n<p>Bunu G\u00fcrc\u00fcstan\u0131n Xarici \u0130\u015fl\u0259r naziri David Zalkaliani deyib.<\/p>\n<p>O bildirib ki, m\u00fcnaqi\u015f\u0259 t\u0259r\u0259fl\u0259rinin iyulun 12-d\u0259n \u0259vv\u0259lki v\u0259ziyy\u0259t\u0259 geri qay\u0131tmalar\u0131 z\u0259ruridir:<\/p>\n<article class=\"news\">\n<div class=\"news-inner\">\n<p>\u201cM\u0259nim h\u0259r iki nazirl\u0259 d\u0259 telefon dan\u0131\u015f\u0131\u011f\u0131m olub v\u0259 v\u0259ziyy\u0259tl\u0259 ba\u011fl\u0131 \u00f6z s\u0259mimi m\u00f6vqeyimizi, narahatl\u0131\u011f\u0131m\u0131z\u0131 ifad\u0259 etmi\u015f\u0259m. Onlar bizim m\u00f6vqeyimizi bilirl\u0259r. Biz v\u0259ziyy\u0259tin daha da eskalasiyas\u0131nda maraql\u0131 deyilik, \u0259ksin\u0259 t\u0259r\u0259fl\u0259rin g\u0259rginliyin yarand\u0131\u011f\u0131 tarixd\u0259n \u0259vv\u0259lki v\u0259ziyy\u0259t\u0259 qay\u0131tmas\u0131 \u00e7ox vacibdir\u201d.<\/p>\n<p>D. Zalkaliani qeyd edib ki, m\u00fcnaqi\u015f\u0259 ilk d\u0259f\u0259 olaraq Da\u011fl\u0131q Qaraba\u011f b\u00f6lg\u0259sind\u0259n k\u0259narda, birba\u015fa Erm\u0259nistan-Az\u0259rbaycan s\u0259rh\u0259dind\u0259 ba\u015f tutub:<\/p>\n<p>\u201cBuna g\u00f6r\u0259 d\u0259 daha \u00e7ox ehtiyatl\u0131 olmaq laz\u0131md\u0131r. Beyn\u0259lxalq al\u0259min bu prosesd\u0259 daha \u00e7ox i\u015ftirak\u0131na ehtiyac var, h\u0259r \u015feyd\u0259n \u0259vv\u0259l Minsk Qrupu h\u0259ms\u0259drl\u0259rinin v\u0259 beyn\u0259lxalq mexanizml\u0259rin aktivl\u0259\u015fdirilm\u0259sin\u0259 ehtiyac var. G\u0259rginlik d\u0259rhal dayand\u0131r\u0131lmal\u0131 v\u0259 beyn\u0259lxalq m\u00fczakir\u0259l\u0259r\u0259, mexanizml\u0259r\u0259 v\u0259ziyy\u0259tin de-eskalasiyas\u0131 v\u0259 s\u00fclh raz\u0131la\u015fmas\u0131 \u00fc\u00e7\u00fcn imkan yarad\u0131lmal\u0131d\u0131r\u201d.<\/p>\n<div><iframe loading=\"lazy\" src=\"https:\/\/www.youtube.com\/embed\/BHgeK_M5Tns\" width=\"560\" height=\"315\" frameborder=\"0\" allowfullscreen=\"allowfullscreen\" data-mce-fragment=\"1\"><\/iframe><\/div>\n<\/div>\n<\/article>\n<h2 class=\"news-share-title\"><\/h2>\n","protected":false},"excerpt":{"rendered":"<p>\u201cErm\u0259nistan-Az\u0259rbaycan s\u0259rh\u0259dind\u0259 ba\u015f ver\u0259nl\u0259ri aktiv \u015f\u0259kild\u0259 m\u00fc\u015fahid\u0259 edirik\u201d. Bunu G\u00fcrc\u00fcstan\u0131n Xarici \u0130\u015fl\u0259r naziri David Zalkaliani deyib. O bildirib ki, m\u00fcnaqi\u015f\u0259 t\u0259r\u0259fl\u0259rinin iyulun 12-d\u0259n \u0259vv\u0259lki v\u0259ziyy\u0259t\u0259 geri qay\u0131tmalar\u0131 z\u0259ruridir: \u201cM\u0259nim h\u0259r iki nazirl\u0259 d\u0259 telefon dan\u0131\u015f\u0131\u011f\u0131m olub v\u0259 v\u0259ziyy\u0259tl\u0259 ba\u011fl\u0131 \u00f6z s\u0259mimi m\u00f6vqeyimizi, narahatl\u0131\u011f\u0131m\u0131z\u0131 ifad\u0259 etmi\u015f\u0259m. Onlar bizim m\u00f6vqeyimizi bilirl\u0259r. Biz v\u0259ziyy\u0259tin daha da eskalasiyas\u0131nda maraql\u0131 deyilik, \u0259ksin\u0259 t\u0259r\u0259fl\u0259rin g\u0259rginliyin yarand\u0131\u011f\u0131 tarixd\u0259n \u0259vv\u0259lki v\u0259ziyy\u0259t\u0259 qay\u0131tmas\u0131 \u00e7ox vacibdir\u201d. D. Zalkaliani qeyd edib ki, m\u00fcnaqi\u015f\u0259 ilk d\u0259f\u0259 olaraq Da\u011fl\u0131q Qaraba\u011f b\u00f6lg\u0259sind\u0259n k\u0259narda, birba\u015fa Erm\u0259nistan-Az\u0259rbaycan s\u0259rh\u0259dind\u0259 ba\u015f tutub: \u201cBuna g\u00f6r\u0259 d\u0259 daha \u00e7ox ehtiyatl\u0131&hellip;<\/p>\n","protected":false},"author":2,"featured_media":192479,"comment_status":"closed","ping_status":"closed","sticky":false,"template":"","format":"standard","meta":{"om_disable_all_campaigns":false,"_monsterinsights_skip_tracking":false,"_monsterinsights_sitenote_active":false,"_monsterinsights_sitenote_note":"","_monsterinsights_sitenote_category":0},"categories":[4],"tags":[],"aioseo_notices":[],"gutentor_comment":0,"rttpg_featured_image_url":{"full":["https:\/\/arantv.az\/wp-content\/uploads\/2020\/07\/243246287.jpg",620,390,false],"landscape":["https:\/\/arantv.az\/wp-content\/uploads\/2020\/07\/243246287.jpg",620,390,false],"portraits":["https:\/\/arantv.az\/wp-content\/uploads\/2020\/07\/243246287.jpg",620,390,false],"thumbnail":["https:\/\/arantv.az\/wp-content\/uploads\/2020\/07\/243246287-150x150.jpg",150,150,true],"medium":["https:\/\/arantv.az\/wp-content\/uploads\/2020\/07\/243246287-300x189.jpg",300,189,true],"large":["https:\/\/arantv.az\/wp-content\/uploads\/2020\/07\/243246287.jpg",620,390,false],"1536x1536":["https:\/\/arantv.az\/wp-content\/uploads\/2020\/07\/243246287.jpg",620,390,false],"2048x2048":["https:\/\/arantv.az\/wp-content\/uploads\/2020\/07\/243246287.jpg",620,390,false],"post-thumbnail":["https:\/\/arantv.az\/wp-content\/uploads\/2020\/07\/243246287-240x172.jpg",240,172,true],"advps-thumb-one":["https:\/\/arantv.az\/wp-content\/uploads\/2020\/07\/243246287.jpg",620,390,false]},"rttpg_author":{"display_name":"V\u00fcsal Rafiqo\u011flu","author_link":"https:\/\/arantv.az\/?author=2"},"rttpg_comment":0,"rttpg_category":"<a href=\"https:\/\/arantv.az\/?cat=4\" rel=\"category\">Siyas\u0259t<\/a>","rttpg_excerpt":"\u201cErm\u0259nistan-Az\u0259rbaycan s\u0259rh\u0259dind\u0259 ba\u015f ver\u0259nl\u0259ri aktiv \u015f\u0259kild\u0259 m\u00fc\u015fahid\u0259 edirik\u201d. Bunu G\u00fcrc\u00fcstan\u0131n Xarici \u0130\u015fl\u0259r naziri David Zalkaliani deyib. O bildirib ki, m\u00fcnaqi\u015f\u0259 t\u0259r\u0259fl\u0259rinin iyulun 12-d\u0259n \u0259vv\u0259lki v\u0259ziyy\u0259t\u0259 geri qay\u0131tmalar\u0131 z\u0259ruridir: \u201cM\u0259nim h\u0259r iki nazirl\u0259 d\u0259 telefon dan\u0131\u015f\u0131\u011f\u0131m olub v\u0259 v\u0259ziyy\u0259tl\u0259 ba\u011fl\u0131 \u00f6z s\u0259mimi m\u00f6vqeyimizi, narahatl\u0131\u011f\u0131m\u0131z\u0131 ifad\u0259 etmi\u015f\u0259m. Onlar bizim m\u00f6vqeyimizi bilirl\u0259r. Biz v\u0259ziyy\u0259tin daha da eskalasiyas\u0131nda maraql\u0131&hellip;","_links":{"self":[{"href":"https:\/\/arantv.az\/index.php?rest_route=\/wp\/v2\/posts\/192478"}],"collection":[{"href":"https:\/\/arantv.az\/index.php?rest_route=\/wp\/v2\/posts"}],"about":[{"href":"https:\/\/arantv.az\/index.php?rest_route=\/wp\/v2\/types\/post"}],"author":[{"embeddable":true,"href":"https:\/\/arantv.az\/index.php?rest_route=\/wp\/v2\/users\/2"}],"replies":[{"embeddable":true,"href":"https:\/\/arantv.az\/index.php?rest_route=%2Fwp%2Fv2%2Fcomments&post=192478"}],"version-history":[{"count":0,"href":"https:\/\/arantv.az\/index.php?rest_route=\/wp\/v2\/posts\/192478\/revisions"}],"wp:featuredmedia":[{"embeddable":true,"href":"https:\/\/arantv.az\/index.php?rest_route=\/wp\/v2\/media\/192479"}],"wp:attachment":[{"href":"https:\/\/arantv.az\/index.php?rest_route=%2Fwp%2Fv2%2Fmedia&parent=192478"}],"wp:term":[{"taxonomy":"category","embeddable":true,"href":"https:\/\/arantv.az\/index.php?rest_route=%2Fwp%2Fv2%2Fcategories&post=192478"},{"taxonomy":"post_tag","embeddable":true,"href":"https:\/\/arantv.az\/index.php?rest_route=%2Fwp%2Fv2%2Ftags&post=192478"}],"curies":[{"name":"wp","href":"https:\/\/api.w.org\/{rel}","templated":true}]}}