{"id":192486,"date":"2020-07-17T08:42:11","date_gmt":"2020-07-17T05:42:11","guid":{"rendered":"http:\/\/arantv.az\/?p=192486"},"modified":"2020-07-17T08:42:11","modified_gmt":"2020-07-17T05:42:11","slug":"turkiy%c9%99nin-siyasi-partiyalarindan-erm%c9%99nistani-qinayan-birg%c9%99-b%c9%99yanat","status":"publish","type":"post","link":"https:\/\/arantv.az\/?p=192486","title":{"rendered":"T\u00fcrkiy\u0259nin siyasi partiyalar\u0131ndan Erm\u0259nistan\u0131 q\u0131nayan B\u0130RG\u018f B\u018fYANAT"},"content":{"rendered":"<p>T\u00fcrkiy\u0259nin AKP, CHP, MHP v\u0259 \u0130Y\u0130 partiyalar\u0131 birg\u0259 b\u0259yanat yayaraq, Erm\u0259nistan\u0131n Az\u0259rbaycana qar\u015f\u0131 h\u00fccumlar\u0131n\u0131 q\u0131nay\u0131blar.<\/p>\n<p>Bununla ba\u011fl\u0131 \u201cHaberGlobal\u201d m\u0259lumat yay\u0131b.<\/p>\n<p>Birg\u0259 b\u0259yanatda deyilir:<\/p>\n<p>\u201cT\u00fcrkiy\u0259 B\u00f6y\u00fck Mill\u0259t M\u0259clisi olaraq, Erm\u0259nistan silahl\u0131 q\u00fcvv\u0259l\u0259rinin 12 iyuldan ba\u015flayaraq, Az\u0259rbaycan\u0131n Tovuz rayonuna etdiyi h\u00fccumu \u015fidd\u0259tl\u0259 q\u0131nay\u0131r\u0131q. Erm\u0259nistan s\u0259hv yoldad\u0131r. Az\u0259rbaycan\u0131n Yuxar\u0131 Qaraba\u011f b\u00f6lg\u0259sini v\u0259 \u0259traf\u0131ndak\u0131 rayonlar\u0131 ill\u0259rdir i\u015f\u011fal alt\u0131nda saxlayan Erm\u0259nistan\u0131n bu h\u00fccumu C\u0259nubi Qafqazda s\u00fclh\u00fcn v\u0259 sabitliyin saxlan\u0131lmas\u0131na b\u00f6y\u00fck \u0259ng\u0259ldir. Erm\u0259nistan\u0131n haqq v\u0259 h\u00fcquqlar\u0131 he\u00e7\u0259 sayaraq, bel\u0259 h\u00fccumlar h\u0259yata ke\u00e7irm\u0259sin\u0259 qar\u015f\u0131 beyn\u0259lxalq toplumu laz\u0131m\u0131 reaksiyan\u0131 g\u00f6st\u0259rm\u0259y\u0259 \u00e7a\u011f\u0131r\u0131r\u0131q.<\/p>\n<p>Da\u011fl\u0131q Qaraba\u011f m\u00fcnaqi\u015f\u0259sinin Az\u0259rbaycan\u0131n beyn\u0259lxalq s\u0259viyy\u0259d\u0259 tan\u0131nm\u0131\u015f s\u0259rh\u0259dl\u0259ri v\u0259 \u0259razi b\u00fct\u00f6vl\u00fcy\u00fc \u00e7\u0259r\u00e7iv\u0259sind\u0259 s\u00fclh yolu il\u0259 h\u0259ll edilm\u0259sin\u0259 d\u0259st\u0259k verdiyimizi t\u0259krarlay\u0131r\u0131q. Erm\u0259nistan BMT T\u0259hl\u00fck\u0259sizlik \u015euras\u0131n\u0131n v\u0259 AT\u018fT-in q\u0259rarlar\u0131na riay\u0259t etm\u0259li v\u0259 i\u015f\u011fal etdiyi Az\u0259rbaycan torpaqlar\u0131ndan \u00e7\u0131xmal\u0131d\u0131r. T\u00fcrkiy\u0259 bundan sonra da b\u00fct\u00fcn s\u0259yl\u0259ri il\u0259 torpaq b\u00fct\u00f6vl\u00fcy\u00fcn\u00fc b\u0259rpa etm\u0259y\u0259 \u00e7al\u0131\u015fan Az\u0259rbaycan\u0131n yan\u0131nda yer alacaqd\u0131r. Az\u0259rbaycanl\u0131 \u015f\u0259hidl\u0259r \u00fc\u00e7\u00fcn Az\u0259rbaycan xalq\u0131na v\u0259 h\u00f6kum\u0259tin\u0259 ba\u015fsa\u011fl\u0131\u011f\u0131 verir, yaral\u0131lar\u0131n tezlikl\u0259 sa\u011falmas\u0131n\u0131 dil\u0259yirik\u201d.<\/p>\n","protected":false},"excerpt":{"rendered":"<p>T\u00fcrkiy\u0259nin AKP, CHP, MHP v\u0259 \u0130Y\u0130 partiyalar\u0131 birg\u0259 b\u0259yanat yayaraq, Erm\u0259nistan\u0131n Az\u0259rbaycana qar\u015f\u0131 h\u00fccumlar\u0131n\u0131 q\u0131nay\u0131blar. Bununla ba\u011fl\u0131 \u201cHaberGlobal\u201d m\u0259lumat yay\u0131b. Birg\u0259 b\u0259yanatda deyilir: \u201cT\u00fcrkiy\u0259 B\u00f6y\u00fck Mill\u0259t M\u0259clisi olaraq, Erm\u0259nistan silahl\u0131 q\u00fcvv\u0259l\u0259rinin 12 iyuldan ba\u015flayaraq, Az\u0259rbaycan\u0131n Tovuz rayonuna etdiyi h\u00fccumu \u015fidd\u0259tl\u0259 q\u0131nay\u0131r\u0131q. Erm\u0259nistan s\u0259hv yoldad\u0131r. Az\u0259rbaycan\u0131n Yuxar\u0131 Qaraba\u011f b\u00f6lg\u0259sini v\u0259 \u0259traf\u0131ndak\u0131 rayonlar\u0131 ill\u0259rdir i\u015f\u011fal alt\u0131nda saxlayan Erm\u0259nistan\u0131n bu h\u00fccumu C\u0259nubi Qafqazda s\u00fclh\u00fcn v\u0259 sabitliyin saxlan\u0131lmas\u0131na b\u00f6y\u00fck \u0259ng\u0259ldir. Erm\u0259nistan\u0131n haqq v\u0259 h\u00fcquqlar\u0131 he\u00e7\u0259 sayaraq, bel\u0259 h\u00fccumlar h\u0259yata ke\u00e7irm\u0259sin\u0259 qar\u015f\u0131 beyn\u0259lxalq toplumu laz\u0131m\u0131 reaksiyan\u0131 g\u00f6st\u0259rm\u0259y\u0259 \u00e7a\u011f\u0131r\u0131r\u0131q. Da\u011fl\u0131q Qaraba\u011f m\u00fcnaqi\u015f\u0259sinin Az\u0259rbaycan\u0131n beyn\u0259lxalq s\u0259viyy\u0259d\u0259 tan\u0131nm\u0131\u015f&hellip;<\/p>\n","protected":false},"author":2,"featured_media":192487,"comment_status":"closed","ping_status":"closed","sticky":false,"template":"","format":"standard","meta":{"om_disable_all_campaigns":false,"_monsterinsights_skip_tracking":false,"_monsterinsights_sitenote_active":false,"_monsterinsights_sitenote_note":"","_monsterinsights_sitenote_category":0},"categories":[4],"tags":[],"aioseo_notices":[],"gutentor_comment":0,"rttpg_featured_image_url":{"full":["https:\/\/arantv.az\/wp-content\/uploads\/2020\/07\/meclis-te-4-parti-ortak-bildiriyle-ermenistan-in-saldirisini-kinadi_1594928305.jpg",620,349,false],"landscape":["https:\/\/arantv.az\/wp-content\/uploads\/2020\/07\/meclis-te-4-parti-ortak-bildiriyle-ermenistan-in-saldirisini-kinadi_1594928305.jpg",620,349,false],"portraits":["https:\/\/arantv.az\/wp-content\/uploads\/2020\/07\/meclis-te-4-parti-ortak-bildiriyle-ermenistan-in-saldirisini-kinadi_1594928305.jpg",620,349,false],"thumbnail":["https:\/\/arantv.az\/wp-content\/uploads\/2020\/07\/meclis-te-4-parti-ortak-bildiriyle-ermenistan-in-saldirisini-kinadi_1594928305-150x150.jpg",150,150,true],"medium":["https:\/\/arantv.az\/wp-content\/uploads\/2020\/07\/meclis-te-4-parti-ortak-bildiriyle-ermenistan-in-saldirisini-kinadi_1594928305-300x169.jpg",300,169,true],"large":["https:\/\/arantv.az\/wp-content\/uploads\/2020\/07\/meclis-te-4-parti-ortak-bildiriyle-ermenistan-in-saldirisini-kinadi_1594928305.jpg",620,349,false],"1536x1536":["https:\/\/arantv.az\/wp-content\/uploads\/2020\/07\/meclis-te-4-parti-ortak-bildiriyle-ermenistan-in-saldirisini-kinadi_1594928305.jpg",620,349,false],"2048x2048":["https:\/\/arantv.az\/wp-content\/uploads\/2020\/07\/meclis-te-4-parti-ortak-bildiriyle-ermenistan-in-saldirisini-kinadi_1594928305.jpg",620,349,false],"post-thumbnail":["https:\/\/arantv.az\/wp-content\/uploads\/2020\/07\/meclis-te-4-parti-ortak-bildiriyle-ermenistan-in-saldirisini-kinadi_1594928305-240x172.jpg",240,172,true],"advps-thumb-one":["https:\/\/arantv.az\/wp-content\/uploads\/2020\/07\/meclis-te-4-parti-ortak-bildiriyle-ermenistan-in-saldirisini-kinadi_1594928305.jpg",620,349,false]},"rttpg_author":{"display_name":"V\u00fcsal Rafiqo\u011flu","author_link":"https:\/\/arantv.az\/?author=2"},"rttpg_comment":0,"rttpg_category":"<a href=\"https:\/\/arantv.az\/?cat=4\" rel=\"category\">Siyas\u0259t<\/a>","rttpg_excerpt":"T\u00fcrkiy\u0259nin AKP, CHP, MHP v\u0259 \u0130Y\u0130 partiyalar\u0131 birg\u0259 b\u0259yanat yayaraq, Erm\u0259nistan\u0131n Az\u0259rbaycana qar\u015f\u0131 h\u00fccumlar\u0131n\u0131 q\u0131nay\u0131blar. Bununla ba\u011fl\u0131 \u201cHaberGlobal\u201d m\u0259lumat yay\u0131b. Birg\u0259 b\u0259yanatda deyilir: \u201cT\u00fcrkiy\u0259 B\u00f6y\u00fck Mill\u0259t M\u0259clisi olaraq, Erm\u0259nistan silahl\u0131 q\u00fcvv\u0259l\u0259rinin 12 iyuldan ba\u015flayaraq, Az\u0259rbaycan\u0131n Tovuz rayonuna etdiyi h\u00fccumu \u015fidd\u0259tl\u0259 q\u0131nay\u0131r\u0131q. Erm\u0259nistan s\u0259hv yoldad\u0131r. Az\u0259rbaycan\u0131n Yuxar\u0131 Qaraba\u011f b\u00f6lg\u0259sini v\u0259 \u0259traf\u0131ndak\u0131 rayonlar\u0131 ill\u0259rdir i\u015f\u011fal alt\u0131nda saxlayan&hellip;","_links":{"self":[{"href":"https:\/\/arantv.az\/index.php?rest_route=\/wp\/v2\/posts\/192486"}],"collection":[{"href":"https:\/\/arantv.az\/index.php?rest_route=\/wp\/v2\/posts"}],"about":[{"href":"https:\/\/arantv.az\/index.php?rest_route=\/wp\/v2\/types\/post"}],"author":[{"embeddable":true,"href":"https:\/\/arantv.az\/index.php?rest_route=\/wp\/v2\/users\/2"}],"replies":[{"embeddable":true,"href":"https:\/\/arantv.az\/index.php?rest_route=%2Fwp%2Fv2%2Fcomments&post=192486"}],"version-history":[{"count":0,"href":"https:\/\/arantv.az\/index.php?rest_route=\/wp\/v2\/posts\/192486\/revisions"}],"wp:featuredmedia":[{"embeddable":true,"href":"https:\/\/arantv.az\/index.php?rest_route=\/wp\/v2\/media\/192487"}],"wp:attachment":[{"href":"https:\/\/arantv.az\/index.php?rest_route=%2Fwp%2Fv2%2Fmedia&parent=192486"}],"wp:term":[{"taxonomy":"category","embeddable":true,"href":"https:\/\/arantv.az\/index.php?rest_route=%2Fwp%2Fv2%2Fcategories&post=192486"},{"taxonomy":"post_tag","embeddable":true,"href":"https:\/\/arantv.az\/index.php?rest_route=%2Fwp%2Fv2%2Ftags&post=192486"}],"curies":[{"name":"wp","href":"https:\/\/api.w.org\/{rel}","templated":true}]}}