{"id":192498,"date":"2020-07-17T08:46:17","date_gmt":"2020-07-17T05:46:17","guid":{"rendered":"http:\/\/arantv.az\/?p=192498"},"modified":"2020-07-17T08:46:17","modified_gmt":"2020-07-17T05:46:17","slug":"rauf-faik-az%c9%99rbaycanli-oldugumuz-ucun-h%c9%99mis%c9%99-f%c9%99xr-edirik-foto","status":"publish","type":"post","link":"https:\/\/arantv.az\/?p=192498","title":{"rendered":"Rauf &#038; Faik: \u201cAz\u0259rbaycanl\u0131 oldu\u011fumuz \u00fc\u00e7\u00fcn h\u0259mi\u015f\u0259 f\u0259xr edirik\u201d &#8211; FOTO"},"content":{"rendered":"<p>MDB \u00f6lk\u0259l\u0259rind\u0259 m\u0259\u015fhur olan Az\u0259rbaycan \u0259silli \u0259kiz m\u00fc\u011f\u0259nni qarda\u015flar Rauf v\u0259 Faiq Mirzoyev (Rauf &amp; Faik) son g\u00fcnl\u0259r Erm\u0259nistan silahl\u0131 b\u00f6lm\u0259l\u0259rinin Az\u0259rbaycan Ordusunun Tovuz rayonu istiqam\u0259tind\u0259 t\u0259xribat c\u0259hdinin qar\u015f\u0131s\u0131n\u0131 alark\u0259n \u015f\u0259hid olmu\u015f h\u0259rb\u00e7il\u0259rimizin fotosunu payla\u015f\u0131mlar.<\/p>\n<p><strong>ARANTV.AZ<\/strong>\u00a0 x\u0259b\u0259r verir ki, onlar\u0131n r\u0259smi \u201cInstagram\u201d hesab\u0131nda payla\u015fd\u0131qlar\u0131 fotoya bu \u015f\u0259rhi yaz\u0131blar:<\/p>\n<p>\u201cAllah, onlar\u0131 hesabats\u0131z q\u0259bul et&#8230;<\/p>\n<article class=\"news\">\n<div class=\"news-inner\">\n<p>Biz az\u0259rbaycanl\u0131lar\u0131q v\u0259 bununla h\u0259mi\u015f\u0259 f\u0259xr etmi\u015fik.<\/p>\n<p>Bizim yarad\u0131c\u0131l\u0131\u011f\u0131m\u0131z siyas\u0259td\u0259n k\u0259nard\u0131r.<\/p>\n<p>Biz V\u0259t\u0259nimizi v\u0259 \u00f6lk\u0259mizi sevirik, b\u00fct\u00fcn d\u00fcnyada yaln\u0131z s\u00fclh ist\u0259yirik.<\/p>\n<p>V\u0259t\u0259nimiz\u0259 v\u0259 \u00f6lk\u0259miz\u0259 g\u00f6r\u0259 susa bilm\u0259rik.<\/p>\n<p>Xahi\u015f edirik, h\u0259rbi \u0259m\u0259liyyatlar\u0131 dayand\u0131r\u0131n, biz s\u00fclh\u00fcn t\u0259r\u0259fdar\u0131y\u0131q\u201d.<\/p>\n<div>\n<blockquote class=\"instagram-media\" data-instgrm-captioned=\"\" data-instgrm-permalink=\"https:\/\/www.instagram.com\/p\/CCts7MvDeVQ\/?utm_source=ig_embed&amp;utm_campaign=loading\" data-instgrm-version=\"12\">\n<div>\n<div>\n<div><\/div>\n<div>\n<div><\/div>\n<div><\/div>\n<\/div>\n<\/div>\n<div><\/div>\n<div><\/div>\n<div>\n<div><a href=\"https:\/\/www.instagram.com\/p\/CCts7MvDeVQ\/?utm_source=ig_embed&amp;utm_campaign=loading\" target=\"_blank\" rel=\"noopener\">\u041f\u043e\u0441\u043c\u043e\u0442\u0440\u0435\u0442\u044c \u044d\u0442\u0443 \u043f\u0443\u0431\u043b\u0438\u043a\u0430\u0446\u0438\u044e \u0432 Instagram<\/a><\/div>\n<\/div>\n<div><\/div>\n<div>\n<div>\n<div><\/div>\n<div><\/div>\n<div><\/div>\n<\/div>\n<div>\n<div><\/div>\n<div><\/div>\n<\/div>\n<div>\n<div><\/div>\n<div><\/div>\n<div><\/div>\n<\/div>\n<\/div>\n<p><a href=\"https:\/\/www.instagram.com\/p\/CCts7MvDeVQ\/?utm_source=ig_embed&amp;utm_campaign=loading\" target=\"_blank\" rel=\"noopener\">&#8230;\u043e \u0410\u043b\u043b\u0430\u0445 \u043f\u0440\u0438\u043c\u0438 \u0438\u0445 \u0431\u0435\u0437 \u043e\u0442\u0447\u0435\u0442\u0430 &#8230; \u2800 \u043c\u044b \u0410\u0437\u0435\u0440\u0431\u0430\u0439\u0434\u0436\u0430\u043d\u0446\u044b \u0438 \u0432\u0441\u0435\u0433\u0434\u0430 \u044d\u0442\u0438\u043c \u0433\u043e\u0440\u0434\u0438\u043b\u0438\u0441\u044c. \ud83c\udde6\ud83c\uddff \u2800 \u043d\u0430\u0448\u0435 \u0442\u0432\u043e\u0440\u0447\u0435\u0441\u0442\u0432\u043e \u0432\u043d\u0435 \u043f\u043e\u043b\u0438\u0442\u0438\u043a\u0438 .. \u043c\u044b \u043b\u044e\u0431\u0438\u043c \u043d\u0430\u0448\u0443 \u0420\u043e\u0434\u0438\u043d\u0443 \u0438 \u043d\u0430\u0448\u0443 \u0441\u0442\u0440\u0430\u043d\u0443, \u043c\u044b \u0445\u043e\u0442\u0438\u043c \u0442\u043e\u043b\u044c\u043a\u043e \u043c\u0438\u0440\u0430 \u0432\u043e \u0432\u0441\u0435\u043c \u043c\u0438\u0440\u0435 .. \u2800 \u043c\u044b \u043d\u0435 \u043c\u043e\u0436\u0435\u043c \u043c\u043e\u043b\u0447\u0430\u0442\u044c \u044d\u0442\u043e \u043d\u0430\u0448\u0430 \u0441\u0442\u0440\u0430\u043d\u0430 \u0438 \u0420\u043e\u0434\u0438\u043d\u0430. \u041f\u043e\u0436\u0430\u043b\u0443\u0439\u0441\u0442\u0430 \u043f\u0440\u0435\u043a\u0440\u0430\u0442\u0438\u0442\u0435 \u0432\u0441\u0435 \u0432\u043e\u0435\u043d\u043d\u044b\u0435 \u0434\u0435\u0439\u0441\u0442\u0432\u0438\u044f, \u043c\u044b \u0437\u0430 \u043c\u0438\u0440 \u2665\ufe0f<\/a><\/p>\n<p>\u041f\u0443\u0431\u043b\u0438\u043a\u0430\u0446\u0438\u044f \u043e\u0442\u00a0<a href=\"https:\/\/www.instagram.com\/rauf_faik\/?utm_source=ig_embed&amp;utm_campaign=loading\" target=\"_blank\" rel=\"noopener\">Rauf &amp; Faik<\/a>\u00a0(@rauf_faik)\u00a0<time datetime=\"2020-07-16T19:06:39+00:00\">16 \u0418\u044e\u043b 2020 \u0432 12:06 PDT<\/time><\/p>\n<\/div>\n<\/blockquote>\n<\/div>\n<\/div>\n<\/article>\n<h2 class=\"news-share-title\"><\/h2>\n<p>Oxu.Az<\/p>\n","protected":false},"excerpt":{"rendered":"<p>MDB \u00f6lk\u0259l\u0259rind\u0259 m\u0259\u015fhur olan Az\u0259rbaycan \u0259silli \u0259kiz m\u00fc\u011f\u0259nni qarda\u015flar Rauf v\u0259 Faiq Mirzoyev (Rauf &amp; Faik) son g\u00fcnl\u0259r Erm\u0259nistan silahl\u0131 b\u00f6lm\u0259l\u0259rinin Az\u0259rbaycan Ordusunun Tovuz rayonu istiqam\u0259tind\u0259 t\u0259xribat c\u0259hdinin qar\u015f\u0131s\u0131n\u0131 alark\u0259n \u015f\u0259hid olmu\u015f h\u0259rb\u00e7il\u0259rimizin fotosunu payla\u015f\u0131mlar. ARANTV.AZ\u00a0 x\u0259b\u0259r verir ki, onlar\u0131n r\u0259smi \u201cInstagram\u201d hesab\u0131nda payla\u015fd\u0131qlar\u0131 fotoya bu \u015f\u0259rhi yaz\u0131blar: \u201cAllah, onlar\u0131 hesabats\u0131z q\u0259bul et&#8230; Biz az\u0259rbaycanl\u0131lar\u0131q v\u0259 bununla h\u0259mi\u015f\u0259 f\u0259xr etmi\u015fik. Bizim yarad\u0131c\u0131l\u0131\u011f\u0131m\u0131z siyas\u0259td\u0259n k\u0259nard\u0131r. Biz V\u0259t\u0259nimizi v\u0259 \u00f6lk\u0259mizi sevirik, b\u00fct\u00fcn d\u00fcnyada yaln\u0131z s\u00fclh ist\u0259yirik. V\u0259t\u0259nimiz\u0259 v\u0259 \u00f6lk\u0259miz\u0259 g\u00f6r\u0259 susa bilm\u0259rik. Xahi\u015f edirik, h\u0259rbi \u0259m\u0259liyyatlar\u0131 dayand\u0131r\u0131n, biz s\u00fclh\u00fcn t\u0259r\u0259fdar\u0131y\u0131q\u201d. \u041f\u043e\u0441\u043c\u043e\u0442\u0440\u0435\u0442\u044c \u044d\u0442\u0443&hellip;<\/p>\n","protected":false},"author":2,"featured_media":192499,"comment_status":"closed","ping_status":"closed","sticky":false,"template":"","format":"standard","meta":{"om_disable_all_campaigns":false,"_monsterinsights_skip_tracking":false,"_monsterinsights_sitenote_active":false,"_monsterinsights_sitenote_note":"","_monsterinsights_sitenote_category":0},"categories":[20],"tags":[],"aioseo_notices":[],"gutentor_comment":0,"rttpg_featured_image_url":{"full":["https:\/\/arantv.az\/wp-content\/uploads\/2020\/07\/zxczxc.jpg",620,465,false],"landscape":["https:\/\/arantv.az\/wp-content\/uploads\/2020\/07\/zxczxc.jpg",620,465,false],"portraits":["https:\/\/arantv.az\/wp-content\/uploads\/2020\/07\/zxczxc.jpg",620,465,false],"thumbnail":["https:\/\/arantv.az\/wp-content\/uploads\/2020\/07\/zxczxc-150x150.jpg",150,150,true],"medium":["https:\/\/arantv.az\/wp-content\/uploads\/2020\/07\/zxczxc-300x225.jpg",300,225,true],"large":["https:\/\/arantv.az\/wp-content\/uploads\/2020\/07\/zxczxc.jpg",620,465,false],"1536x1536":["https:\/\/arantv.az\/wp-content\/uploads\/2020\/07\/zxczxc.jpg",620,465,false],"2048x2048":["https:\/\/arantv.az\/wp-content\/uploads\/2020\/07\/zxczxc.jpg",620,465,false],"post-thumbnail":["https:\/\/arantv.az\/wp-content\/uploads\/2020\/07\/zxczxc-240x172.jpg",240,172,true],"advps-thumb-one":["https:\/\/arantv.az\/wp-content\/uploads\/2020\/07\/zxczxc.jpg",620,465,false]},"rttpg_author":{"display_name":"V\u00fcsal Rafiqo\u011flu","author_link":"https:\/\/arantv.az\/?author=2"},"rttpg_comment":0,"rttpg_category":"<a href=\"https:\/\/arantv.az\/?cat=20\" rel=\"category\">\u015eou biznes<\/a>","rttpg_excerpt":"MDB \u00f6lk\u0259l\u0259rind\u0259 m\u0259\u015fhur olan Az\u0259rbaycan \u0259silli \u0259kiz m\u00fc\u011f\u0259nni qarda\u015flar Rauf v\u0259 Faiq Mirzoyev (Rauf &amp; Faik) son g\u00fcnl\u0259r Erm\u0259nistan silahl\u0131 b\u00f6lm\u0259l\u0259rinin Az\u0259rbaycan Ordusunun Tovuz rayonu istiqam\u0259tind\u0259 t\u0259xribat c\u0259hdinin qar\u015f\u0131s\u0131n\u0131 alark\u0259n \u015f\u0259hid olmu\u015f h\u0259rb\u00e7il\u0259rimizin fotosunu payla\u015f\u0131mlar. ARANTV.AZ\u00a0 x\u0259b\u0259r verir ki, onlar\u0131n r\u0259smi \u201cInstagram\u201d hesab\u0131nda payla\u015fd\u0131qlar\u0131 fotoya bu \u015f\u0259rhi yaz\u0131blar: \u201cAllah, onlar\u0131 hesabats\u0131z q\u0259bul et&#8230; Biz az\u0259rbaycanl\u0131lar\u0131q&hellip;","_links":{"self":[{"href":"https:\/\/arantv.az\/index.php?rest_route=\/wp\/v2\/posts\/192498"}],"collection":[{"href":"https:\/\/arantv.az\/index.php?rest_route=\/wp\/v2\/posts"}],"about":[{"href":"https:\/\/arantv.az\/index.php?rest_route=\/wp\/v2\/types\/post"}],"author":[{"embeddable":true,"href":"https:\/\/arantv.az\/index.php?rest_route=\/wp\/v2\/users\/2"}],"replies":[{"embeddable":true,"href":"https:\/\/arantv.az\/index.php?rest_route=%2Fwp%2Fv2%2Fcomments&post=192498"}],"version-history":[{"count":0,"href":"https:\/\/arantv.az\/index.php?rest_route=\/wp\/v2\/posts\/192498\/revisions"}],"wp:featuredmedia":[{"embeddable":true,"href":"https:\/\/arantv.az\/index.php?rest_route=\/wp\/v2\/media\/192499"}],"wp:attachment":[{"href":"https:\/\/arantv.az\/index.php?rest_route=%2Fwp%2Fv2%2Fmedia&parent=192498"}],"wp:term":[{"taxonomy":"category","embeddable":true,"href":"https:\/\/arantv.az\/index.php?rest_route=%2Fwp%2Fv2%2Fcategories&post=192498"},{"taxonomy":"post_tag","embeddable":true,"href":"https:\/\/arantv.az\/index.php?rest_route=%2Fwp%2Fv2%2Ftags&post=192498"}],"curies":[{"name":"wp","href":"https:\/\/api.w.org\/{rel}","templated":true}]}}