{"id":192506,"date":"2020-07-17T08:48:46","date_gmt":"2020-07-17T05:48:46","guid":{"rendered":"http:\/\/arantv.az\/?p=192506"},"modified":"2020-07-17T08:48:46","modified_gmt":"2020-07-17T05:48:46","slug":"jah-khalib-az%c9%99rbaycanli-generalin-s%c9%99klini-paylasdi-foto","status":"publish","type":"post","link":"https:\/\/arantv.az\/?p=192506","title":{"rendered":"\u201cJah Khalib\u201d az\u0259rbaycanl\u0131 general\u0131n \u015f\u0259klini payla\u015fd\u0131 &#8211; FOTO"},"content":{"rendered":"<p>Rusiyada m\u00fc\u011f\u0259nnilik f\u0259aliyy\u0259ti il\u0259 m\u0259\u015f\u011ful olan Az\u0259rbaycan \u0259silli B\u0259xtiyar M\u0259mm\u0259dov (Jah Khalib) son g\u00fcnl\u0259r Erm\u0259nistan silahl\u0131 b\u00f6lm\u0259l\u0259rinin Az\u0259rbaycan Ordusunun Tovuz rayonu istiqam\u0259tind\u0259 t\u0259xribat c\u0259hdinin qar\u015f\u0131s\u0131n\u0131 alark\u0259n \u015f\u0259hid olmu\u015f general-mayor Polad H\u0259\u015fimovun fotosunu payla\u015f\u0131b.<\/p>\n<p><b>ARANTV.AZ\u00a0<\/b> x\u0259b\u0259r verir ki, o, \u201cInstagram\u201d hesab\u0131nda payla\u015fd\u0131\u011f\u0131 fotoya bu \u015f\u0259rhi yaz\u0131b:<\/p>\n<p>\u201cGeneral-mayor Polad H\u0259\u015fimovun simas\u0131nda haz\u0131rk\u0131 v\u0259ziyy\u0259tl\u0259 ba\u011fl\u0131 b\u00fct\u00fcn \u015f\u0259hidl\u0259rin ail\u0259l\u0259rin\u0259 d\u0259rin h\u00fcz\u00fcn il\u0259 ba\u015fsa\u011fl\u0131\u011f\u0131 verir\u0259m\u201d.<\/p>\n<div><iframe id=\"instagram-embed-0\" class=\"instagram-media instagram-media-rendered\" src=\"https:\/\/www.instagram.com\/p\/CCtUUWrJnRh\/embed\/captioned\/?cr=1&amp;v=12&amp;wp=540&amp;rd=https%3A%2F%2Foxu.az&amp;rp=%2Fshowbiz%2F406421#%7B%22ci%22%3A0%2C%22os%22%3A3515.904999920167%2C%22ls%22%3A2577.6499999919906%2C%22le%22%3A2590.1649999432266%7D\" height=\"828\" frameborder=\"0\" scrolling=\"no\" allowfullscreen=\"allowfullscreen\" data-instgrm-payload-id=\"instagram-media-payload-0\" data-mce-fragment=\"1\"><\/iframe><\/div>\n<p>Oxu.Az<\/p>\n","protected":false},"excerpt":{"rendered":"<p>Rusiyada m\u00fc\u011f\u0259nnilik f\u0259aliyy\u0259ti il\u0259 m\u0259\u015f\u011ful olan Az\u0259rbaycan \u0259silli B\u0259xtiyar M\u0259mm\u0259dov (Jah Khalib) son g\u00fcnl\u0259r Erm\u0259nistan silahl\u0131 b\u00f6lm\u0259l\u0259rinin Az\u0259rbaycan Ordusunun Tovuz rayonu istiqam\u0259tind\u0259 t\u0259xribat c\u0259hdinin qar\u015f\u0131s\u0131n\u0131 alark\u0259n \u015f\u0259hid olmu\u015f general-mayor Polad H\u0259\u015fimovun fotosunu payla\u015f\u0131b. ARANTV.AZ\u00a0 x\u0259b\u0259r verir ki, o, \u201cInstagram\u201d hesab\u0131nda payla\u015fd\u0131\u011f\u0131 fotoya bu \u015f\u0259rhi yaz\u0131b: \u201cGeneral-mayor Polad H\u0259\u015fimovun simas\u0131nda haz\u0131rk\u0131 v\u0259ziyy\u0259tl\u0259 ba\u011fl\u0131 b\u00fct\u00fcn \u015f\u0259hidl\u0259rin ail\u0259l\u0259rin\u0259 d\u0259rin h\u00fcz\u00fcn il\u0259 ba\u015fsa\u011fl\u0131\u011f\u0131 verir\u0259m\u201d. Oxu.Az<\/p>\n","protected":false},"author":2,"featured_media":192507,"comment_status":"closed","ping_status":"closed","sticky":false,"template":"","format":"standard","meta":{"om_disable_all_campaigns":false,"_monsterinsights_skip_tracking":false,"_monsterinsights_sitenote_active":false,"_monsterinsights_sitenote_note":"","_monsterinsights_sitenote_category":0},"categories":[20],"tags":[],"aioseo_notices":[],"gutentor_comment":0,"rttpg_featured_image_url":{"full":["https:\/\/arantv.az\/wp-content\/uploads\/2020\/07\/2695e7340cd7.jpg",620,337,false],"landscape":["https:\/\/arantv.az\/wp-content\/uploads\/2020\/07\/2695e7340cd7.jpg",620,337,false],"portraits":["https:\/\/arantv.az\/wp-content\/uploads\/2020\/07\/2695e7340cd7.jpg",620,337,false],"thumbnail":["https:\/\/arantv.az\/wp-content\/uploads\/2020\/07\/2695e7340cd7-150x150.jpg",150,150,true],"medium":["https:\/\/arantv.az\/wp-content\/uploads\/2020\/07\/2695e7340cd7-300x163.jpg",300,163,true],"large":["https:\/\/arantv.az\/wp-content\/uploads\/2020\/07\/2695e7340cd7.jpg",620,337,false],"1536x1536":["https:\/\/arantv.az\/wp-content\/uploads\/2020\/07\/2695e7340cd7.jpg",620,337,false],"2048x2048":["https:\/\/arantv.az\/wp-content\/uploads\/2020\/07\/2695e7340cd7.jpg",620,337,false],"post-thumbnail":["https:\/\/arantv.az\/wp-content\/uploads\/2020\/07\/2695e7340cd7-240x172.jpg",240,172,true],"advps-thumb-one":["https:\/\/arantv.az\/wp-content\/uploads\/2020\/07\/2695e7340cd7.jpg",620,337,false]},"rttpg_author":{"display_name":"V\u00fcsal Rafiqo\u011flu","author_link":"https:\/\/arantv.az\/?author=2"},"rttpg_comment":0,"rttpg_category":"<a href=\"https:\/\/arantv.az\/?cat=20\" rel=\"category\">\u015eou biznes<\/a>","rttpg_excerpt":"Rusiyada m\u00fc\u011f\u0259nnilik f\u0259aliyy\u0259ti il\u0259 m\u0259\u015f\u011ful olan Az\u0259rbaycan \u0259silli B\u0259xtiyar M\u0259mm\u0259dov (Jah Khalib) son g\u00fcnl\u0259r Erm\u0259nistan silahl\u0131 b\u00f6lm\u0259l\u0259rinin Az\u0259rbaycan Ordusunun Tovuz rayonu istiqam\u0259tind\u0259 t\u0259xribat c\u0259hdinin qar\u015f\u0131s\u0131n\u0131 alark\u0259n \u015f\u0259hid olmu\u015f general-mayor Polad H\u0259\u015fimovun fotosunu payla\u015f\u0131b. ARANTV.AZ\u00a0 x\u0259b\u0259r verir ki, o, \u201cInstagram\u201d hesab\u0131nda payla\u015fd\u0131\u011f\u0131 fotoya bu \u015f\u0259rhi yaz\u0131b: \u201cGeneral-mayor Polad H\u0259\u015fimovun simas\u0131nda haz\u0131rk\u0131 v\u0259ziyy\u0259tl\u0259 ba\u011fl\u0131 b\u00fct\u00fcn \u015f\u0259hidl\u0259rin ail\u0259l\u0259rin\u0259&hellip;","_links":{"self":[{"href":"https:\/\/arantv.az\/index.php?rest_route=\/wp\/v2\/posts\/192506"}],"collection":[{"href":"https:\/\/arantv.az\/index.php?rest_route=\/wp\/v2\/posts"}],"about":[{"href":"https:\/\/arantv.az\/index.php?rest_route=\/wp\/v2\/types\/post"}],"author":[{"embeddable":true,"href":"https:\/\/arantv.az\/index.php?rest_route=\/wp\/v2\/users\/2"}],"replies":[{"embeddable":true,"href":"https:\/\/arantv.az\/index.php?rest_route=%2Fwp%2Fv2%2Fcomments&post=192506"}],"version-history":[{"count":0,"href":"https:\/\/arantv.az\/index.php?rest_route=\/wp\/v2\/posts\/192506\/revisions"}],"wp:featuredmedia":[{"embeddable":true,"href":"https:\/\/arantv.az\/index.php?rest_route=\/wp\/v2\/media\/192507"}],"wp:attachment":[{"href":"https:\/\/arantv.az\/index.php?rest_route=%2Fwp%2Fv2%2Fmedia&parent=192506"}],"wp:term":[{"taxonomy":"category","embeddable":true,"href":"https:\/\/arantv.az\/index.php?rest_route=%2Fwp%2Fv2%2Fcategories&post=192506"},{"taxonomy":"post_tag","embeddable":true,"href":"https:\/\/arantv.az\/index.php?rest_route=%2Fwp%2Fv2%2Ftags&post=192506"}],"curies":[{"name":"wp","href":"https:\/\/api.w.org\/{rel}","templated":true}]}}