{"id":192510,"date":"2020-07-17T08:50:11","date_gmt":"2020-07-17T05:50:11","guid":{"rendered":"http:\/\/arantv.az\/?p=192510"},"modified":"2020-07-17T08:50:11","modified_gmt":"2020-07-17T05:50:11","slug":"bakida-%c9%99haliy%c9%99-kuc%c9%99y%c9%99-cixmamaqla-bagli-x%c9%99b%c9%99rdarliq","status":"publish","type":"post","link":"https:\/\/arantv.az\/?p=192510","title":{"rendered":"Bak\u0131da \u0259haliy\u0259 k\u00fc\u00e7\u0259y\u0259 \u00e7\u0131xmamaqla ba\u011fl\u0131 X\u018fB\u018fRDARLIQ"},"content":{"rendered":"<p>Sabah x\u00fcsusi kimy\u0259vi madd\u0259l\u0259rl\u0259 paytaxtda\u00a0\u0259lav\u0259 g\u00fccl\u0259ndirilmi\u015f dezinfeksiya i\u015fl\u0259ri apar\u0131lacaq.<\/p>\n<p>Bu bar\u0259d\u0259 paytaxt\u0131n kommunal strukturlar\u0131ndan m\u0259lumat verilib.<\/p>\n<p>\u0130yul ay\u0131n\u0131n 18-i s\u0259h\u0259r saatlar\u0131ndan etibar\u0259n \u015f\u0259h\u0259rin m\u0259rk\u0259zi v\u0259 q\u0259s\u0259b\u0259l\u0259rd\u0259ki \u0259sas k\u00fc\u00e7\u0259, prospekt v\u0259 yollarda x\u00fcsusi kimy\u0259vi madd\u0259l\u0259rl\u0259 n\u00f6vb\u0259ti d\u0259f\u0259 \u0259lav\u0259 g\u00fccl\u0259ndirilmi\u015f dezinfeksiya i\u015fl\u0259ri apar\u0131lacaq.<\/p>\n<p>Bununla \u0259laq\u0259dar madd\u0259l\u0259rin q\u0259bul olunmu\u015f m\u00fc\u0259yy\u0259n toksikliyini n\u0259z\u0259r\u0259 alaraq, sakinl\u0259rd\u0259n ciddi z\u0259rur\u0259t yaranmad\u0131\u011f\u0131 t\u0259qdird\u0259 qeyd olunan tarixd\u0259 k\u00fc\u00e7\u0259y\u0259 \u00e7\u0131xmamaq xahi\u015f olunur.<\/p>\n","protected":false},"excerpt":{"rendered":"<p>Sabah x\u00fcsusi kimy\u0259vi madd\u0259l\u0259rl\u0259 paytaxtda\u00a0\u0259lav\u0259 g\u00fccl\u0259ndirilmi\u015f dezinfeksiya i\u015fl\u0259ri apar\u0131lacaq. Bu bar\u0259d\u0259 paytaxt\u0131n kommunal strukturlar\u0131ndan m\u0259lumat verilib. \u0130yul ay\u0131n\u0131n 18-i s\u0259h\u0259r saatlar\u0131ndan etibar\u0259n \u015f\u0259h\u0259rin m\u0259rk\u0259zi v\u0259 q\u0259s\u0259b\u0259l\u0259rd\u0259ki \u0259sas k\u00fc\u00e7\u0259, prospekt v\u0259 yollarda x\u00fcsusi kimy\u0259vi madd\u0259l\u0259rl\u0259 n\u00f6vb\u0259ti d\u0259f\u0259 \u0259lav\u0259 g\u00fccl\u0259ndirilmi\u015f dezinfeksiya i\u015fl\u0259ri apar\u0131lacaq. Bununla \u0259laq\u0259dar madd\u0259l\u0259rin q\u0259bul olunmu\u015f m\u00fc\u0259yy\u0259n toksikliyini n\u0259z\u0259r\u0259 alaraq, sakinl\u0259rd\u0259n ciddi z\u0259rur\u0259t yaranmad\u0131\u011f\u0131 t\u0259qdird\u0259 qeyd olunan tarixd\u0259 k\u00fc\u00e7\u0259y\u0259 \u00e7\u0131xmamaq xahi\u015f olunur.<\/p>\n","protected":false},"author":2,"featured_media":192511,"comment_status":"closed","ping_status":"closed","sticky":false,"template":"","format":"standard","meta":{"om_disable_all_campaigns":false,"_monsterinsights_skip_tracking":false,"_monsterinsights_sitenote_active":false,"_monsterinsights_sitenote_note":"","_monsterinsights_sitenote_category":0},"categories":[26],"tags":[],"aioseo_notices":[],"gutentor_comment":0,"rttpg_featured_image_url":{"full":["https:\/\/arantv.az\/wp-content\/uploads\/2020\/07\/kuceeee.jpg",590,393,false],"landscape":["https:\/\/arantv.az\/wp-content\/uploads\/2020\/07\/kuceeee.jpg",590,393,false],"portraits":["https:\/\/arantv.az\/wp-content\/uploads\/2020\/07\/kuceeee.jpg",590,393,false],"thumbnail":["https:\/\/arantv.az\/wp-content\/uploads\/2020\/07\/kuceeee-150x150.jpg",150,150,true],"medium":["https:\/\/arantv.az\/wp-content\/uploads\/2020\/07\/kuceeee-300x200.jpg",300,200,true],"large":["https:\/\/arantv.az\/wp-content\/uploads\/2020\/07\/kuceeee.jpg",590,393,false],"1536x1536":["https:\/\/arantv.az\/wp-content\/uploads\/2020\/07\/kuceeee.jpg",590,393,false],"2048x2048":["https:\/\/arantv.az\/wp-content\/uploads\/2020\/07\/kuceeee.jpg",590,393,false],"post-thumbnail":["https:\/\/arantv.az\/wp-content\/uploads\/2020\/07\/kuceeee-240x172.jpg",240,172,true],"advps-thumb-one":["https:\/\/arantv.az\/wp-content\/uploads\/2020\/07\/kuceeee.jpg",590,393,false]},"rttpg_author":{"display_name":"V\u00fcsal Rafiqo\u011flu","author_link":"https:\/\/arantv.az\/?author=2"},"rttpg_comment":0,"rttpg_category":"<a href=\"https:\/\/arantv.az\/?cat=26\" rel=\"category\">Sosial<\/a>","rttpg_excerpt":"Sabah x\u00fcsusi kimy\u0259vi madd\u0259l\u0259rl\u0259 paytaxtda\u00a0\u0259lav\u0259 g\u00fccl\u0259ndirilmi\u015f dezinfeksiya i\u015fl\u0259ri apar\u0131lacaq. Bu bar\u0259d\u0259 paytaxt\u0131n kommunal strukturlar\u0131ndan m\u0259lumat verilib. \u0130yul ay\u0131n\u0131n 18-i s\u0259h\u0259r saatlar\u0131ndan etibar\u0259n \u015f\u0259h\u0259rin m\u0259rk\u0259zi v\u0259 q\u0259s\u0259b\u0259l\u0259rd\u0259ki \u0259sas k\u00fc\u00e7\u0259, prospekt v\u0259 yollarda x\u00fcsusi kimy\u0259vi madd\u0259l\u0259rl\u0259 n\u00f6vb\u0259ti d\u0259f\u0259 \u0259lav\u0259 g\u00fccl\u0259ndirilmi\u015f dezinfeksiya i\u015fl\u0259ri apar\u0131lacaq. Bununla \u0259laq\u0259dar madd\u0259l\u0259rin q\u0259bul olunmu\u015f m\u00fc\u0259yy\u0259n toksikliyini n\u0259z\u0259r\u0259 alaraq, sakinl\u0259rd\u0259n ciddi z\u0259rur\u0259t yaranmad\u0131\u011f\u0131 t\u0259qdird\u0259&hellip;","_links":{"self":[{"href":"https:\/\/arantv.az\/index.php?rest_route=\/wp\/v2\/posts\/192510"}],"collection":[{"href":"https:\/\/arantv.az\/index.php?rest_route=\/wp\/v2\/posts"}],"about":[{"href":"https:\/\/arantv.az\/index.php?rest_route=\/wp\/v2\/types\/post"}],"author":[{"embeddable":true,"href":"https:\/\/arantv.az\/index.php?rest_route=\/wp\/v2\/users\/2"}],"replies":[{"embeddable":true,"href":"https:\/\/arantv.az\/index.php?rest_route=%2Fwp%2Fv2%2Fcomments&post=192510"}],"version-history":[{"count":0,"href":"https:\/\/arantv.az\/index.php?rest_route=\/wp\/v2\/posts\/192510\/revisions"}],"wp:featuredmedia":[{"embeddable":true,"href":"https:\/\/arantv.az\/index.php?rest_route=\/wp\/v2\/media\/192511"}],"wp:attachment":[{"href":"https:\/\/arantv.az\/index.php?rest_route=%2Fwp%2Fv2%2Fmedia&parent=192510"}],"wp:term":[{"taxonomy":"category","embeddable":true,"href":"https:\/\/arantv.az\/index.php?rest_route=%2Fwp%2Fv2%2Fcategories&post=192510"},{"taxonomy":"post_tag","embeddable":true,"href":"https:\/\/arantv.az\/index.php?rest_route=%2Fwp%2Fv2%2Ftags&post=192510"}],"curies":[{"name":"wp","href":"https:\/\/api.w.org\/{rel}","templated":true}]}}