{"id":192515,"date":"2020-07-17T09:01:43","date_gmt":"2020-07-17T06:01:43","guid":{"rendered":"http:\/\/arantv.az\/?p=192515"},"modified":"2020-07-17T09:01:43","modified_gmt":"2020-07-17T06:01:43","slug":"daxili-dusm%c9%99nl%c9%99rin-qarsisinda-yuz-minl%c9%99rl%c9%99-dovl%c9%99tci-v%c9%99t%c9%99nsev%c9%99r-xalq-faktoru-dayanib","status":"publish","type":"post","link":"https:\/\/arantv.az\/?p=192515","title":{"rendered":"&#8220;Daxili d\u00fc\u015fm\u0259nl\u0259rin qar\u015f\u0131s\u0131nda y\u00fcz minl\u0259rl\u0259 d\u00f6vl\u0259t\u00e7i, v\u0259t\u0259nsev\u0259r xalq faktoru dayan\u0131b&#8221;"},"content":{"rendered":"<blockquote><p><em><strong>C\u0259bh\u0259nin Erm\u0259nistanla s\u0259rh\u0259d olan Tovuz rayonu istiqam\u0259tind\u0259 t\u0259cav\u00fczkar d\u00fc\u015fm\u0259nin t\u0259xribat c\u0259hdl\u0259rinin qar\u015f\u0131s\u0131 \u015fanl\u0131 Ordumuz t\u0259r\u0259find\u0259n al\u0131nark\u0259n, erm\u0259ni i\u015f\u011fal\u00e7\u0131lar\u0131na layiqli cavab veril\u0259rk\u0259n, h\u0259r bir v\u0259t\u0259nsev\u0259r az\u0259rbaycanl\u0131 bundan h\u0259dsiz q\u00fcrur ke\u00e7irdi, qisas hissi il\u0259 al\u0131\u015f\u0131b-yand\u0131 v\u0259 eyni zamanda, milli h\u0259mr\u0259ylik n\u00fcmayi\u015f etdir\u0259r\u0259k d\u00f6vl\u0259tin, Ali Ba\u015f Komandan\u0131n yan\u0131nda oldu\u011funu n\u00fcmayi\u015f etdirdi.<\/strong><\/em><\/p><\/blockquote>\n<p><strong>ARANTV.AZ<\/strong>\u00a0 x\u0259b\u0259r verir ki, bunu\u00a0<a href=\"https:\/\/az.trend.az\/\" target=\"_blank\" rel=\"noopener\">Trend<\/a>-\u0259 &#8220;S\u018fS&#8221; q\u0259zetinin ba\u015f redaktoru, siyasi ekspert B\u0259hruz Quliyev Prezident \u0130lham \u018fliyevin 6 ay\u0131n yekunlar\u0131 il\u0259 ba\u011fl\u0131 Nazirl\u0259r Kabinetinin iclas\u0131nda ir\u0259li s\u00fcrd\u00fcy\u00fc fikirl\u0259rini \u015f\u0259rh ed\u0259rk\u0259n deyib.<\/p>\n<p>Onun s\u00f6zl\u0259rin\u0259 g\u00f6r\u0259, bu x\u00fcsusda m\u00fcxalif\u0259ty\u00f6nl\u00fc siyasi partiyalar\u0131n h\u0259mr\u0259ylik n\u00fcmayi\u015f etdirm\u0259l\u0259ri il\u0259 birg\u0259 vahid b\u0259yanat yaymalar\u0131 v\u0259 eyni zamanda, d\u00f6vl\u0259tin yan\u0131nda olduqlar\u0131n\u0131 vur\u011fulamalar\u0131 da dem\u0259y\u0259 \u0259sas verir ki, \u00fcmummilli maraqlar daim \u00f6z\u00fcn\u00fc \u0259n y\u00fcks\u0259k m\u00f6vqed\u0259n g\u00f6st\u0259rib v\u0259 xalq\u0131n birliyi bir daha s\u00fcbut etdi.<\/p>\n<p>&#8220;Lakin t\u0259\u0259ss\u00fcfl\u0259 qeyd etm\u0259k ist\u0259rdim ki, iyulun 14-15-d\u0259 xalq\u0131n paytaxt k\u00fc\u00e7\u0259l\u0259rind\u0259ki milli y\u00fcr\u00fc\u015f\u00fc zaman\u0131 qarag\u00fcruh\u00e7ular t\u0259r\u0259find\u0259n \u0259vv\u0259lc\u0259d\u0259n planla\u015fd\u0131r\u0131lm\u0131\u015f t\u0259xribat\u00e7\u0131 qruplar \u00f6z \u00e7irkin m\u0259qs\u0259dl\u0259rini i\u015f\u0259 salma\u011fa c\u0259hdl\u0259r g\u00f6st\u0259rdil\u0259r&#8221;, dey\u0259n siyasi ekspert\u0259 g\u00f6r\u0259, onlar\u0131n ictimai asayi\u015fi pozma\u011fa y\u00f6n\u0259lmi\u015f add\u0131mlar\u0131, el\u0259c\u0259 d\u0259 polis\u0259 qar\u015f\u0131 m\u00fcqavim\u0259tl\u0259ri art\u0131q bu m\u0259s\u0259l\u0259d\u0259 kiml\u0259rin \u0259ll\u0259rinin oldu\u011funu a\u00e7\u0131q-ayd\u0131n \u015f\u0259kild\u0259 g\u00f6st\u0259rdi: &#8220;Bax\u0131n, c\u0259nab Prezident \u00e7\u0131x\u0131\u015f\u0131 zaman\u0131 bu m\u0259s\u0259l\u0259nin \u00fcz\u0259rind\u0259 dayanaraq kifay\u0259t q\u0259d\u0259r dol\u011fun t\u0259hlilini apard\u0131, arqumentl\u0259rl\u0259 \u015f\u0259rh etdi. B\u0259s n\u0259 idi h\u0259min arqumentl\u0259r? Birincisi, d\u00f6vl\u0259t ba\u015f\u00e7\u0131m\u0131z qeyd etdi ki, hans\u0131sa t\u0259xribat\u00e7\u0131 q\u00fcvv\u0259l\u0259rin, &#8220;be\u015finci kolon&#8221; n\u00fcmay\u0259nd\u0259l\u0259rinin, satq\u0131nlar\u0131n y\u00fcr\u00fc\u015f i\u015ftirak\u00e7\u0131lar\u0131n\u0131n daxilin\u0259 s\u0131zaraq ictimai asayi\u015fi pozmaq planlar\u0131 \u0259vv\u0259ld\u0259n d\u0259 istisna eidlmirdi. \u0130kincisi, t\u0259xribat\u00e7\u0131lar\u0131n \u0259mrl\u0259ri anti-Az\u0259rbaycan q\u00fcvv\u0259l\u0259rd\u0259n g\u0259lib v\u0259 onlar bilavasit\u0259 \u00f6z a\u011falar\u0131n\u0131n tap\u015f\u0131r\u0131qlar\u0131n\u0131 icra etm\u0259kd\u0259n \u00f6tr\u00fc canf\u0259\u015fanl\u0131q edirdil\u0259r. \u00dc\u00e7\u00fcnc\u00fcs\u00fc is\u0259, radikal m\u00fcxalif\u0259t\u00e7il\u0259rin yer ald\u0131qlar\u0131 t\u0259xribat\u00e7\u0131 qruplar \u00fcmummilli \u015f\u00fcarlar\u0131n \u0259ksin\u0259 olaraq, tamamil\u0259 f\u0259rqli \u015f\u00fcarlar s\u0259sl\u0259ndirm\u0259kl\u0259, \u0259slind\u0259 \u00f6z x\u0259yan\u0259tkarl\u0131qlar\u0131n\u0131 a\u00e7\u0131\u011fa \u00e7\u0131xarm\u0131\u015f oldular. Lakin bununla yana\u015f\u0131, \u0259g\u0259r bizl\u0259r V\u0259t\u0259n, d\u00f6vl\u0259t namin\u0259 d\u00fc\u015fm\u0259n\u0259 layiqli cavab verm\u0259y\u0259 haz\u0131r\u0131qsa, v\u0259t\u0259nda\u015fl\u0131q brcumuzdan \u00e7\u0131x\u0131\u015f ed\u0259r\u0259k bel\u0259l\u0259rinin if\u015fa olunmas\u0131 \u00fc\u00e7\u00fcn \u0259limizd\u0259n g\u0259l\u0259n d\u0259st\u0259yi \u0259sirg\u0259m\u0259m\u0259liyik, daxili d\u00fc\u015fm\u0259nl\u0259rin layiq olduqlar\u0131 c\u0259zalar\u0131n\u0131n al\u0131nmas\u0131 \u00fc\u00e7\u00fcn \u00e7al\u0131\u015fmal\u0131y\u0131q&#8221;.<\/p>\n<p>&#8220;Onlar h\u0259l\u0259 d\u0259 90-c\u0131 ill\u0259rin \u0259vv\u0259ll\u0259rind\u0259ki x\u00fclyalar\u0131 il\u0259 ya\u015fay\u0131rlar v\u0259 n\u0259z\u0259r\u0259 alarsaq ki, t\u0259xribat\u00e7\u0131lar\u0131n \u0259ks\u0259riyy\u0259ti bu g\u00fcn \u00f6zl\u0259rini &#8220;m\u00fcxalif\u0259tin apar\u0131c\u0131 partiyas\u0131&#8221; kimi ictimai r\u0259y\u0259 zorla s\u0131r\u0131yan qruplar\u0131n t\u0259rkibind\u0259 yer al\u0131rlar, bu zaman dig\u0259r n\u00fcanslar da ortaya \u00e7\u0131xma\u011fa ba\u015flay\u0131r&#8221;, dey\u0259n &#8220;S\u018fS&#8221; q\u0259zetinin ba\u015f redaktoru daha bir maraql\u0131 m\u0259qama toxunub: &#8220;T\u0259\u0259ss\u00fcf ki, el\u0259 siyasi m\u00fcxalif\u0259t partiyalar\u0131 var ki, onlar s\u00f6zd\u0259 bir, \u0259m\u0259ld\u0259 tamamil\u0259 f\u0259rqli fikirl\u0259rl\u0259 \u00e7\u0131x\u0131\u015f edirl\u0259r. Diqq\u0259t yetirs\u0259k g\u00f6r\u0259rik ki, daim anti-milli m\u0259qs\u0259dl\u0259ri, xarici q\u00fcvv\u0259l\u0259rl\u0259 i\u015f birliyi quran siyasi m\u00fcxalif\u0259tin b\u0259lli partiyalar\u0131 bu d\u0259f\u0259 d\u0259 m\u0259tbuata \u00e7\u0131xaraq guya \u00fcmummilli maraqlar kontekstind\u0259n \u00e7\u0131x\u0131\u015f etdil\u0259r, siyasi f\u0259aliyy\u0259tl\u0259rini dondurduqlar\u0131n\u0131 b\u0259yan etdil\u0259r. Amma biz sonradan n\u0259yin \u015fahidl\u0259rin\u0259 \u00e7evrildik? G\u00f6rd\u00fck ki, onlar sad\u0259c\u0259 s\u00fcni g\u00f6r\u00fcnt\u00fc yaratd\u0131lar v\u0259 n\u0259tic\u0259d\u0259 kirli add\u0131mlar\u0131 t\u0259xribat t\u00f6r\u0259tm\u0259k c\u0259hdl\u0259rin\u0259 t\u0259r\u0259f \u00e7evrildi. Prezident \u0130lham \u018fliyev Nazirl\u0259r Kabinetinin son iclas\u0131nda bu m\u0259s\u0259l\u0259y\u0259 \u0259b\u0259s yer\u0259 diqq\u0259t \u00e7\u0259km\u0259di. O bildirdi ki, b\u0259zi m\u00fcxalif qurumlar, o c\u00fcml\u0259d\u0259n Az\u0259rbaycan Xalq C\u0259bh\u0259sinin n\u00fcmay\u0259nd\u0259l\u0259ri o k\u00fctl\u0259nin i\u00e7in\u0259 gir\u0259r\u0259k orada insanlar\u0131 qanunsuz \u0259m\u0259ll\u0259r\u0259 s\u00f6vq etm\u0259y\u0259 \u00e7al\u0131\u015f\u0131blar. B\u0259li, m\u0259hz anti-milli q\u00fcvv\u0259l\u0259rin ist\u0259nil\u0259n c\u0259hdl\u0259rinin qar\u015f\u0131s\u0131 al\u0131nacaq bel\u0259l\u0259rinin \u00e7irkabl\u0131 \u0259m\u0259ll\u0259ri birm\u0259nal\u0131 \u015f\u0259kild\u0259 blok olunacaq. \u00c7\u00fcnki daxili d\u00fc\u015fm\u0259nl\u0259rin qar\u015f\u0131s\u0131nda y\u00fcz minl\u0259rl\u0259 d\u00f6vl\u0259t\u00e7i, V\u0259t\u0259nsev\u0259r xalq faktoru dayan\u0131b, bundan sonra da ke\u00e7ilm\u0259z sip\u0259r kimi dayanacaq. M\u0259hz iyulun 15-d\u0259 t\u00f6r\u0259dil\u0259n t\u0259xribat art\u0131q h\u0259r birimiz\u0259 ay\u0131q olma\u011f\u0131 t\u0259lqin edir&#8221;.<\/p>\n<p>&#8220;C\u0259bh\u0259d\u0259 d\u00fc\u015fm\u0259n\u0259 layiqli cavab veril\u0259rk\u0259n, i\u015f\u011fal\u00e7\u0131lar yer\u0259rind\u0259 otuzdurulark\u0259n dig\u0259r t\u0259xribat\u00e7\u0131 qruplar sosial \u015f\u0259b\u0259k\u0259l\u0259rd\u0259, saytlarda v\u0259 s. informasiya m\u0259nb\u0259l\u0259rind\u0259 \u00e7a\u015fq\u0131nl\u0131q yaratma\u011fa y\u00f6n\u0259lmi\u015f \u0259m\u0259ll\u0259r\u0259 r\u0259vac verdil\u0259r&#8221;, dey\u0259n B\u0259hruz Quliyev\u0259 g\u00f6r\u0259, bu da s\u00fcbut edir ki, erm\u0259ni t\u0259cav\u00fczkarlar\u0131 s\u0259rh\u0259dd\u0259, bunlar da daxild\u0259 f\u0259aliyy\u0259t\u0259 ke\u00e7ibl\u0259r: &#8220;\u018flb\u0259tt\u0259, onlar\u0131nm h\u0259r birin\u0259 bundan sonra da layiqli d\u0259rsl\u0259r veril\u0259c\u0259k, bel\u0259l\u0259ri c\u0259zalar\u0131n\u0131 \u0259vv\u0259ll\u0259r d\u0259 al\u0131blar, bundan sonra da m\u00fctl\u0259q alacaqlar. Ancaq unutmamal\u0131y\u0131q ki, daxild\u0259ki d\u00fc\u015fm\u0259nl\u0259r erm\u0259nil\u0259rd\u0259n d\u0259 bet\u0259rdil\u0259r. Tarix d\u0259 bunu d\u0259f\u0259l\u0259rl\u0259 t\u0259sdiq edib. M\u0259hz Xalq C\u0259bh\u0259sinin f\u0259raril\u0259rin\u0259 g\u00f6r\u0259 bu g\u00fcn o torpaqlardad\u0131r. Buradan yen\u0259 d\u0259 b\u0259lli olur ki, s\u00f6z\u00fc il\u0259 \u0259m\u0259li bir olmayan Xalq C\u0259bh\u0259si bu c\u00fcr t\u0259xribat\u00e7\u0131lar\u0131 vasit\u0259si il\u0259 u\u011furlar\u0131m\u0131za k\u00f6lg\u0259 salma\u011fa \u00e7al\u0131\u015f\u0131rlar. M\u0259g\u0259r &#8220;siyasi f\u0259aliyy\u0259tl\u0259rini dondurduqlar\u0131n\u0131&#8221; dem\u0259kl\u0259 insanlar\u0131 aldatma\u011fa \u00e7al\u0131\u015fanlar bir m\u00fcdd\u0259t \u0259vv\u0259l neftin qiym\u0259tinin a\u015fa\u011f\u0131 d\u00fc\u015fm\u0259si il\u0259 ba\u011fl\u0131 bir-birl\u0259rini t\u0259brik ed\u0259nl\u0259r deyildil\u0259rmi? Buna sevin\u0259nl\u0259r xalq\u0131n, d\u00f6vl\u0259tin a\u011f\u0131r v\u0259ziyy\u0259tind\u0259 daha da az\u011f\u0131nla\u015fa, d\u00fc\u015fm\u0259n erm\u0259nid\u0259n daha bet\u0259r \u0259m\u0259ll\u0259r\u0259 ged\u0259rl\u0259r. M\u0259hz bu bax\u0131mdan, d\u00f6vl\u0259t ba\u015f\u00e7\u0131m\u0131z h\u0259min m\u0259s\u0259l\u0259nin \u00fcz\u0259rind\u0259 dayanmaqla yana\u015f\u0131, bu g\u00fcn h\u0259min d\u00fc\u015fm\u0259n\u00e7iliyin ba\u015f\u0131nda dayanan\u0131n Az\u0259rbaycan Xalq C\u0259bh\u0259si, onun \u00e7irkin, satq\u0131n r\u0259hb\u0259rl\u0259ri, \u00f6z\u00fcn\u00fc lider sayan qorxaqlar, f\u0259raril\u0259r oldu\u011funu x\u00fcsusil\u0259 xat\u0131rlatd\u0131. Onlar m\u00fcq\u0259dd\u0259s amal\u0131m\u0131z, m\u00fcbariz\u0259 v\u0259 q\u0259hr\u0259manl\u0131q s\u0259lnam\u0259miz olan Qaraba\u011f \u015f\u00fcar\u0131 alt\u0131nda \u00f6zl\u0259rin\u0259 siyasi kapital y\u0131\u011fmaqla m\u0259\u015f\u011fuldurlar v\u0259 h\u0259r d\u0259f\u0259 populizm p\u0259rd\u0259si alt\u0131ndak\u0131 oyunbazl\u0131q c\u0259hdl\u0259ri if\u015fa olunmaqda davam ed\u0259c\u0259k. Bundan kims\u0259 \u015f\u00fcbh\u0259 etm\u0259m\u0259lidir&#8221;.<\/p>\n","protected":false},"excerpt":{"rendered":"<p>C\u0259bh\u0259nin Erm\u0259nistanla s\u0259rh\u0259d olan Tovuz rayonu istiqam\u0259tind\u0259 t\u0259cav\u00fczkar d\u00fc\u015fm\u0259nin t\u0259xribat c\u0259hdl\u0259rinin qar\u015f\u0131s\u0131 \u015fanl\u0131 Ordumuz t\u0259r\u0259find\u0259n al\u0131nark\u0259n, erm\u0259ni i\u015f\u011fal\u00e7\u0131lar\u0131na layiqli cavab veril\u0259rk\u0259n, h\u0259r bir v\u0259t\u0259nsev\u0259r az\u0259rbaycanl\u0131 bundan h\u0259dsiz q\u00fcrur ke\u00e7irdi, qisas hissi il\u0259 al\u0131\u015f\u0131b-yand\u0131 v\u0259 eyni zamanda, milli h\u0259mr\u0259ylik n\u00fcmayi\u015f etdir\u0259r\u0259k d\u00f6vl\u0259tin, Ali Ba\u015f Komandan\u0131n yan\u0131nda oldu\u011funu n\u00fcmayi\u015f etdirdi. ARANTV.AZ\u00a0 x\u0259b\u0259r verir ki, bunu\u00a0Trend-\u0259 &#8220;S\u018fS&#8221; q\u0259zetinin ba\u015f redaktoru, siyasi ekspert B\u0259hruz Quliyev Prezident \u0130lham \u018fliyevin 6 ay\u0131n yekunlar\u0131 il\u0259 ba\u011fl\u0131 Nazirl\u0259r Kabinetinin iclas\u0131nda ir\u0259li s\u00fcrd\u00fcy\u00fc fikirl\u0259rini \u015f\u0259rh ed\u0259rk\u0259n deyib. Onun s\u00f6zl\u0259rin\u0259 g\u00f6r\u0259, bu x\u00fcsusda m\u00fcxalif\u0259ty\u00f6nl\u00fc siyasi partiyalar\u0131n h\u0259mr\u0259ylik n\u00fcmayi\u015f etdirm\u0259l\u0259ri il\u0259&hellip;<\/p>\n","protected":false},"author":2,"featured_media":192516,"comment_status":"closed","ping_status":"closed","sticky":false,"template":"","format":"standard","meta":{"om_disable_all_campaigns":false,"_monsterinsights_skip_tracking":false,"_monsterinsights_sitenote_active":false,"_monsterinsights_sitenote_note":"","_monsterinsights_sitenote_category":0},"categories":[4],"tags":[],"aioseo_notices":[],"gutentor_comment":0,"rttpg_featured_image_url":{"full":["https:\/\/arantv.az\/wp-content\/uploads\/2020\/07\/866176.jpg",800,600,false],"landscape":["https:\/\/arantv.az\/wp-content\/uploads\/2020\/07\/866176.jpg",800,600,false],"portraits":["https:\/\/arantv.az\/wp-content\/uploads\/2020\/07\/866176.jpg",800,600,false],"thumbnail":["https:\/\/arantv.az\/wp-content\/uploads\/2020\/07\/866176-150x150.jpg",150,150,true],"medium":["https:\/\/arantv.az\/wp-content\/uploads\/2020\/07\/866176-300x225.jpg",300,225,true],"large":["https:\/\/arantv.az\/wp-content\/uploads\/2020\/07\/866176.jpg",640,480,false],"1536x1536":["https:\/\/arantv.az\/wp-content\/uploads\/2020\/07\/866176.jpg",800,600,false],"2048x2048":["https:\/\/arantv.az\/wp-content\/uploads\/2020\/07\/866176.jpg",800,600,false],"post-thumbnail":["https:\/\/arantv.az\/wp-content\/uploads\/2020\/07\/866176-240x172.jpg",240,172,true],"advps-thumb-one":["https:\/\/arantv.az\/wp-content\/uploads\/2020\/07\/866176.jpg",800,600,false]},"rttpg_author":{"display_name":"V\u00fcsal Rafiqo\u011flu","author_link":"https:\/\/arantv.az\/?author=2"},"rttpg_comment":0,"rttpg_category":"<a href=\"https:\/\/arantv.az\/?cat=4\" rel=\"category\">Siyas\u0259t<\/a>","rttpg_excerpt":"C\u0259bh\u0259nin Erm\u0259nistanla s\u0259rh\u0259d olan Tovuz rayonu istiqam\u0259tind\u0259 t\u0259cav\u00fczkar d\u00fc\u015fm\u0259nin t\u0259xribat c\u0259hdl\u0259rinin qar\u015f\u0131s\u0131 \u015fanl\u0131 Ordumuz t\u0259r\u0259find\u0259n al\u0131nark\u0259n, erm\u0259ni i\u015f\u011fal\u00e7\u0131lar\u0131na layiqli cavab veril\u0259rk\u0259n, h\u0259r bir v\u0259t\u0259nsev\u0259r az\u0259rbaycanl\u0131 bundan h\u0259dsiz q\u00fcrur ke\u00e7irdi, qisas hissi il\u0259 al\u0131\u015f\u0131b-yand\u0131 v\u0259 eyni zamanda, milli h\u0259mr\u0259ylik n\u00fcmayi\u015f etdir\u0259r\u0259k d\u00f6vl\u0259tin, Ali Ba\u015f Komandan\u0131n yan\u0131nda oldu\u011funu n\u00fcmayi\u015f etdirdi. ARANTV.AZ\u00a0 x\u0259b\u0259r verir ki, bunu\u00a0Trend-\u0259 &#8220;S\u018fS&#8221; q\u0259zetinin&hellip;","_links":{"self":[{"href":"https:\/\/arantv.az\/index.php?rest_route=\/wp\/v2\/posts\/192515"}],"collection":[{"href":"https:\/\/arantv.az\/index.php?rest_route=\/wp\/v2\/posts"}],"about":[{"href":"https:\/\/arantv.az\/index.php?rest_route=\/wp\/v2\/types\/post"}],"author":[{"embeddable":true,"href":"https:\/\/arantv.az\/index.php?rest_route=\/wp\/v2\/users\/2"}],"replies":[{"embeddable":true,"href":"https:\/\/arantv.az\/index.php?rest_route=%2Fwp%2Fv2%2Fcomments&post=192515"}],"version-history":[{"count":0,"href":"https:\/\/arantv.az\/index.php?rest_route=\/wp\/v2\/posts\/192515\/revisions"}],"wp:featuredmedia":[{"embeddable":true,"href":"https:\/\/arantv.az\/index.php?rest_route=\/wp\/v2\/media\/192516"}],"wp:attachment":[{"href":"https:\/\/arantv.az\/index.php?rest_route=%2Fwp%2Fv2%2Fmedia&parent=192515"}],"wp:term":[{"taxonomy":"category","embeddable":true,"href":"https:\/\/arantv.az\/index.php?rest_route=%2Fwp%2Fv2%2Fcategories&post=192515"},{"taxonomy":"post_tag","embeddable":true,"href":"https:\/\/arantv.az\/index.php?rest_route=%2Fwp%2Fv2%2Ftags&post=192515"}],"curies":[{"name":"wp","href":"https:\/\/api.w.org\/{rel}","templated":true}]}}