{"id":192527,"date":"2020-07-17T09:13:55","date_gmt":"2020-07-17T06:13:55","guid":{"rendered":"http:\/\/arantv.az\/?p=192527"},"modified":"2020-07-17T09:13:55","modified_gmt":"2020-07-17T06:13:55","slug":"seyran-ismayilxanov-az%c9%99rbaycanima-s%c9%99br-dil%c9%99yir%c9%99m","status":"publish","type":"post","link":"https:\/\/arantv.az\/?p=192527","title":{"rendered":"Seyran \u0130smay\u0131lxanov: &#8220;Az\u0259rbaycan\u0131ma S\u018fBR D\u0130L\u018fY\u0130R\u018fM&#8221;"},"content":{"rendered":"<p>Almaniyada m\u00fc\u011f\u0259nnilik f\u0259aliyy\u0259ti il\u0259 m\u0259\u015f\u011ful olan az\u0259rbaycanl\u0131 m\u00fc\u011f\u0259nni Seyran \u0130smay\u0131lxanov son g\u00fcnl\u0259r Erm\u0259nistan silahl\u0131 b\u00f6lm\u0259l\u0259rinin Az\u0259rbaycan Ordusunun Tovuz rayonu istiqam\u0259tind\u0259 t\u0259xribat c\u0259hdinin qar\u015f\u0131s\u0131n\u0131 alark\u0259n \u015f\u0259hid olmu\u015f h\u0259rb\u00e7il\u0259rimizl\u0259 ba\u011fl\u0131 payla\u015f\u0131m edib. <strong>ARANTV.AZ<\/strong> x\u0259b\u0259r verir ki, o, \u201cInstagram\u201d hesab\u0131nda Az\u0259rbaycan bayra\u011f\u0131n\u0131n fotosunu payla\u015faraq, bu \u015f\u0259rhi yaz\u0131b: &#8220;Az\u0259rbaycan\u0131ma s\u0259br dil\u0259yir\u0259m&#8221;.<\/p>\n","protected":false},"excerpt":{"rendered":"<p>Almaniyada m\u00fc\u011f\u0259nnilik f\u0259aliyy\u0259ti il\u0259 m\u0259\u015f\u011ful olan az\u0259rbaycanl\u0131 m\u00fc\u011f\u0259nni Seyran \u0130smay\u0131lxanov son g\u00fcnl\u0259r Erm\u0259nistan silahl\u0131 b\u00f6lm\u0259l\u0259rinin Az\u0259rbaycan Ordusunun Tovuz rayonu istiqam\u0259tind\u0259 t\u0259xribat c\u0259hdinin qar\u015f\u0131s\u0131n\u0131 alark\u0259n \u015f\u0259hid olmu\u015f h\u0259rb\u00e7il\u0259rimizl\u0259 ba\u011fl\u0131 payla\u015f\u0131m edib. ARANTV.AZ x\u0259b\u0259r verir ki, o, \u201cInstagram\u201d hesab\u0131nda Az\u0259rbaycan bayra\u011f\u0131n\u0131n fotosunu payla\u015faraq, bu \u015f\u0259rhi yaz\u0131b: &#8220;Az\u0259rbaycan\u0131ma s\u0259br dil\u0259yir\u0259m&#8221;.<\/p>\n","protected":false},"author":2,"featured_media":192528,"comment_status":"closed","ping_status":"closed","sticky":false,"template":"","format":"standard","meta":{"om_disable_all_campaigns":false,"_monsterinsights_skip_tracking":false,"_monsterinsights_sitenote_active":false,"_monsterinsights_sitenote_note":"","_monsterinsights_sitenote_category":0},"categories":[20],"tags":[],"aioseo_notices":[],"gutentor_comment":0,"rttpg_featured_image_url":{"full":["https:\/\/arantv.az\/wp-content\/uploads\/2020\/07\/110191517_947801855692695_8761702903758329649_n.jpg",960,640,false],"landscape":["https:\/\/arantv.az\/wp-content\/uploads\/2020\/07\/110191517_947801855692695_8761702903758329649_n.jpg",960,640,false],"portraits":["https:\/\/arantv.az\/wp-content\/uploads\/2020\/07\/110191517_947801855692695_8761702903758329649_n.jpg",960,640,false],"thumbnail":["https:\/\/arantv.az\/wp-content\/uploads\/2020\/07\/110191517_947801855692695_8761702903758329649_n-150x150.jpg",150,150,true],"medium":["https:\/\/arantv.az\/wp-content\/uploads\/2020\/07\/110191517_947801855692695_8761702903758329649_n-300x200.jpg",300,200,true],"large":["https:\/\/arantv.az\/wp-content\/uploads\/2020\/07\/110191517_947801855692695_8761702903758329649_n.jpg",640,427,false],"1536x1536":["https:\/\/arantv.az\/wp-content\/uploads\/2020\/07\/110191517_947801855692695_8761702903758329649_n.jpg",960,640,false],"2048x2048":["https:\/\/arantv.az\/wp-content\/uploads\/2020\/07\/110191517_947801855692695_8761702903758329649_n.jpg",960,640,false],"post-thumbnail":["https:\/\/arantv.az\/wp-content\/uploads\/2020\/07\/110191517_947801855692695_8761702903758329649_n-240x172.jpg",240,172,true],"advps-thumb-one":["https:\/\/arantv.az\/wp-content\/uploads\/2020\/07\/110191517_947801855692695_8761702903758329649_n-960x620.jpg",960,620,true]},"rttpg_author":{"display_name":"V\u00fcsal Rafiqo\u011flu","author_link":"https:\/\/arantv.az\/?author=2"},"rttpg_comment":0,"rttpg_category":"<a href=\"https:\/\/arantv.az\/?cat=20\" rel=\"category\">\u015eou biznes<\/a>","rttpg_excerpt":"Almaniyada m\u00fc\u011f\u0259nnilik f\u0259aliyy\u0259ti il\u0259 m\u0259\u015f\u011ful olan az\u0259rbaycanl\u0131 m\u00fc\u011f\u0259nni Seyran \u0130smay\u0131lxanov son g\u00fcnl\u0259r Erm\u0259nistan silahl\u0131 b\u00f6lm\u0259l\u0259rinin Az\u0259rbaycan Ordusunun Tovuz rayonu istiqam\u0259tind\u0259 t\u0259xribat c\u0259hdinin qar\u015f\u0131s\u0131n\u0131 alark\u0259n \u015f\u0259hid olmu\u015f h\u0259rb\u00e7il\u0259rimizl\u0259 ba\u011fl\u0131 payla\u015f\u0131m edib. ARANTV.AZ x\u0259b\u0259r verir ki, o, \u201cInstagram\u201d hesab\u0131nda Az\u0259rbaycan bayra\u011f\u0131n\u0131n fotosunu payla\u015faraq, bu \u015f\u0259rhi yaz\u0131b: &#8220;Az\u0259rbaycan\u0131ma s\u0259br dil\u0259yir\u0259m&#8221;.","_links":{"self":[{"href":"https:\/\/arantv.az\/index.php?rest_route=\/wp\/v2\/posts\/192527"}],"collection":[{"href":"https:\/\/arantv.az\/index.php?rest_route=\/wp\/v2\/posts"}],"about":[{"href":"https:\/\/arantv.az\/index.php?rest_route=\/wp\/v2\/types\/post"}],"author":[{"embeddable":true,"href":"https:\/\/arantv.az\/index.php?rest_route=\/wp\/v2\/users\/2"}],"replies":[{"embeddable":true,"href":"https:\/\/arantv.az\/index.php?rest_route=%2Fwp%2Fv2%2Fcomments&post=192527"}],"version-history":[{"count":0,"href":"https:\/\/arantv.az\/index.php?rest_route=\/wp\/v2\/posts\/192527\/revisions"}],"wp:featuredmedia":[{"embeddable":true,"href":"https:\/\/arantv.az\/index.php?rest_route=\/wp\/v2\/media\/192528"}],"wp:attachment":[{"href":"https:\/\/arantv.az\/index.php?rest_route=%2Fwp%2Fv2%2Fmedia&parent=192527"}],"wp:term":[{"taxonomy":"category","embeddable":true,"href":"https:\/\/arantv.az\/index.php?rest_route=%2Fwp%2Fv2%2Fcategories&post=192527"},{"taxonomy":"post_tag","embeddable":true,"href":"https:\/\/arantv.az\/index.php?rest_route=%2Fwp%2Fv2%2Ftags&post=192527"}],"curies":[{"name":"wp","href":"https:\/\/api.w.org\/{rel}","templated":true}]}}