{"id":19253,"date":"2018-10-16T10:53:17","date_gmt":"2018-10-16T07:53:17","guid":{"rendered":"http:\/\/arantv.az\/?p=19253"},"modified":"2018-10-16T10:53:17","modified_gmt":"2018-10-16T07:53:17","slug":"pensiyalarin-orta-ayliq-m%c9%99bl%c9%99gind%c9%99-84-faiz-artim-qeyd%c9%99-alinib","status":"publish","type":"post","link":"https:\/\/arantv.az\/?p=19253","title":{"rendered":"Pensiyalar\u0131n orta ayl\u0131q m\u0259bl\u0259\u011find\u0259 8,4 faiz art\u0131m qeyd\u0259 al\u0131n\u0131b"},"content":{"rendered":"<p><strong>ARANTV.AZ<\/strong> x\u0259b\u0259r verir ki, Az\u0259rbaycanda pensiyalar\u0131n orta ayl\u0131q m\u0259bl\u0259\u011find\u0259 8,4 faiz art\u0131m qeyd\u0259 al\u0131n\u0131b. Eyni zamanda, bu ilin 9 ay\u0131nda pensiyalar\u0131n maliyy\u0259l\u0259\u015fm\u0259sin\u0259 \u00f6t\u0259n ilin m\u00fcvafiq d\u00f6vr\u00fcn\u0259 nisb\u0259t\u0259n 7,6 faiz \u00e7ox v\u0259sait y\u00f6n\u0259ldilib.<\/p>\n<p>Prezident \u0130lham \u018fliyevin tap\u015f\u0131r\u0131qlar\u0131na \u0259sas\u0259n h\u0259yata ke\u00e7iril\u0259n sosial m\u00fcdafi\u0259 t\u0259dbirl\u0259ri, s\u0131\u011forta-pensiya sisteminin davaml\u0131 inki\u015faf\u0131 sosial t\u0259minat sisteminin m\u00fch\u00fcm komponenti olan pensiyalar\u0131n cari ild\u0259 d\u0259 m\u00fct\u0259madi art\u0131m\u0131na imkan verib. 2018-ci ilin 1 oktyabr tarixin\u0259 \u00f6lk\u0259mizd\u0259 pensiyalar\u0131n orta ayl\u0131q m\u0259bl\u0259\u011fi\u00a0 2017-ci ilin m\u00fcvafiq d\u00f6vr\u00fcn\u0259 nisb\u0259t\u0259n 8,4 faiz artaraq 221,1 manata \u00e7at\u0131b. O c\u00fcml\u0259d\u0259n, ya\u015fa g\u00f6r\u0259 pensiyalar\u0131n orta ayl\u0131q m\u0259bl\u0259\u011fi 9 faiz \u00e7oxalaraq 249,1 manat t\u0259\u015fkil edib. Eyni zamanda, cari ilin 9 ay\u0131nda pensiyalar\u0131n maliyy\u0259l\u0259\u015fm\u0259sin\u0259 \u00f6t\u0259n ilin m\u00fcvafiq d\u00f6vr\u00fcn\u0259 nisb\u0259t\u0259n 7,6 faiz \u00e7ox v\u0259sait y\u00f6n\u0259ldilib. \u018fm\u0259k v\u0259 \u018fhalinin Sosial M\u00fcdafi\u0259si Nazirliyi yan\u0131nda D\u00f6vl\u0259t Sosial M\u00fcdafi\u0259 Fonduna daxilolmalar\u0131n h\u0259cmind\u0259 art\u0131m dinamikas\u0131n\u0131n davam etm\u0259si n\u0259tic\u0259sind\u0259 h\u0259r bir ay \u00fczr\u0259 pensiyalar\u0131n qrafik \u0259sas\u0131nda vaxtl\u0131-vaxt\u0131nda maliyy\u0259l\u0259\u015fdirilm\u0259si t\u0259min olunur. \u00d6lk\u0259mizd\u0259 pensiya alanlar\u0131n say\u0131 is\u0259 1 milyon 309 min n\u0259f\u0259rdir ki, bu da \u00f6lk\u0259 \u0259halisinin 13,2 faizini t\u0259\u015fkil edir. Pensiya\u00e7\u0131lar\u0131n 58,5 faizi ya\u015fa, 11,5 faizi ail\u0259 ba\u015f\u00e7\u0131s\u0131n\u0131 itirm\u0259y\u0259, qalanlar\u0131 is\u0259 \u0259lilliy\u0259 g\u00f6r\u0259 m\u00fcavin\u0259t alanlard\u0131r.<\/p>\n","protected":false},"excerpt":{"rendered":"<p>ARANTV.AZ x\u0259b\u0259r verir ki, Az\u0259rbaycanda pensiyalar\u0131n orta ayl\u0131q m\u0259bl\u0259\u011find\u0259 8,4 faiz art\u0131m qeyd\u0259 al\u0131n\u0131b. Eyni zamanda, bu ilin 9 ay\u0131nda pensiyalar\u0131n maliyy\u0259l\u0259\u015fm\u0259sin\u0259 \u00f6t\u0259n ilin m\u00fcvafiq d\u00f6vr\u00fcn\u0259 nisb\u0259t\u0259n 7,6 faiz \u00e7ox v\u0259sait y\u00f6n\u0259ldilib. Prezident \u0130lham \u018fliyevin tap\u015f\u0131r\u0131qlar\u0131na \u0259sas\u0259n h\u0259yata ke\u00e7iril\u0259n sosial m\u00fcdafi\u0259 t\u0259dbirl\u0259ri, s\u0131\u011forta-pensiya sisteminin davaml\u0131 inki\u015faf\u0131 sosial t\u0259minat sisteminin m\u00fch\u00fcm komponenti olan pensiyalar\u0131n cari ild\u0259 d\u0259 m\u00fct\u0259madi art\u0131m\u0131na imkan verib. 2018-ci ilin 1 oktyabr tarixin\u0259 \u00f6lk\u0259mizd\u0259 pensiyalar\u0131n orta ayl\u0131q m\u0259bl\u0259\u011fi\u00a0 2017-ci ilin m\u00fcvafiq d\u00f6vr\u00fcn\u0259 nisb\u0259t\u0259n 8,4 faiz artaraq 221,1 manata \u00e7at\u0131b. O c\u00fcml\u0259d\u0259n, ya\u015fa g\u00f6r\u0259 pensiyalar\u0131n orta ayl\u0131q m\u0259bl\u0259\u011fi 9&hellip;<\/p>\n","protected":false},"author":2,"featured_media":19254,"comment_status":"closed","ping_status":"closed","sticky":false,"template":"","format":"standard","meta":{"om_disable_all_campaigns":false,"_monsterinsights_skip_tracking":false,"_monsterinsights_sitenote_active":false,"_monsterinsights_sitenote_note":"","_monsterinsights_sitenote_category":0},"categories":[1],"tags":[],"aioseo_notices":[],"gutentor_comment":0,"rttpg_featured_image_url":{"full":["https:\/\/arantv.az\/wp-content\/uploads\/2018\/10\/dagnqull1lvuujjr0vvhrldj36bank.jpg",1110,825,false],"landscape":["https:\/\/arantv.az\/wp-content\/uploads\/2018\/10\/dagnqull1lvuujjr0vvhrldj36bank.jpg",1110,825,false],"portraits":["https:\/\/arantv.az\/wp-content\/uploads\/2018\/10\/dagnqull1lvuujjr0vvhrldj36bank.jpg",1110,825,false],"thumbnail":["https:\/\/arantv.az\/wp-content\/uploads\/2018\/10\/dagnqull1lvuujjr0vvhrldj36bank-150x150.jpg",150,150,true],"medium":["https:\/\/arantv.az\/wp-content\/uploads\/2018\/10\/dagnqull1lvuujjr0vvhrldj36bank-300x223.jpg",300,223,true],"large":["https:\/\/arantv.az\/wp-content\/uploads\/2018\/10\/dagnqull1lvuujjr0vvhrldj36bank-1024x761.jpg",640,476,true],"1536x1536":["https:\/\/arantv.az\/wp-content\/uploads\/2018\/10\/dagnqull1lvuujjr0vvhrldj36bank.jpg",1110,825,false],"2048x2048":["https:\/\/arantv.az\/wp-content\/uploads\/2018\/10\/dagnqull1lvuujjr0vvhrldj36bank.jpg",1110,825,false],"post-thumbnail":["https:\/\/arantv.az\/wp-content\/uploads\/2018\/10\/dagnqull1lvuujjr0vvhrldj36bank-240x172.jpg",240,172,true],"advps-thumb-one":["https:\/\/arantv.az\/wp-content\/uploads\/2018\/10\/dagnqull1lvuujjr0vvhrldj36bank-1110x620.jpg",1110,620,true]},"rttpg_author":{"display_name":"V\u00fcsal Rafiqo\u011flu","author_link":"https:\/\/arantv.az\/?author=2"},"rttpg_comment":0,"rttpg_category":"<a href=\"https:\/\/arantv.az\/?cat=1\" rel=\"category\">C\u0259miyy\u0259t<\/a>","rttpg_excerpt":"ARANTV.AZ x\u0259b\u0259r verir ki, Az\u0259rbaycanda pensiyalar\u0131n orta ayl\u0131q m\u0259bl\u0259\u011find\u0259 8,4 faiz art\u0131m qeyd\u0259 al\u0131n\u0131b. Eyni zamanda, bu ilin 9 ay\u0131nda pensiyalar\u0131n maliyy\u0259l\u0259\u015fm\u0259sin\u0259 \u00f6t\u0259n ilin m\u00fcvafiq d\u00f6vr\u00fcn\u0259 nisb\u0259t\u0259n 7,6 faiz \u00e7ox v\u0259sait y\u00f6n\u0259ldilib. Prezident \u0130lham \u018fliyevin tap\u015f\u0131r\u0131qlar\u0131na \u0259sas\u0259n h\u0259yata ke\u00e7iril\u0259n sosial m\u00fcdafi\u0259 t\u0259dbirl\u0259ri, s\u0131\u011forta-pensiya sisteminin davaml\u0131 inki\u015faf\u0131 sosial t\u0259minat sisteminin m\u00fch\u00fcm komponenti olan pensiyalar\u0131n cari ild\u0259&hellip;","_links":{"self":[{"href":"https:\/\/arantv.az\/index.php?rest_route=\/wp\/v2\/posts\/19253"}],"collection":[{"href":"https:\/\/arantv.az\/index.php?rest_route=\/wp\/v2\/posts"}],"about":[{"href":"https:\/\/arantv.az\/index.php?rest_route=\/wp\/v2\/types\/post"}],"author":[{"embeddable":true,"href":"https:\/\/arantv.az\/index.php?rest_route=\/wp\/v2\/users\/2"}],"replies":[{"embeddable":true,"href":"https:\/\/arantv.az\/index.php?rest_route=%2Fwp%2Fv2%2Fcomments&post=19253"}],"version-history":[{"count":0,"href":"https:\/\/arantv.az\/index.php?rest_route=\/wp\/v2\/posts\/19253\/revisions"}],"wp:featuredmedia":[{"embeddable":true,"href":"https:\/\/arantv.az\/index.php?rest_route=\/wp\/v2\/media\/19254"}],"wp:attachment":[{"href":"https:\/\/arantv.az\/index.php?rest_route=%2Fwp%2Fv2%2Fmedia&parent=19253"}],"wp:term":[{"taxonomy":"category","embeddable":true,"href":"https:\/\/arantv.az\/index.php?rest_route=%2Fwp%2Fv2%2Fcategories&post=19253"},{"taxonomy":"post_tag","embeddable":true,"href":"https:\/\/arantv.az\/index.php?rest_route=%2Fwp%2Fv2%2Ftags&post=19253"}],"curies":[{"name":"wp","href":"https:\/\/api.w.org\/{rel}","templated":true}]}}