{"id":192539,"date":"2020-07-17T09:23:11","date_gmt":"2020-07-17T06:23:11","guid":{"rendered":"http:\/\/arantv.az\/?p=192539"},"modified":"2020-07-17T09:23:11","modified_gmt":"2020-07-17T06:23:11","slug":"s%c9%99hid-gizir-yasar-babayevin-yeni-dogulan-qizi-video","status":"publish","type":"post","link":"https:\/\/arantv.az\/?p=192539","title":{"rendered":"\u015e\u0259hid gizir Ya\u015far Babayevin yeni do\u011fulan q\u0131z\u0131 &#8211; Video"},"content":{"rendered":"<div id=\"xeber_yazi\">\n<p><strong>X\u0259b\u0259r verdiyimiz kimi, Az\u0259rbaycan-Erm\u0259nistan d\u00f6vl\u0259t s\u0259rh\u0259dinin Tovuz rayonu istiqam\u0259tind\u0259 d\u00fc\u015fm\u0259n h\u00fccumunun qar\u015f\u0131s\u0131n\u0131 alark\u0259n \u015f\u0259hid olan A\u011fstafa rayon K\u00f6\u00e7\u0259sg\u0259r k\u0259nd sakini, 1987-ci il t\u0259v\u0259ll\u00fcdl\u00fc gizir Babayev Ya\u015far Vasif o\u011flunun \u00f6vlad\u0131 d\u00fcnyaya g\u0259lib.<\/strong><\/p>\n<div id=\"AdviadNativeVideo0\" class=\"AdviadNativeVideo\"><\/div>\n<p><strong>ARANTV.AZ<\/strong> &#8220;X\u0259z\u0259rx\u0259b\u0259r&#8221;\u0259 istinad\u0259n x\u0259b\u0259r verir ki, iki g\u00fcn \u0259vv\u0259l son m\u0259nzil\u0259 yola sal\u0131nan gizirimizin bu g\u00fcn q\u0131z \u00f6vlad\u0131 do\u011fulub.<\/p>\n<p>M\u00f6vzu il\u0259 ba\u011fl\u0131 reportaj\u0131 t\u0259qdim edirik:<iframe loading=\"lazy\" src=\"https:\/\/www.youtube.com\/embed\/zZOiNij2guA\" width=\"780\" height=\"450\" data-mce-fragment=\"1\"><\/iframe><\/p>\n<\/div>\n<div class=\"postDetails row-margin-top10\">\n<div class=\"col-md-3\">\n<div class=\"col-md-4\"><\/div>\n<\/div>\n<\/div>\n","protected":false},"excerpt":{"rendered":"<p>X\u0259b\u0259r verdiyimiz kimi, Az\u0259rbaycan-Erm\u0259nistan d\u00f6vl\u0259t s\u0259rh\u0259dinin Tovuz rayonu istiqam\u0259tind\u0259 d\u00fc\u015fm\u0259n h\u00fccumunun qar\u015f\u0131s\u0131n\u0131 alark\u0259n \u015f\u0259hid olan A\u011fstafa rayon K\u00f6\u00e7\u0259sg\u0259r k\u0259nd sakini, 1987-ci il t\u0259v\u0259ll\u00fcdl\u00fc gizir Babayev Ya\u015far Vasif o\u011flunun \u00f6vlad\u0131 d\u00fcnyaya g\u0259lib. ARANTV.AZ &#8220;X\u0259z\u0259rx\u0259b\u0259r&#8221;\u0259 istinad\u0259n x\u0259b\u0259r verir ki, iki g\u00fcn \u0259vv\u0259l son m\u0259nzil\u0259 yola sal\u0131nan gizirimizin bu g\u00fcn q\u0131z \u00f6vlad\u0131 do\u011fulub. M\u00f6vzu il\u0259 ba\u011fl\u0131 reportaj\u0131 t\u0259qdim edirik:<\/p>\n","protected":false},"author":2,"featured_media":192540,"comment_status":"closed","ping_status":"closed","sticky":false,"template":"","format":"standard","meta":{"om_disable_all_campaigns":false,"_monsterinsights_skip_tracking":false,"_monsterinsights_sitenote_active":false,"_monsterinsights_sitenote_note":"","_monsterinsights_sitenote_category":0},"categories":[26],"tags":[],"aioseo_notices":[],"gutentor_comment":0,"rttpg_featured_image_url":{"full":["https:\/\/arantv.az\/wp-content\/uploads\/2020\/07\/203229_7uul14vyxg.jpg",637,400,false],"landscape":["https:\/\/arantv.az\/wp-content\/uploads\/2020\/07\/203229_7uul14vyxg.jpg",637,400,false],"portraits":["https:\/\/arantv.az\/wp-content\/uploads\/2020\/07\/203229_7uul14vyxg.jpg",637,400,false],"thumbnail":["https:\/\/arantv.az\/wp-content\/uploads\/2020\/07\/203229_7uul14vyxg-150x150.jpg",150,150,true],"medium":["https:\/\/arantv.az\/wp-content\/uploads\/2020\/07\/203229_7uul14vyxg-300x188.jpg",300,188,true],"large":["https:\/\/arantv.az\/wp-content\/uploads\/2020\/07\/203229_7uul14vyxg.jpg",637,400,false],"1536x1536":["https:\/\/arantv.az\/wp-content\/uploads\/2020\/07\/203229_7uul14vyxg.jpg",637,400,false],"2048x2048":["https:\/\/arantv.az\/wp-content\/uploads\/2020\/07\/203229_7uul14vyxg.jpg",637,400,false],"post-thumbnail":["https:\/\/arantv.az\/wp-content\/uploads\/2020\/07\/203229_7uul14vyxg-240x172.jpg",240,172,true],"advps-thumb-one":["https:\/\/arantv.az\/wp-content\/uploads\/2020\/07\/203229_7uul14vyxg.jpg",637,400,false]},"rttpg_author":{"display_name":"V\u00fcsal Rafiqo\u011flu","author_link":"https:\/\/arantv.az\/?author=2"},"rttpg_comment":0,"rttpg_category":"<a href=\"https:\/\/arantv.az\/?cat=26\" rel=\"category\">Sosial<\/a>","rttpg_excerpt":"X\u0259b\u0259r verdiyimiz kimi, Az\u0259rbaycan-Erm\u0259nistan d\u00f6vl\u0259t s\u0259rh\u0259dinin Tovuz rayonu istiqam\u0259tind\u0259 d\u00fc\u015fm\u0259n h\u00fccumunun qar\u015f\u0131s\u0131n\u0131 alark\u0259n \u015f\u0259hid olan A\u011fstafa rayon K\u00f6\u00e7\u0259sg\u0259r k\u0259nd sakini, 1987-ci il t\u0259v\u0259ll\u00fcdl\u00fc gizir Babayev Ya\u015far Vasif o\u011flunun \u00f6vlad\u0131 d\u00fcnyaya g\u0259lib. ARANTV.AZ &#8220;X\u0259z\u0259rx\u0259b\u0259r&#8221;\u0259 istinad\u0259n x\u0259b\u0259r verir ki, iki g\u00fcn \u0259vv\u0259l son m\u0259nzil\u0259 yola sal\u0131nan gizirimizin bu g\u00fcn q\u0131z \u00f6vlad\u0131 do\u011fulub. M\u00f6vzu il\u0259 ba\u011fl\u0131 reportaj\u0131 t\u0259qdim&hellip;","_links":{"self":[{"href":"https:\/\/arantv.az\/index.php?rest_route=\/wp\/v2\/posts\/192539"}],"collection":[{"href":"https:\/\/arantv.az\/index.php?rest_route=\/wp\/v2\/posts"}],"about":[{"href":"https:\/\/arantv.az\/index.php?rest_route=\/wp\/v2\/types\/post"}],"author":[{"embeddable":true,"href":"https:\/\/arantv.az\/index.php?rest_route=\/wp\/v2\/users\/2"}],"replies":[{"embeddable":true,"href":"https:\/\/arantv.az\/index.php?rest_route=%2Fwp%2Fv2%2Fcomments&post=192539"}],"version-history":[{"count":0,"href":"https:\/\/arantv.az\/index.php?rest_route=\/wp\/v2\/posts\/192539\/revisions"}],"wp:featuredmedia":[{"embeddable":true,"href":"https:\/\/arantv.az\/index.php?rest_route=\/wp\/v2\/media\/192540"}],"wp:attachment":[{"href":"https:\/\/arantv.az\/index.php?rest_route=%2Fwp%2Fv2%2Fmedia&parent=192539"}],"wp:term":[{"taxonomy":"category","embeddable":true,"href":"https:\/\/arantv.az\/index.php?rest_route=%2Fwp%2Fv2%2Fcategories&post=192539"},{"taxonomy":"post_tag","embeddable":true,"href":"https:\/\/arantv.az\/index.php?rest_route=%2Fwp%2Fv2%2Ftags&post=192539"}],"curies":[{"name":"wp","href":"https:\/\/api.w.org\/{rel}","templated":true}]}}