{"id":192543,"date":"2020-07-17T09:24:50","date_gmt":"2020-07-17T06:24:50","guid":{"rendered":"http:\/\/arantv.az\/?p=192543"},"modified":"2020-07-17T09:24:50","modified_gmt":"2020-07-17T06:24:50","slug":"karantin-rejimi-uzadilsa-baki-metrosu-acilacaq-r%c9%99smi-cavab","status":"publish","type":"post","link":"https:\/\/arantv.az\/?p=192543","title":{"rendered":"Karantin rejimi uzad\u0131lsa, Bak\u0131 metrosu a\u00e7\u0131lacaq? &#8211; R\u0259smi cavab"},"content":{"rendered":"<p><strong>Az\u0259rbaycan Prezidentinin k\u00f6m\u0259k\u00e7isi, Nazirl\u0259r Kabineti yan\u0131nda Operativ Q\u0259rargah\u0131n \u00fczv\u00fc \u015eahmar M\u00f6vs\u00fcmov Az\u0259rbaycanda s\u0259rt karantin rejiminin daha 2 h\u0259ft\u0259 uzad\u0131laca\u011f\u0131 il\u0259 ba\u011fl\u0131 m\u00fczakir\u0259l\u0259rin apar\u0131ld\u0131\u011f\u0131n\u0131 a\u00e7\u0131qlay\u0131b.<\/strong><\/p>\n<p>V\u0259t\u0259nda\u015flar\u0131 daha \u00e7ox d\u00fc\u015f\u00fcnd\u00fcr\u0259n is\u0259 s\u0259rt karantin g\u00fcnl\u0259rind\u0259 &#8220;Bak\u0131 Metropoliteni&#8221; QSC-nin f\u0259aliyy\u0259tinin b\u0259rpa olunub-olunmayaca\u011f\u0131d\u0131r.<\/p>\n<p><strong>ARANTV.AZ<\/strong> x\u0259b\u0259r verir ki, m\u0259s\u0259l\u0259 il\u0259 ba\u011fl\u0131 &#8220;Bak\u0131 Metropoliteni&#8221; QSC-nin m\u0259tbuat katibi B\u0259xtiyar M\u0259mm\u0259dov modern.az-\u0131n sor\u011fusuna cavab olaraq bildirib ki, b\u00fct\u00fcn q\u0259rarlar Nazirl\u0259r Kabineti yan\u0131nda Operativ Q\u0259rargah t\u0259r\u0259find\u0259n verilir:<\/p>\n<p>&#8220;Amma Bak\u0131 metrosu s\u0259ri\u015finl\u0259r\u0259 xidm\u0259t \u00fc\u00e7\u00fcn h\u0259r an haz\u0131rd\u0131r. Metropoliten 20 iyul s\u0259h\u0259r saat 6:00-da xidm\u0259t \u00fc\u00e7\u00fcn haz\u0131rd\u0131r. Amma q\u0259rar nec\u0259 olacaq, s\u0259rt karantin rejimi uzad\u0131lacaqm\u0131, detallar nec\u0259 olacaq, metro il\u0259 ba\u011fl\u0131 hans\u0131 q\u0259rar veril\u0259c\u0259k, bu, Nazirl\u0259r Kabineti yan\u0131nda Operativ Q\u0259rargah t\u0259r\u0259find\u0259n elan olunacaq&#8221;.<\/p>\n","protected":false},"excerpt":{"rendered":"<p>Az\u0259rbaycan Prezidentinin k\u00f6m\u0259k\u00e7isi, Nazirl\u0259r Kabineti yan\u0131nda Operativ Q\u0259rargah\u0131n \u00fczv\u00fc \u015eahmar M\u00f6vs\u00fcmov Az\u0259rbaycanda s\u0259rt karantin rejiminin daha 2 h\u0259ft\u0259 uzad\u0131laca\u011f\u0131 il\u0259 ba\u011fl\u0131 m\u00fczakir\u0259l\u0259rin apar\u0131ld\u0131\u011f\u0131n\u0131 a\u00e7\u0131qlay\u0131b. V\u0259t\u0259nda\u015flar\u0131 daha \u00e7ox d\u00fc\u015f\u00fcnd\u00fcr\u0259n is\u0259 s\u0259rt karantin g\u00fcnl\u0259rind\u0259 &#8220;Bak\u0131 Metropoliteni&#8221; QSC-nin f\u0259aliyy\u0259tinin b\u0259rpa olunub-olunmayaca\u011f\u0131d\u0131r. ARANTV.AZ x\u0259b\u0259r verir ki, m\u0259s\u0259l\u0259 il\u0259 ba\u011fl\u0131 &#8220;Bak\u0131 Metropoliteni&#8221; QSC-nin m\u0259tbuat katibi B\u0259xtiyar M\u0259mm\u0259dov modern.az-\u0131n sor\u011fusuna cavab olaraq bildirib ki, b\u00fct\u00fcn q\u0259rarlar Nazirl\u0259r Kabineti yan\u0131nda Operativ Q\u0259rargah t\u0259r\u0259find\u0259n verilir: &#8220;Amma Bak\u0131 metrosu s\u0259ri\u015finl\u0259r\u0259 xidm\u0259t \u00fc\u00e7\u00fcn h\u0259r an haz\u0131rd\u0131r. Metropoliten 20 iyul s\u0259h\u0259r saat 6:00-da xidm\u0259t \u00fc\u00e7\u00fcn haz\u0131rd\u0131r. Amma q\u0259rar nec\u0259 olacaq, s\u0259rt&hellip;<\/p>\n","protected":false},"author":2,"featured_media":192544,"comment_status":"closed","ping_status":"closed","sticky":false,"template":"","format":"standard","meta":{"om_disable_all_campaigns":false,"_monsterinsights_skip_tracking":false,"_monsterinsights_sitenote_active":false,"_monsterinsights_sitenote_note":"","_monsterinsights_sitenote_category":0},"categories":[26],"tags":[],"aioseo_notices":[],"gutentor_comment":0,"rttpg_featured_image_url":{"full":["https:\/\/arantv.az\/wp-content\/uploads\/2020\/07\/866180.jpg",800,600,false],"landscape":["https:\/\/arantv.az\/wp-content\/uploads\/2020\/07\/866180.jpg",800,600,false],"portraits":["https:\/\/arantv.az\/wp-content\/uploads\/2020\/07\/866180.jpg",800,600,false],"thumbnail":["https:\/\/arantv.az\/wp-content\/uploads\/2020\/07\/866180-150x150.jpg",150,150,true],"medium":["https:\/\/arantv.az\/wp-content\/uploads\/2020\/07\/866180-300x225.jpg",300,225,true],"large":["https:\/\/arantv.az\/wp-content\/uploads\/2020\/07\/866180.jpg",640,480,false],"1536x1536":["https:\/\/arantv.az\/wp-content\/uploads\/2020\/07\/866180.jpg",800,600,false],"2048x2048":["https:\/\/arantv.az\/wp-content\/uploads\/2020\/07\/866180.jpg",800,600,false],"post-thumbnail":["https:\/\/arantv.az\/wp-content\/uploads\/2020\/07\/866180-240x172.jpg",240,172,true],"advps-thumb-one":["https:\/\/arantv.az\/wp-content\/uploads\/2020\/07\/866180.jpg",800,600,false]},"rttpg_author":{"display_name":"V\u00fcsal Rafiqo\u011flu","author_link":"https:\/\/arantv.az\/?author=2"},"rttpg_comment":0,"rttpg_category":"<a href=\"https:\/\/arantv.az\/?cat=26\" rel=\"category\">Sosial<\/a>","rttpg_excerpt":"Az\u0259rbaycan Prezidentinin k\u00f6m\u0259k\u00e7isi, Nazirl\u0259r Kabineti yan\u0131nda Operativ Q\u0259rargah\u0131n \u00fczv\u00fc \u015eahmar M\u00f6vs\u00fcmov Az\u0259rbaycanda s\u0259rt karantin rejiminin daha 2 h\u0259ft\u0259 uzad\u0131laca\u011f\u0131 il\u0259 ba\u011fl\u0131 m\u00fczakir\u0259l\u0259rin apar\u0131ld\u0131\u011f\u0131n\u0131 a\u00e7\u0131qlay\u0131b. V\u0259t\u0259nda\u015flar\u0131 daha \u00e7ox d\u00fc\u015f\u00fcnd\u00fcr\u0259n is\u0259 s\u0259rt karantin g\u00fcnl\u0259rind\u0259 &#8220;Bak\u0131 Metropoliteni&#8221; QSC-nin f\u0259aliyy\u0259tinin b\u0259rpa olunub-olunmayaca\u011f\u0131d\u0131r. ARANTV.AZ x\u0259b\u0259r verir ki, m\u0259s\u0259l\u0259 il\u0259 ba\u011fl\u0131 &#8220;Bak\u0131 Metropoliteni&#8221; QSC-nin m\u0259tbuat katibi B\u0259xtiyar M\u0259mm\u0259dov modern.az-\u0131n sor\u011fusuna cavab&hellip;","_links":{"self":[{"href":"https:\/\/arantv.az\/index.php?rest_route=\/wp\/v2\/posts\/192543"}],"collection":[{"href":"https:\/\/arantv.az\/index.php?rest_route=\/wp\/v2\/posts"}],"about":[{"href":"https:\/\/arantv.az\/index.php?rest_route=\/wp\/v2\/types\/post"}],"author":[{"embeddable":true,"href":"https:\/\/arantv.az\/index.php?rest_route=\/wp\/v2\/users\/2"}],"replies":[{"embeddable":true,"href":"https:\/\/arantv.az\/index.php?rest_route=%2Fwp%2Fv2%2Fcomments&post=192543"}],"version-history":[{"count":0,"href":"https:\/\/arantv.az\/index.php?rest_route=\/wp\/v2\/posts\/192543\/revisions"}],"wp:featuredmedia":[{"embeddable":true,"href":"https:\/\/arantv.az\/index.php?rest_route=\/wp\/v2\/media\/192544"}],"wp:attachment":[{"href":"https:\/\/arantv.az\/index.php?rest_route=%2Fwp%2Fv2%2Fmedia&parent=192543"}],"wp:term":[{"taxonomy":"category","embeddable":true,"href":"https:\/\/arantv.az\/index.php?rest_route=%2Fwp%2Fv2%2Fcategories&post=192543"},{"taxonomy":"post_tag","embeddable":true,"href":"https:\/\/arantv.az\/index.php?rest_route=%2Fwp%2Fv2%2Ftags&post=192543"}],"curies":[{"name":"wp","href":"https:\/\/api.w.org\/{rel}","templated":true}]}}